{"id":636967,"date":"2024-10-15T00:06:20","date_gmt":"2024-10-15T06:06:20","guid":{"rendered":"https:\/\/www.diarioimagen.net\/?p=636967"},"modified":"2024-10-15T02:55:20","modified_gmt":"2024-10-15T08:55:20","slug":"convoca-delfina-gomez-alvarez-a-la-tercera-audiencia-ciudadana","status":"publish","type":"post","link":"https:\/\/www.diarioimagen.net\/?p=636967","title":{"rendered":"Convoca Delfina G\u00f3mez \u00c1lvarez a la Tercera Audiencia\u00a0Ciudadana"},"content":{"rendered":"<p>&nbsp;<\/p>\n<h2 style=\"text-align: center;\">Administraci\u00f3n de puertas abiertas<\/h2>\n<p>&nbsp;<\/p>\n<ul>\n<li><strong><em>Se realizar\u00e1 este martes 15 de octubre en el Palacio de Gobierno, en Toluca<\/em><\/strong><\/li>\n<\/ul>\n<p>&nbsp;<\/p>\n<div id=\"attachment_637085\" style=\"width: 470px\" class=\"wp-caption aligncenter\"><a href=\"https:\/\/www.diarioimagen.net\/?attachment_id=637085\" rel=\"attachment wp-att-637085\"><img loading=\"lazy\" decoding=\"async\" aria-describedby=\"caption-attachment-637085\" class=\"size-full wp-image-637085\" src=\"https:\/\/www.diarioimagen.net\/wp-content\/uploads\/2024\/10\/convoca-delfina-gomez.jpg\" alt=\"\" width=\"460\" height=\"270\" srcset=\"https:\/\/www.diarioimagen.net\/wp-content\/uploads\/2024\/10\/convoca-delfina-gomez.jpg 460w, https:\/\/www.diarioimagen.net\/wp-content\/uploads\/2024\/10\/convoca-delfina-gomez-240x141.jpg 240w\" sizes=\"auto, (max-width: 460px) 100vw, 460px\" \/><\/a><p id=\"caption-attachment-637085\" class=\"wp-caption-text\">La gobernadora Delfina G\u00f3mez \u00c1lvarez invita a las y los mexiquenses a asistir este martes 15 de octubre a la Tercera Audiencia Ciudadana que se realizar\u00e1 en el Palacio de Gobierno, en Toluca.<\/p><\/div>\n<p>&nbsp;<\/p>\n<p><strong>Toluca, Estado de M\u00e9xico.\u2014 <\/strong>Con un gobierno de puertas abiertas, del pueblo y para el pueblo, la Gobernadora del Estado de M\u00e9xico, Delfina G\u00f3mez \u00c1lvarez invita a las y los mexiquenses a asistir este martes 15 de octubre a la Tercera Audiencia Ciudadana que se realizar\u00e1 en el Palacio de Gobierno, en Toluca.<\/p>\n<p>\u201c\u00a1Nos vemos en la Tercera #AudienciaCiudadana! Martes 15 de octubre, Palacio de Gobierno, Toluca, Estado de M\u00e9xico. Reg\u00edstrate en: <em>https:\/\/edomex.gob.mx<\/em> o al 800-696-9696, \u00a1Somos un Gobierno del Pueblo y para el Pueblo! #ElPoderDeServir\u201d, comparti\u00f3 la Gobernadora Delfina G\u00f3mez \u00c1lvarez en sus redes sociales.<\/p>\n<p>Como parte de este innovador ejercicio las y los asistentes podr\u00e1n entregar de manera directa a la Gobernadora Delfina G\u00f3mez \u00c1lvarez y a las y los integrantes del Gabinete estatal, peticiones, proyectos y propuestas que facilitan el trabajo conjunto entre sociedad y autoridades para dar soluci\u00f3n a las necesidades del pueblo mexiquense.<\/p>\n<p>En las dos ediciones anteriores de la Audiencia Ciudadana se han atendido a m\u00e1s de 2 mil personas en jornadas de m\u00e1s de 11 horas cada una.<\/p>\n","protected":false},"excerpt":{"rendered":"<p>Con un gobierno de puertas abiertas, del pueblo y para el pueblo, la Gobernadora del Estado de M\u00e9xico, Delfina G\u00f3mez \u00c1lvarez invita a las y los mexiquenses a asistir este martes 15 de octubre a la Tercera Audiencia Ciudadana que se realizar\u00e1 en el Palacio de Gobierno, en Toluca.<\/p>\n","protected":false},"author":3,"featured_media":637085,"comment_status":"open","ping_status":"open","sticky":false,"template":"","format":"standard","meta":{"_monsterinsights_skip_tracking":false,"_monsterinsights_sitenote_active":false,"_monsterinsights_sitenote_note":"","_monsterinsights_sitenote_category":0,"footnotes":""},"categories":[5,99730],"tags":[101019,57859,43675,452],"class_list":["post-636967","post","type-post","status-publish","format-standard","has-post-thumbnail","hentry","category-estado-de-mexico","category-edomex","tag-audiencia-ciudadana","tag-delfina-gomez-alvarez","tag-estado-de-mexico","tag-toluca"],"_links":{"self":[{"href":"https:\/\/www.diarioimagen.net\/index.php?rest_route=\/wp\/v2\/posts\/636967","targetHints":{"allow":["GET"]}}],"collection":[{"href":"https:\/\/www.diarioimagen.net\/index.php?rest_route=\/wp\/v2\/posts"}],"about":[{"href":"https:\/\/www.diarioimagen.net\/index.php?rest_route=\/wp\/v2\/types\/post"}],"author":[{"embeddable":true,"href":"https:\/\/www.diarioimagen.net\/index.php?rest_route=\/wp\/v2\/users\/3"}],"replies":[{"embeddable":true,"href":"https:\/\/www.diarioimagen.net\/index.php?rest_route=%2Fwp%2Fv2%2Fcomments&post=636967"}],"version-history":[{"count":0,"href":"https:\/\/www.diarioimagen.net\/index.php?rest_route=\/wp\/v2\/posts\/636967\/revisions"}],"wp:featuredmedia":[{"embeddable":true,"href":"https:\/\/www.diarioimagen.net\/index.php?rest_route=\/wp\/v2\/media\/637085"}],"wp:attachment":[{"href":"https:\/\/www.diarioimagen.net\/index.php?rest_route=%2Fwp%2Fv2%2Fmedia&parent=636967"}],"wp:term":[{"taxonomy":"category","embeddable":true,"href":"https:\/\/www.diarioimagen.net\/index.php?rest_route=%2Fwp%2Fv2%2Fcategories&post=636967"},{"taxonomy":"post_tag","embeddable":true,"href":"https:\/\/www.diarioimagen.net\/index.php?rest_route=%2Fwp%2Fv2%2Ftags&post=636967"}],"curies":[{"name":"wp","href":"https:\/\/api.w.org\/{rel}","templated":true}]}}