{"id":636969,"date":"2024-10-15T00:05:35","date_gmt":"2024-10-15T06:05:35","guid":{"rendered":"https:\/\/www.diarioimagen.net\/?p=636969"},"modified":"2024-10-15T02:53:14","modified_gmt":"2024-10-15T08:53:14","slug":"llega-la-caravana-por-el-bienestar-animal-a-toluca","status":"publish","type":"post","link":"https:\/\/www.diarioimagen.net\/?p=636969","title":{"rendered":"Llega la Caravana por el Bienestar\u00a0Animal\u00a0a\u00a0Toluca"},"content":{"rendered":"<p>&nbsp;<\/p>\n<ul>\n<li><em><strong>Servicios y atenci\u00f3n m\u00e9dica gratuita para mascotas<\/strong><\/em><\/li>\n<\/ul>\n<p><strong>\u00a0<\/strong><\/p>\n<div id=\"attachment_637092\" style=\"width: 470px\" class=\"wp-caption aligncenter\"><a href=\"https:\/\/www.diarioimagen.net\/?attachment_id=637092\" rel=\"attachment wp-att-637092\"><img loading=\"lazy\" decoding=\"async\" aria-describedby=\"caption-attachment-637092\" class=\"size-full wp-image-637092\" src=\"https:\/\/www.diarioimagen.net\/wp-content\/uploads\/2024\/10\/llega-caravana-bienestar.jpg\" alt=\"\" width=\"460\" height=\"270\" srcset=\"https:\/\/www.diarioimagen.net\/wp-content\/uploads\/2024\/10\/llega-caravana-bienestar.jpg 460w, https:\/\/www.diarioimagen.net\/wp-content\/uploads\/2024\/10\/llega-caravana-bienestar-240x141.jpg 240w\" sizes=\"auto, (max-width: 460px) 100vw, 460px\" \/><\/a><p id=\"caption-attachment-637092\" class=\"wp-caption-text\">El gobierno de Delfina G\u00f3mez \u00c1lvarez ofrece servicios para los seres sintientes como: esterilizaci\u00f3n, desparasitaci\u00f3n, adopci\u00f3n y asesor\u00eda para la tenencia responsable de los animales de compa\u00f1\u00eda.<\/p><\/div>\n<p>&nbsp;<\/p>\n<p><strong>Toluca, Estado de M\u00e9xico.\u2014<\/strong> Decenas de familias y sus mascotas se dieron cita este domingo 13 de octubre en la Caravana por el Bienestar Animal, que se realiz\u00f3 en la capital mexiquense, acci\u00f3n que promueve el Gobierno de la maestra Delfina G\u00f3mez \u00c1lvarez, para acercar servicios gratuitos de esterilizaci\u00f3n, desparasitaci\u00f3n y atenci\u00f3n m\u00e9dica a animales de compa\u00f1\u00eda.<\/p>\n<p>\u201cPara m\u00ed es un honor y una felicidad muy grande poder convocar a este tipo de eventos. Es importante saber que estos peque\u00f1os, nuestros animales de compa\u00f1\u00eda, realmente necesitan de estas voluntades, de esta junta de voluntades.\u00a0 Yo creo que nosotros, como sociedad, Gobierno, empresarios, trabajando todos en conjunto, podemos lograr un cambio en el bienestar animal\u201d, se\u00f1al\u00f3 Alma Diana Tapia Maya, Directora General de la Comisi\u00f3n Estatal de Parques Naturales y de la Fauna (Cepanaf).<\/p>\n<p>Esta actividad fue organizada por la Cepanaf y el Ayuntamiento de Toluca, a trav\u00e9s del Instituto Municipal de Cultura F\u00edsica y Deporte de Toluca (IMCUFIDET), siendo \u00e9ste un municipio comprometido con la causa de bienestar animal.<\/p>\n<p>\u201cYo estoy muy complacido de tener una Gobernadora sensible, humana, muy preocupada por los animales, a m\u00ed me consta; he podido compartir de la mano de ella varias actividades; estuvimos tambi\u00e9n en otro gran evento como este, habr\u00e1 sido hace unos tres meses,\u201d refiri\u00f3 el alcalde Juan Maccice Naime.<\/p>\n<p>Las Jornadas de Bienestar Animal se constituyen como una iniciativa promovida por el Gobierno del Estado de M\u00e9xico, a trav\u00e9s de la Secretar\u00eda de Medio Ambiente y Desarrollo Sostenible y la Cepanaf, para fomentar una cultura de respeto y consideraci\u00f3n hacia la fauna urbana.<\/p>\n<p>Se llevan a cabo mediante un esfuerzo colaborativo que involucra a diversos actores sociales e institucionales y en el que establecen sinergias con instancias privadas, acad\u00e9micas y sociales por el compromiso com\u00fan de mejorar las condiciones de vida de la fauna urbana.<\/p>\n<p>A este evento se sum\u00f3 el apoyo de organizaciones civiles y empresas, como Ford S\u00e1nchez Automotriz, para promover acciones de bienestar para los que no tienen voz.<\/p>\n<p>Las autoridades asistentes al evento realizaron un recorrido por los pabellones que conforman la Caravana, tanto de vacunaci\u00f3n, esterilizaci\u00f3n, desparasitaci\u00f3n, adopci\u00f3n, circuitos de agilidad canina, entre otros.<\/p>\n","protected":false},"excerpt":{"rendered":"<p>Decenas de familias y sus mascotas se dieron cita este domingo 13 de octubre en la Caravana por el Bienestar Animal, que se realiz\u00f3 en la capital mexiquense, acci\u00f3n que promueve el Gobierno de la maestra Delfina G\u00f3mez \u00c1lvarez, para acercar servicios gratuitos de esterilizaci\u00f3n, desparasitaci\u00f3n y atenci\u00f3n m\u00e9dica a animales de compa\u00f1\u00eda.<\/p>\n","protected":false},"author":3,"featured_media":637092,"comment_status":"open","ping_status":"open","sticky":false,"template":"","format":"standard","meta":{"_monsterinsights_skip_tracking":false,"_monsterinsights_sitenote_active":false,"_monsterinsights_sitenote_note":"","_monsterinsights_sitenote_category":0,"footnotes":""},"categories":[5,99730],"tags":[87387,38068,69572],"class_list":["post-636969","post","type-post","status-publish","format-standard","has-post-thumbnail","hentry","category-estado-de-mexico","category-edomex","tag-animal","tag-bienestar","tag-caravana"],"_links":{"self":[{"href":"https:\/\/www.diarioimagen.net\/index.php?rest_route=\/wp\/v2\/posts\/636969","targetHints":{"allow":["GET"]}}],"collection":[{"href":"https:\/\/www.diarioimagen.net\/index.php?rest_route=\/wp\/v2\/posts"}],"about":[{"href":"https:\/\/www.diarioimagen.net\/index.php?rest_route=\/wp\/v2\/types\/post"}],"author":[{"embeddable":true,"href":"https:\/\/www.diarioimagen.net\/index.php?rest_route=\/wp\/v2\/users\/3"}],"replies":[{"embeddable":true,"href":"https:\/\/www.diarioimagen.net\/index.php?rest_route=%2Fwp%2Fv2%2Fcomments&post=636969"}],"version-history":[{"count":0,"href":"https:\/\/www.diarioimagen.net\/index.php?rest_route=\/wp\/v2\/posts\/636969\/revisions"}],"wp:featuredmedia":[{"embeddable":true,"href":"https:\/\/www.diarioimagen.net\/index.php?rest_route=\/wp\/v2\/media\/637092"}],"wp:attachment":[{"href":"https:\/\/www.diarioimagen.net\/index.php?rest_route=%2Fwp%2Fv2%2Fmedia&parent=636969"}],"wp:term":[{"taxonomy":"category","embeddable":true,"href":"https:\/\/www.diarioimagen.net\/index.php?rest_route=%2Fwp%2Fv2%2Fcategories&post=636969"},{"taxonomy":"post_tag","embeddable":true,"href":"https:\/\/www.diarioimagen.net\/index.php?rest_route=%2Fwp%2Fv2%2Ftags&post=636969"}],"curies":[{"name":"wp","href":"https:\/\/api.w.org\/{rel}","templated":true}]}}