{"id":636971,"date":"2024-10-15T00:01:39","date_gmt":"2024-10-15T06:01:39","guid":{"rendered":"https:\/\/www.diarioimagen.net\/?p=636971"},"modified":"2024-10-15T23:37:53","modified_gmt":"2024-10-16T05:37:53","slug":"sera-jenaro-martinez-reyes-nuevo-dirigente-del-sindicato-de-maestros-del-edomex","status":"publish","type":"post","link":"https:\/\/www.diarioimagen.net\/?p=636971","title":{"rendered":"Ser\u00e1 Jenaro Mart\u00ednez Reyes nuevo dirigente del Sindicato de Maestros del\u00a0Edomex"},"content":{"rendered":"<p>&nbsp;<\/p>\n<ul>\n<li><em><strong>A partir del 30 de octubre<\/strong><\/em><\/li>\n<\/ul>\n<p><strong>\u00a0<\/strong><\/p>\n<h6>Arturo Baena<\/h6>\n<p>&nbsp;<\/p>\n<div id=\"attachment_637083\" style=\"width: 470px\" class=\"wp-caption aligncenter\"><a href=\"https:\/\/www.diarioimagen.net\/?attachment_id=637083\" rel=\"attachment wp-att-637083\"><img loading=\"lazy\" decoding=\"async\" aria-describedby=\"caption-attachment-637083\" class=\"size-full wp-image-637083\" src=\"https:\/\/www.diarioimagen.net\/wp-content\/uploads\/2024\/10\/sera-jenaro-martinez.jpg\" alt=\"\" width=\"460\" height=\"270\" srcset=\"https:\/\/www.diarioimagen.net\/wp-content\/uploads\/2024\/10\/sera-jenaro-martinez.jpg 460w, https:\/\/www.diarioimagen.net\/wp-content\/uploads\/2024\/10\/sera-jenaro-martinez-240x141.jpg 240w\" sizes=\"auto, (max-width: 460px) 100vw, 460px\" \/><\/a><p id=\"caption-attachment-637083\" class=\"wp-caption-text\">Jenaro Mart\u00ednez Reyes fue elegido como el pr\u00f3ximo secretario general del Sindicato de Maestros al Servicio del Estado de M\u00e9xico (SMSEM) para el periodo 2024-2027.<\/p><\/div>\n<p>&nbsp;<\/p>\n<p><strong>Valle de M\u00e9xico.\u2014<\/strong> Maestros mexiquenses de Naucalpan, Atizap\u00e1n, Tlalnepantla, Izcalli, entre otros municipios, festejaron el triunfo en las urnas de Jenaro Mart\u00ednez Reyes, qui\u00e9n fue elegido como el pr\u00f3ximo secretario general del Sindicato de Maestros al Servicio del Estado de M\u00e9xico (SMSEM) para el periodo 2024-2027.<\/p>\n<p>A unas horas y en espera del pronunciamiento oficial del \u00d3rgano Electoral Independiente (OEI) del SMSEM, el magisterio sali\u00f3 a para dar un voto de confianza al candidato de \u201cCambio Sindical\u201d, dando muestra de participaci\u00f3n activa y el compromiso del gremio docente mexiquense.<\/p>\n<p>\u201cEn esta elecci\u00f3n, mis compa\u00f1eros maestros han sido ejemplo de respeto y civilidad. Hoy es un d\u00eda hist\u00f3rico para el SMSEM\u201d, destac\u00f3 Jenaro Mart\u00ednez, agradeciendo adem\u00e1s la confianza depositada en su equipo de hombres y mujeres comprometidos a trabajar con dedicaci\u00f3n y esfuerzo durante los pr\u00f3ximos tres a\u00f1os.<\/p>\n<p>El candidato de \u201cCambio Sindical\u201d acudi\u00f3 a ejercer su derecho al voto en la casilla especial ubicada en el Centro de Educaci\u00f3n para J\u00f3venes y Adultos QFB\u00a0 \u201cYolanda Sent\u00edes de Ballesteros\u201d, en la colonia Cuauht\u00e9moc, Toluca, mientras que el resto de los integrantes de la planilla lo hicieron en sus respectivas regiones sindicales.<\/p>\n<p>La planilla encabezada por Jenaro Mart\u00ednez se encuentra a la espera de que el \u00d3rgano Electoral Independiente convoque a recibir la constancia de mayor\u00eda, la cual lo acreditar\u00e1 como secretario general electo.<\/p>\n<p>La toma de protesta de la nueva dirigencia se llevar\u00e1 a cabo durante el pr\u00f3ximo XXV Consejo Estatal Ordinario del SMSEM, el cual se celebrar\u00e1 el 30 de octubre, seg\u00fan la convocatoria emitida por la dirigencia 2021-2024.<\/p>\n","protected":false},"excerpt":{"rendered":"<p>Maestros mexiquenses de Naucalpan, Atizap\u00e1n, Tlalnepantla, Izcalli, entre otros municipios, festejaron el triunfo en las urnas de Jenaro Mart\u00ednez Reyes, qui\u00e9n fue elegido como el pr\u00f3ximo secretario general del Sindicato de Maestros al Servicio del Estado de M\u00e9xico (SMSEM) para el periodo 2024-2027.<\/p>\n","protected":false},"author":3,"featured_media":637083,"comment_status":"open","ping_status":"open","sticky":false,"template":"","format":"standard","meta":{"_monsterinsights_skip_tracking":false,"_monsterinsights_sitenote_active":false,"_monsterinsights_sitenote_note":"","_monsterinsights_sitenote_category":0,"footnotes":""},"categories":[5],"tags":[66569,100965,657],"class_list":["post-636971","post","type-post","status-publish","format-standard","has-post-thumbnail","hentry","category-estado-de-mexico","tag-dirigente","tag-jenaro-martinez-reyes","tag-smsem"],"_links":{"self":[{"href":"https:\/\/www.diarioimagen.net\/index.php?rest_route=\/wp\/v2\/posts\/636971","targetHints":{"allow":["GET"]}}],"collection":[{"href":"https:\/\/www.diarioimagen.net\/index.php?rest_route=\/wp\/v2\/posts"}],"about":[{"href":"https:\/\/www.diarioimagen.net\/index.php?rest_route=\/wp\/v2\/types\/post"}],"author":[{"embeddable":true,"href":"https:\/\/www.diarioimagen.net\/index.php?rest_route=\/wp\/v2\/users\/3"}],"replies":[{"embeddable":true,"href":"https:\/\/www.diarioimagen.net\/index.php?rest_route=%2Fwp%2Fv2%2Fcomments&post=636971"}],"version-history":[{"count":0,"href":"https:\/\/www.diarioimagen.net\/index.php?rest_route=\/wp\/v2\/posts\/636971\/revisions"}],"wp:featuredmedia":[{"embeddable":true,"href":"https:\/\/www.diarioimagen.net\/index.php?rest_route=\/wp\/v2\/media\/637083"}],"wp:attachment":[{"href":"https:\/\/www.diarioimagen.net\/index.php?rest_route=%2Fwp%2Fv2%2Fmedia&parent=636971"}],"wp:term":[{"taxonomy":"category","embeddable":true,"href":"https:\/\/www.diarioimagen.net\/index.php?rest_route=%2Fwp%2Fv2%2Fcategories&post=636971"},{"taxonomy":"post_tag","embeddable":true,"href":"https:\/\/www.diarioimagen.net\/index.php?rest_route=%2Fwp%2Fv2%2Ftags&post=636971"}],"curies":[{"name":"wp","href":"https:\/\/api.w.org\/{rel}","templated":true}]}}