{"id":636973,"date":"2024-10-15T00:03:32","date_gmt":"2024-10-15T06:03:32","guid":{"rendered":"https:\/\/www.diarioimagen.net\/?p=636973"},"modified":"2024-10-15T02:41:05","modified_gmt":"2024-10-15T08:41:05","slug":"especialistas-de-unam-investigan-estruendos-en-colonias-de-naucalpan","status":"publish","type":"post","link":"https:\/\/www.diarioimagen.net\/?p=636973","title":{"rendered":"Especialistas de UNAM investigan estruendos en colonias de Naucalpan"},"content":{"rendered":"<p>&nbsp;<\/p>\n<ul>\n<li><em><strong>Apoyan la FES Acatl\u00e1n y Protecci\u00f3n Civil<\/strong><\/em><\/li>\n<\/ul>\n<p>&nbsp;<\/p>\n<div id=\"attachment_637079\" style=\"width: 470px\" class=\"wp-caption aligncenter\"><a href=\"https:\/\/www.diarioimagen.net\/?attachment_id=637079\" rel=\"attachment wp-att-637079\"><img loading=\"lazy\" decoding=\"async\" aria-describedby=\"caption-attachment-637079\" class=\"size-full wp-image-637079\" src=\"https:\/\/www.diarioimagen.net\/wp-content\/uploads\/2024\/10\/especialistas-de-unam.jpg\" alt=\"\" width=\"460\" height=\"270\" srcset=\"https:\/\/www.diarioimagen.net\/wp-content\/uploads\/2024\/10\/especialistas-de-unam.jpg 460w, https:\/\/www.diarioimagen.net\/wp-content\/uploads\/2024\/10\/especialistas-de-unam-240x141.jpg 240w\" sizes=\"auto, (max-width: 460px) 100vw, 460px\" \/><\/a><p id=\"caption-attachment-637079\" class=\"wp-caption-text\">Especialistas de la UNAM recorrieron la colonia Praderas de San Mateo, con acad\u00e9micos de la FES Acatl\u00e1n y personal de Protecci\u00f3n Civil, para identificar causas de estruendos.<\/p><\/div>\n<p>&nbsp;<\/p>\n<p><strong>Naucalpan, Estado de M\u00e9xico.\u2014<\/strong> Especialistas de los Institutos de Geof\u00edsica y Geolog\u00eda de la UNAM realizaron un recorrido en la colonia Praderas de San Mateo, con acad\u00e9micos de la FES Acatl\u00e1n y personal de Protecci\u00f3n Civil municipal y estatal, como parte de los trabajos que se efect\u00faan para identificar las causas de los estruendos registrados en esta comunidad.<\/p>\n<p>A nombre de la presidenta municipal de Naucalpan, Ang\u00e9lica Moya Mar\u00edn, el coordinador municipal de Protecci\u00f3n Civil y Bomberos, Mois\u00e9s Minquini Matilde, agradeci\u00f3 a los especialistas de la UNAM su incorporaci\u00f3n a los trabajos de campo para llevar a cabo esta investigaci\u00f3n multidisciplinaria e interinstitucional.<\/p>\n<p>Ricardo Garc\u00eda Valdivia, coordinador del Programa de Ingenier\u00eda Civil de la FES Acatl\u00e1n, inform\u00f3 que \u201ceste trabajo en conjunto con otros institutos y \u00e1reas, es algo bastante serio y as\u00ed como tal pedimos que se nos d\u00e9 seriedad en los trabajos, pero tambi\u00e9n que se nos den los tiempos. No se trata de recetas m\u00e1gicas, son una serie de estudios y momentos que llevan un tiempo\u201d.<\/p>\n<p>Giovanni Sosa Ceballos, secretario acad\u00e9mico del Instituto de Geof\u00edsica, pidi\u00f3 a los colonos creer en la UNAM y en los gobiernos de Naucalpan y estatal, adem\u00e1s de que calific\u00f3 de loable que las autoridades locales volteen a ver a la instituci\u00f3n para tratar de solucionar asuntos complejos.<\/p>\n<p>Juan Carlos Cruz Ocampo, coordinador de Vinculaci\u00f3n del Instituto de Geolog\u00eda, afirm\u00f3 que est\u00e1n en la mejor disposici\u00f3n de colaborar y agradeci\u00f3 la invitaci\u00f3n para sumarse al proyecto, porque \u201cla UNAM es sensible a todos estos aspectos en convocatorias que tengan que ver con afectaci\u00f3n de la poblaci\u00f3n y con poner en riesgo sobre todo la vida y el patrimonio\u201d, dijo.<\/p>\n","protected":false},"excerpt":{"rendered":"<p>Especialistas de los Institutos de Geof\u00edsica y Geolog\u00eda de la UNAM realizaron un recorrido en la colonia Praderas de San Mateo, con acad\u00e9micos de la FES Acatl\u00e1n y personal de Protecci\u00f3n Civil municipal y estatal, como parte de los trabajos que se efect\u00faan para identificar las causas de los estruendos registrados en esta comunidad.<\/p>\n","protected":false},"author":3,"featured_media":637079,"comment_status":"open","ping_status":"open","sticky":false,"template":"","format":"standard","meta":{"_monsterinsights_skip_tracking":false,"_monsterinsights_sitenote_active":false,"_monsterinsights_sitenote_note":"","_monsterinsights_sitenote_category":0,"footnotes":""},"categories":[5],"tags":[970,570],"class_list":["post-636973","post","type-post","status-publish","format-standard","has-post-thumbnail","hentry","category-estado-de-mexico","tag-naucalpan","tag-unam"],"_links":{"self":[{"href":"https:\/\/www.diarioimagen.net\/index.php?rest_route=\/wp\/v2\/posts\/636973","targetHints":{"allow":["GET"]}}],"collection":[{"href":"https:\/\/www.diarioimagen.net\/index.php?rest_route=\/wp\/v2\/posts"}],"about":[{"href":"https:\/\/www.diarioimagen.net\/index.php?rest_route=\/wp\/v2\/types\/post"}],"author":[{"embeddable":true,"href":"https:\/\/www.diarioimagen.net\/index.php?rest_route=\/wp\/v2\/users\/3"}],"replies":[{"embeddable":true,"href":"https:\/\/www.diarioimagen.net\/index.php?rest_route=%2Fwp%2Fv2%2Fcomments&post=636973"}],"version-history":[{"count":0,"href":"https:\/\/www.diarioimagen.net\/index.php?rest_route=\/wp\/v2\/posts\/636973\/revisions"}],"wp:featuredmedia":[{"embeddable":true,"href":"https:\/\/www.diarioimagen.net\/index.php?rest_route=\/wp\/v2\/media\/637079"}],"wp:attachment":[{"href":"https:\/\/www.diarioimagen.net\/index.php?rest_route=%2Fwp%2Fv2%2Fmedia&parent=636973"}],"wp:term":[{"taxonomy":"category","embeddable":true,"href":"https:\/\/www.diarioimagen.net\/index.php?rest_route=%2Fwp%2Fv2%2Fcategories&post=636973"},{"taxonomy":"post_tag","embeddable":true,"href":"https:\/\/www.diarioimagen.net\/index.php?rest_route=%2Fwp%2Fv2%2Ftags&post=636973"}],"curies":[{"name":"wp","href":"https:\/\/api.w.org\/{rel}","templated":true}]}}