{"id":636977,"date":"2024-10-15T00:04:52","date_gmt":"2024-10-15T06:04:52","guid":{"rendered":"https:\/\/www.diarioimagen.net\/?p=636977"},"modified":"2024-10-15T02:54:55","modified_gmt":"2024-10-15T08:54:55","slug":"solicitara-el-ieem-mayor-presupuesto-para-2025","status":"publish","type":"post","link":"https:\/\/www.diarioimagen.net\/?p=636977","title":{"rendered":"Solicitar\u00e1 el IEEM mayor presupuesto para\u00a02025"},"content":{"rendered":"<p>&nbsp;<\/p>\n<p><a href=\"https:\/\/www.diarioimagen.net\/?attachment_id=637081\" rel=\"attachment wp-att-637081\"><img loading=\"lazy\" decoding=\"async\" class=\"aligncenter size-full wp-image-637081\" src=\"https:\/\/www.diarioimagen.net\/wp-content\/uploads\/2024\/10\/solicitara-ieem.jpg\" alt=\"\" width=\"460\" height=\"270\" srcset=\"https:\/\/www.diarioimagen.net\/wp-content\/uploads\/2024\/10\/solicitara-ieem.jpg 460w, https:\/\/www.diarioimagen.net\/wp-content\/uploads\/2024\/10\/solicitara-ieem-240x141.jpg 240w\" sizes=\"auto, (max-width: 460px) 100vw, 460px\" \/><\/a><\/p>\n<p>&nbsp;<\/p>\n<p><strong>Toluca, Estado de M\u00e9xico.\u2014 <\/strong>Durante la 28\u00aa Sesi\u00f3n Extraordinaria del Consejo General, la Consejera Presidenta del Instituto Electoral del Estado de M\u00e9xico (IEEM), Amalia Pulido G\u00f3mez, inform\u00f3 que para 2025 se solicitar\u00e1n mil 858 millones 842 mil 708 pesos.<\/p>\n<p>El 54% de los recursos ser\u00e1n destinados a las prerrogativas de los partidos pol\u00edticos, las cuales se incrementan cada a\u00f1o con base en lo establecido en la ley, y que para este periodo ascienden a mil siete millones de pesos.<\/p>\n<p>La consejera presidenta a\u00f1adi\u00f3 que aunque no es un a\u00f1o electoral, el IEEM desarrollar\u00e1 y ejecutar\u00e1 proyectos que tienen como prop\u00f3sito la mejora de los procesos, tales como: el dise\u00f1o de un sistema automatizado para el registro de candidaturas; la celebraci\u00f3n de asambleas para la eventual constituci\u00f3n de nuevos partidos; la impartici\u00f3n de cursos para formar cuadros que asuman las vocal\u00edas y se intensificar\u00e1n las actividades de educaci\u00f3n c\u00edvica.<\/p>\n","protected":false},"excerpt":{"rendered":"<p>Durante la 28\u00aa Sesi\u00f3n Extraordinaria del Consejo General, la Consejera Presidenta del Instituto Electoral del Estado de M\u00e9xico (IEEM), Amalia Pulido G\u00f3mez, inform\u00f3 que para 2025 se solicitar\u00e1n mil 858 millones 842 mil 708 pesos.<\/p>\n","protected":false},"author":3,"featured_media":637081,"comment_status":"open","ping_status":"open","sticky":false,"template":"","format":"standard","meta":{"_monsterinsights_skip_tracking":false,"_monsterinsights_sitenote_active":false,"_monsterinsights_sitenote_note":"","_monsterinsights_sitenote_category":0,"footnotes":""},"categories":[5],"tags":[694,6053],"class_list":["post-636977","post","type-post","status-publish","format-standard","has-post-thumbnail","hentry","category-estado-de-mexico","tag-ieem","tag-presupuesto"],"_links":{"self":[{"href":"https:\/\/www.diarioimagen.net\/index.php?rest_route=\/wp\/v2\/posts\/636977","targetHints":{"allow":["GET"]}}],"collection":[{"href":"https:\/\/www.diarioimagen.net\/index.php?rest_route=\/wp\/v2\/posts"}],"about":[{"href":"https:\/\/www.diarioimagen.net\/index.php?rest_route=\/wp\/v2\/types\/post"}],"author":[{"embeddable":true,"href":"https:\/\/www.diarioimagen.net\/index.php?rest_route=\/wp\/v2\/users\/3"}],"replies":[{"embeddable":true,"href":"https:\/\/www.diarioimagen.net\/index.php?rest_route=%2Fwp%2Fv2%2Fcomments&post=636977"}],"version-history":[{"count":0,"href":"https:\/\/www.diarioimagen.net\/index.php?rest_route=\/wp\/v2\/posts\/636977\/revisions"}],"wp:featuredmedia":[{"embeddable":true,"href":"https:\/\/www.diarioimagen.net\/index.php?rest_route=\/wp\/v2\/media\/637081"}],"wp:attachment":[{"href":"https:\/\/www.diarioimagen.net\/index.php?rest_route=%2Fwp%2Fv2%2Fmedia&parent=636977"}],"wp:term":[{"taxonomy":"category","embeddable":true,"href":"https:\/\/www.diarioimagen.net\/index.php?rest_route=%2Fwp%2Fv2%2Fcategories&post=636977"},{"taxonomy":"post_tag","embeddable":true,"href":"https:\/\/www.diarioimagen.net\/index.php?rest_route=%2Fwp%2Fv2%2Ftags&post=636977"}],"curies":[{"name":"wp","href":"https:\/\/api.w.org\/{rel}","templated":true}]}}