{"id":636996,"date":"2024-10-15T00:17:32","date_gmt":"2024-10-15T06:17:32","guid":{"rendered":"https:\/\/www.diarioimagen.net\/?p=636996"},"modified":"2024-10-31T21:39:43","modified_gmt":"2024-11-01T03:39:43","slug":"justicia-por-tombola","status":"publish","type":"post","link":"https:\/\/www.diarioimagen.net\/?p=636996","title":{"rendered":"\u00bfJusticia por t\u00f3mbola?"},"content":{"rendered":"<h2>Caleidoscopio<\/h2>\n<h5>Guillermina G\u00f3mora Ord\u00f3\u00f1ez<\/h5>\n<p>&nbsp;<\/p>\n<blockquote>\n<p style=\"text-align: right;\"><strong><em>\u201cVencer\u00e9is porque ten\u00e9is sobrada fuerza bruta, pero no convencer\u00e9is, porque convencer significa persuadir. Para persuadir necesit\u00e1is algo que os falta: raz\u00f3n y derecho en la lucha\u201d<\/em><\/strong><\/p>\n<p style=\"text-align: right;\"><strong>Miguel de Unamuno<\/strong><\/p>\n<\/blockquote>\n<p>&nbsp;<\/p>\n<p>El segundo piso de la <strong>#4Transformaci\u00f3n<\/strong> coloca al Poder Judicial de la Federaci\u00f3n contra las cuerdas. El <strong>Senado de la Rep\u00fablica<\/strong> defini\u00f3, por sorteo de t\u00f3mbola, 711 plazas de jueces, como primer paso de la reforma al Poder Judicial propuesta por el <strong>ex presidente Andr\u00e9s Manuel L\u00f3pez Obrador. <\/strong>La elecci\u00f3n popular de jueces, magistrados y ministros ser\u00e1 en 2025.<\/p>\n<p>Los legisladores de Morena, PT y PVEM mandaron al sistema de justicia a la t\u00f3mbola, la aplanadora legislativa se comporta igual o peor de lo que por tantos a\u00f1os criticaron. Sumisos al Poder Ejecutivo, el pasado s\u00e1bado ofrecieron un vergonzoso espect\u00e1culo que el senador y <strong>presidente de la Mesa Directiva del Senado, Gerardo Fern\u00e1ndez Noro\u00f1a<\/strong>, calific\u00f3 como una jornada \u201chist\u00f3rica\u201d. \u00a1Aj\u00e1!<\/p>\n<p>No les import\u00f3 la protesta afuera del Sal\u00f3n de Plenos por parte de un grupo de jueces y magistrados que coreaba la consigna: \u201c\u00a1Ex\u00e1menes s\u00ed, t\u00f3mbola no!\u201d. \u201cNo se equivoquen. La justicia, en manos de la suerte, deja mucho que desear\u201d. En efecto, expertos en la materia han advertido que la elecci\u00f3n de todos los jueces, incluidos los ministros de la <strong>Suprema Corte de Justicia de la Naci\u00f3n<\/strong> (<strong>SCJN<\/strong>), por voto popular, socavar\u00e1 la independencia judicial y la democracia mexicana.<\/p>\n<p><strong>Claudia de Buen, ex presidenta de la Barra Mexicana, Colegio de Abogados<\/strong>, ha dicho: \u201cElegir a jueces por voto popular es un retroceso brutal. La justicia no puede ser sometida a una elecci\u00f3n basada en popularidad, especialmente cuando est\u00e1 en juego la vida y el futuro de las personas\u201d.<\/p>\n<p>Sin embargo, a los legisladores de la <strong><em>#4T<\/em><\/strong> no les importan estos argumentos, aplican los mandamientos <em>lopezobradoristas:<\/em>\u00a0 \u201csin mover una coma\u201d a la reforma y a las leyes secundarias y \u201cLealtad ciega\u201d, para cumplir con el plan de concentrar el poder y cobrar viejos agravios a la <strong>Suprema Corte de Justicia de la Naci\u00f3n<\/strong> (<strong>SCJN<\/strong>) y a su presidenta, <strong>Norma Pi\u00f1a<\/strong>, a quienes consideran sus ac\u00e9rrimos enemigos.<\/p>\n<p>As\u00ed lo evidenci\u00f3 <strong>Luis Donaldo Colosio Riojas, senador de Movimiento Ciudadano<\/strong>, al afirmar en debates anteriores: \u201cNunca antes en la historia del pa\u00eds dos poderes se unieron para destruir a otro; para cooptarlo, someterlo. Esta reforma es para quitar privilegios y excesos, s\u00ed, pero tambi\u00e9n es para tomar control del poder que funge como el \u00e1rbitro de M\u00e9xico y por lo mismo hoy queda m\u00e1s que claro el prop\u00f3sito revanchista de esta reforma. Revancha que se busca a partir de la independencia que el poder judicial ha sostenido en contra de los excesos de un poder ejecutivo que claramente quiere una in\u00e9dita concentraci\u00f3n del poder m\u00e1s peligrosa que la que jam\u00e1s se haya visto en la historia democr\u00e1tica de este pa\u00eds, requerimos una reforma que apoye la justicia y no una que privilegie por encima de todo castigar a los jueces. Tener venganza no es hacer justicia\u2026 A esta reforma le falt\u00f3 diagn\u00f3stico y le sobr\u00f3 revancha\u201d.<\/p>\n<p>Los legisladores de la t\u00f3mbola menosprecian el grave problema de la procuraci\u00f3n e impartici\u00f3n de justicia en M\u00e9xico, que registra niveles de impunidad de 96.3 por ciento en delitos como la extorsi\u00f3n, homicidios y secuestros.<\/p>\n<p>De acuerdo con el reporte \u201cHallazgos 2022: evaluaci\u00f3n de la justicia penal\u201d, realizado por la organizaci\u00f3n <strong>M\u00e9xico Eval\u00faa<\/strong>, en M\u00e9xico, las autoridades responsables de procurar e impartir justicia s\u00f3lo resuelven 10 de cada 100 delitos que se cometen y la mayor\u00eda de los estados que registran el 100% de impunidad en delitos como homicidio doloso, feminicidio o secuestro, son gobernados por Morena.<\/p>\n<p>La investigaci\u00f3n revela que los que reportaron mayores \u00edndices son: Violencia familiar, 98.6%; desaparici\u00f3n, 96.5%; abuso sexual 96.1% y feminicidio, 88.6%. Entre los derechos m\u00e1s vulnerados se destacan la presunci\u00f3n de inocencia y la libertad personal, ya que el 57% de las personas procesadas fueron enviadas a prisi\u00f3n preventiva en 2022 a nivel nacional, la mayor\u00eda bajo modalidad oficiosa.<\/p>\n<p><strong>Javier Mart\u00edn Reyes, del Instituto de Investigaciones Jur\u00eddicas de la Universidad Nacional Aut\u00f3noma de M\u00e9xico, <\/strong>ha reiterado que la intenci\u00f3n de que los ministros, consejeros, magistrados y jueces sean electos por voto popular, est\u00e1 sujeta a criterios pol\u00edtico-partidistas y se generar\u00e1 un mercado negro basado en el influyentismo, donde poderes f\u00e1cticos \u2013como el econ\u00f3mico o el crimen organizado\u2013 sean los que financien las campa\u00f1as de los jueces, lo que podr\u00eda generar un Poder Judicial lleno de personas afines a Morena o a estos grupos.<\/p>\n<p>As\u00ed, las cosas, el Senado emitir\u00e1 una convocatoria el mi\u00e9rcoles 16 de octubre para que el Poder Ejecutivo, el Legislativo y el Judicial instalen, cada uno, un comit\u00e9 de evaluaci\u00f3n con cinco personas de \u201creconocido prestigio jur\u00eddico\u201d para definir a los candidatos con procesos \u201cabiertos y transparentes\u201d y paridad de g\u00e9nero. \u00bfSer\u00e1?<\/p>\n<p>La #4Transformaci\u00f3n lleg\u00f3 al poder con la promesa de construir un pa\u00eds donde todos tuvi\u00e9ramos las mismas oportunidades de desarrollo. Sin embargo, las \u00faltimas decisiones muestran claros signos de regresi\u00f3n, de volver al M\u00e9xico de los 70, del centralismo, del partido hegem\u00f3nico que controla el Poder Ejecutivo, el Legislativo y el Judicial, por ahora, y en algunos a\u00f1os, los poderes judiciales locales.<\/p>\n<p><a href=\"https:\/\/twitter.com\/guillegomora?lang=es\" target=\"_blank\" rel=\"noopener\"><em>@guillegomora<\/em><\/a><\/p>\n","protected":false},"excerpt":{"rendered":"<p><span style=\"color: #005497;\"><strong>Guillermina G\u00f3mora Ord\u00f3\u00f1ez<\/strong><\/span><\/p>\n","protected":false},"author":3,"featured_media":0,"comment_status":"open","ping_status":"open","sticky":false,"template":"","format":"standard","meta":{"_monsterinsights_skip_tracking":false,"_monsterinsights_sitenote_active":false,"_monsterinsights_sitenote_note":"","_monsterinsights_sitenote_category":0,"footnotes":""},"categories":[58361],"tags":[58362,58363,43674],"class_list":["post-636996","post","type-post","status-publish","format-standard","hentry","category-guillermina-gomora-ordonez","tag-caleidoscopio","tag-guillermina-gomora-ordonez","tag-opinion"],"_links":{"self":[{"href":"https:\/\/www.diarioimagen.net\/index.php?rest_route=\/wp\/v2\/posts\/636996","targetHints":{"allow":["GET"]}}],"collection":[{"href":"https:\/\/www.diarioimagen.net\/index.php?rest_route=\/wp\/v2\/posts"}],"about":[{"href":"https:\/\/www.diarioimagen.net\/index.php?rest_route=\/wp\/v2\/types\/post"}],"author":[{"embeddable":true,"href":"https:\/\/www.diarioimagen.net\/index.php?rest_route=\/wp\/v2\/users\/3"}],"replies":[{"embeddable":true,"href":"https:\/\/www.diarioimagen.net\/index.php?rest_route=%2Fwp%2Fv2%2Fcomments&post=636996"}],"version-history":[{"count":0,"href":"https:\/\/www.diarioimagen.net\/index.php?rest_route=\/wp\/v2\/posts\/636996\/revisions"}],"wp:attachment":[{"href":"https:\/\/www.diarioimagen.net\/index.php?rest_route=%2Fwp%2Fv2%2Fmedia&parent=636996"}],"wp:term":[{"taxonomy":"category","embeddable":true,"href":"https:\/\/www.diarioimagen.net\/index.php?rest_route=%2Fwp%2Fv2%2Fcategories&post=636996"},{"taxonomy":"post_tag","embeddable":true,"href":"https:\/\/www.diarioimagen.net\/index.php?rest_route=%2Fwp%2Fv2%2Ftags&post=636996"}],"curies":[{"name":"wp","href":"https:\/\/api.w.org\/{rel}","templated":true}]}}