{"id":637016,"date":"2024-10-15T00:00:08","date_gmt":"2024-10-15T06:00:08","guid":{"rendered":"https:\/\/www.diarioimagen.net\/?p=637016"},"modified":"2024-10-15T01:52:02","modified_gmt":"2024-10-15T07:52:02","slug":"disculpas-ultramarinas","status":"publish","type":"post","link":"https:\/\/www.diarioimagen.net\/?p=637016","title":{"rendered":"Disculpas ultramarinas"},"content":{"rendered":"<h2>Los Pozos de Carlos Pozos<\/h2>\n<h5>Carlos Pozos<br \/>\n[ <em>Lord Mol\u00e9cula<\/em> ]<\/h5>\n<p>&nbsp;<\/p>\n<p>Ante la <strong>Presidenta de M\u00e9xico<\/strong>, <strong>doctora Claudia Sheinbaum Pardo<\/strong>, tuve \u2014a ocho d\u00edas del inicio de su sexenio\u2014 la primera oportunidad de hacer mi primer planteamiento period\u00edstico, y les recuerdo que fue as\u00ed: <strong>\u201cCon un nuevo canciller, se acaba la pausa que ten\u00edamos con nuestro vecino pa\u00eds del norte, Estados Unidos. Pero, en materia de pol\u00edtica exterior, los esc\u00e1ndalos en la Corona espa\u00f1ola est\u00e1n que arden y por ello me permito preguntarle, doctora: \u00bfA\u00fan necesitamos que Espa\u00f1a ofrezca disculpas que solicit\u00f3 el ex presidente Andr\u00e9s Manuel L\u00f3pez Obrador; o el nuevo canciller tejer\u00e1 las nuevas relaciones con Espa\u00f1a?\u201d.<\/strong><\/p>\n<p>En su primera gira de trabajo por el Estado de M\u00e9xico, que gobierna la maestra <strong>Delfina G\u00f3mez<\/strong>, la jefa del Poder Ejecutivo federal expuso categ\u00f3rica: que el 12 de octubre no deber\u00eda ser visto como el supuesto descubrimiento de Am\u00e9rica, sino como un reconocimiento a las civilizaciones que ya habitaban estas tierras. \u201cNo hubo un descubrimiento, pues M\u00e9xico ya exist\u00eda antes de que llegaran los conquistadores\u201d, dijo.<\/p>\n<p>Teniendo como fondo la estatua de bronce del Rey Poeta<strong> Nezahualc\u00f3yotl<\/strong>, tlatoani de Texcoco desde 1429 hasta 1472, la primera mandataria record\u00f3 la idea difundida por a\u00f1os de que los espa\u00f1oles llegaron a civilizar, cuando es un hecho que en el territorio que hoy comprende M\u00e9xico ya se hab\u00edan desarrollado grandes culturas.<\/p>\n<p>Puntual, dijo: \u201cNadie nos descubri\u00f3, aqu\u00ed ya hab\u00eda un M\u00e9xico desde antes\u201d, lo que sirvi\u00f3 para retomar el reclamo a la Corona espa\u00f1ola que ha hecho desde d\u00edas atr\u00e1s, y comenzara el ex presidente <strong>Andr\u00e9s Manuel L\u00f3pez Obrador<\/strong>, para que el rey <strong>Felipe VI <\/strong>acepte ofrecer disculpas a los pueblos originarios de Am\u00e9rica por los agravios ocasionados en la colonizaci\u00f3n, tras la llegada de <strong>Crist\u00f3bal Col\u00f3n <\/strong>en 1492.<\/p>\n<p>En su tiempo, en 1604, <strong>Francisco de Balbuena Estrada<\/strong>, que fue un eclesi\u00e1stico y poeta espa\u00f1ol asentado en la nueva Espa\u00f1a, dej\u00f3 escrito: \u201cLos hombres y las mujeres de diversa color y profesiones, de vario estado y varios procederes; diferentes en lenguas y naciones en prop\u00f3sitos, fines y deseos, y aun a veces en leyes y opiniones\u201d.<\/p>\n<p>En estos tiempos, el antrop\u00f3logo <strong>Diego Prieto Hern\u00e1ndez<\/strong>, director general del Instituto Nacional de Antropolog\u00eda e Historia, nos ha contado en corto que hace unos 16,000 a\u00f1os empezaron a habitar nuestro continente los primeros grupos humanos. Fueron ellos, entonces, los verdaderos descubridores de Am\u00e9rica. Ven\u00edan de la masa continental que ahora conocemos como Asia y entraron por Alaska, por el Estrecho de Behring y, tal vez, despu\u00e9s tambi\u00e9n por la costa sudamericana, desde las islas del Pac\u00edfico del sur, buscando tierras m\u00e1s c\u00e1lidas y m\u00e1s generosas.<\/p>\n<p>Esto a diferencia del presente, cuando las migraciones van sobre todo del sur \u2014excluido y desigual\u2014 al norte, industrializado y opulento.<\/p>\n<p>Y el titular del INAH nos deja claro que los diversos grupos humanos que poblaron, representaron y domesticaron el territorio que los nahuas en un sentido amplio bautizaron como Ceman\u00e1huac, desde que arribaron a \u00e9ste y hasta la llegada de las culturas europeas y africanas, al reino que los invasores espa\u00f1oles llamar\u00edan Nueva Espa\u00f1a.<\/p>\n<p>En tanto, nuestro colega <strong>Nephtal\u00ed Celis Garc\u00eda<\/strong>, en su libro <em>Furor y mansedumbre<\/em>, nos relata que en el a\u00f1o de 1492, Espa\u00f1a era en Europa pa\u00eds sin identidad, desintegrado, pobre, desarrapado, mugroso, hediondo, moralmente sucio, estulto, impuro, gandul, harag\u00e1n: amante de la mugre, pereza y holgazaner\u00eda, ambicioso, codicioso, corrupto de mente y cuerpo, asesino e hip\u00f3crita, ladino, que aplast\u00f3 con furor al opulento, pr\u00f3spero, pulcro, rico mundo americano y civilizaciones sobresalientes, porque los naturales eran inteligentes, pero pazguatos en grado m\u00e1ximo (mexicas, mayas, incas).<\/p>\n<p>Los extranjeros estaban enfermos de codicia desmedida. Arrasaron y saquearon portentosas ciudades; cometieron atrocidades a\u00fan impunes; asesinaron a la \u00e9lite mexica: pol\u00edticos, sabios, jueces, m\u00e9dicos, ingenieros, arquitectos, urbanistas, comerciantes, artistas, danzantes, pintores, fil\u00f3sofos, poetas, guerreros, hombres, mujeres y ni\u00f1os.<\/p>\n<p>Borraron culturas y religiones, idiomas e identidades; esclavizaron y explotaron con furor por tres siglos a pueblos ind\u00edgenas cr\u00e9dulos, ingenuos y pasivos, eunucos y mansos.<\/p>\n<p>El citado libro <em>Furor y mansedumbre, <\/em>(se le present\u00f3 al ex presidente de M\u00e9xico <strong>AMLO, <\/strong>quien autoriz\u00f3 a <strong>Jes\u00fas Ram\u00edrez Cuevas<\/strong> para que acordara con el director del Fondo de Cultura Econ\u00f3mica, <strong>Paco Ignacio Taibo<\/strong> <strong>II<\/strong>, una reimpresi\u00f3n masiva en el FCE; acci\u00f3n que nunca se llev\u00f3 a cabo por parte del ex vocero) y en el texto se lee: \u201cLa historia oficial de M\u00e9xico acept\u00f3 e hizo suya la versi\u00f3n europea del Descubrimiento de Am\u00e9rica por <strong>Col\u00f3n<\/strong> el 12 de octubre de 1492, y la Conquista de M\u00e9xico por <strong>Cort\u00e9s,<\/strong> de 1519 a 1521. Obviamente, son sucesos reales del pasado; pero contados por los vencedores, son infamia, afrenta, deshonra a la memoria de los masacrados, porque sus versiones consagraron enfoques unilaterales e incurrieron en omisiones que se convierten en el ultraje, que se suma al agravio del exterminio. Es imperativo actualizar el relato del tr\u00e1gico episodio, para que futuras generaciones tengan la versi\u00f3n distinta, desde nuestra perspectiva\u201d.<\/p>\n<p>Como siempre, ustedes siempre tendr\u00e1n la mejor opini\u00f3n sobre si debe ofrecer Espa\u00f1a las disculpas solicitadas por el <strong>ex presidente de M\u00e9xico<\/strong>, <strong>Andr\u00e9s Manuel L\u00f3pez Obrador<\/strong> y respaldadas por la <strong>Presidenta de todas y todos los mexicanos<\/strong>, <strong>Claudia Sheinbaum Pardo<\/strong>\u2026 Y hasta aqu\u00ed con Los Pozos de Carlos Pozos. Y si desean que le haga su pregunta a la PresidentA de M\u00e9xico en la conferencia de prensa \u201cma\u00f1anera\u201d, por favor h\u00e1ganmela llegar al correo: <a href=\"mailto:lordmolecularedaccion@gmail.com\" target=\"_blank\" rel=\"noopener\"><em>lordmolecularedaccion@gmail.com<\/em><\/a>, v\u00eda <em>X<\/em> a: <a href=\"https:\/\/twitter.com\/lordmolecula?ref_src=twsrc%5Egoogle%7Ctwcamp%5Eserp%7Ctwgr%5Eauthor\" target=\"_blank\" rel=\"noopener\"><em>@lordmoleculaoficial<\/em><\/a>, o bien, visiten nuestro portal <em><a href=\"https:\/\/www.lordmoleculaoficial.com\/\" target=\"_blank\" rel=\"noopener\">https:\/\/www.lordmoleculaoficial.com<\/a><\/em>, as\u00ed como tambi\u00e9n pueden ver mi Canal <a href=\"https:\/\/www.youtube.com\/channel\/UC0WxwnD6D67eYwmmRWQnOEg\" target=\"_blank\" rel=\"noopener\"><em>Lord Mol\u00e9cula Oficial<\/em><\/a>.<\/p>\n","protected":false},"excerpt":{"rendered":"<p><span style=\"color: #005497;\"><strong>Carlos Pozos<\/strong><\/span><\/p>\n","protected":false},"author":3,"featured_media":0,"comment_status":"open","ping_status":"open","sticky":false,"template":"","format":"standard","meta":{"_monsterinsights_skip_tracking":false,"_monsterinsights_sitenote_active":false,"_monsterinsights_sitenote_note":"","_monsterinsights_sitenote_category":0,"footnotes":""},"categories":[97814],"tags":[97816,97815,43674],"class_list":["post-637016","post","type-post","status-publish","format-standard","hentry","category-carlos-pozos","tag-carlos-pozos","tag-los-pozos-de-carlos-pozos","tag-opinion"],"_links":{"self":[{"href":"https:\/\/www.diarioimagen.net\/index.php?rest_route=\/wp\/v2\/posts\/637016","targetHints":{"allow":["GET"]}}],"collection":[{"href":"https:\/\/www.diarioimagen.net\/index.php?rest_route=\/wp\/v2\/posts"}],"about":[{"href":"https:\/\/www.diarioimagen.net\/index.php?rest_route=\/wp\/v2\/types\/post"}],"author":[{"embeddable":true,"href":"https:\/\/www.diarioimagen.net\/index.php?rest_route=\/wp\/v2\/users\/3"}],"replies":[{"embeddable":true,"href":"https:\/\/www.diarioimagen.net\/index.php?rest_route=%2Fwp%2Fv2%2Fcomments&post=637016"}],"version-history":[{"count":0,"href":"https:\/\/www.diarioimagen.net\/index.php?rest_route=\/wp\/v2\/posts\/637016\/revisions"}],"wp:attachment":[{"href":"https:\/\/www.diarioimagen.net\/index.php?rest_route=%2Fwp%2Fv2%2Fmedia&parent=637016"}],"wp:term":[{"taxonomy":"category","embeddable":true,"href":"https:\/\/www.diarioimagen.net\/index.php?rest_route=%2Fwp%2Fv2%2Fcategories&post=637016"},{"taxonomy":"post_tag","embeddable":true,"href":"https:\/\/www.diarioimagen.net\/index.php?rest_route=%2Fwp%2Fv2%2Ftags&post=637016"}],"curies":[{"name":"wp","href":"https:\/\/api.w.org\/{rel}","templated":true}]}}