{"id":637031,"date":"2024-10-15T00:12:33","date_gmt":"2024-10-15T06:12:33","guid":{"rendered":"https:\/\/www.diarioimagen.net\/?p=637031"},"modified":"2024-10-15T02:17:28","modified_gmt":"2024-10-15T08:17:28","slug":"sheinbaum-envia-a-opositores-con-rosa-icela-ella-dialoga-con-el-pueblo","status":"publish","type":"post","link":"https:\/\/www.diarioimagen.net\/?p=637031","title":{"rendered":"Sheinbaum env\u00eda a opositores\u00a0con\u00a0Rosa\u00a0Icela; ella\u00a0dialoga\u00a0con\u00a0el\u00a0pueblo"},"content":{"rendered":"<h2>Tras la puerta del poder<\/h2>\n<h5>Roberto Vizca\u00edno<\/h5>\n<p>&nbsp;<\/p>\n<p>Desarticulada, hundida en su derrota, sin una representaci\u00f3n ni proyectos que merezcan tomarse en cuenta, pero sobre todo sin base social ni liderazgos leg\u00edtimos, <strong>la oposici\u00f3n<\/strong> partidaria (PRI, PAN, MC y lo que por ah\u00ed anda en estados del PRD), as\u00ed como las organizaciones sociales como las de <strong>Claudio X. Gonz\u00e1lez<\/strong> o <strong>Guadalupe Acosta Naranjo<\/strong> son ignoradas por los ciudadanos.<\/p>\n<p>Y por el poder.<\/p>\n<p>Eso lo ha escuchado y medido muy bien desde Palacio <strong>Claudia Sheinbaum<\/strong> quien, ante los reclamos de di\u00e1logo de los opositores, los remiti\u00f3 a la ventanilla de su titular de Gobernaci\u00f3n, la periodista <strong>Rosa Icela Rodr\u00edguez.<\/strong><\/p>\n<p><strong>Ah\u00ed, les dijo, ser\u00e1n atendidos.<\/strong><\/p>\n<p>Ella mientras tanto va al pueblo. Como lo estableci\u00f3 su antecesor. Porque ah\u00ed es d\u00f3nde est\u00e1n los votos electorales y los apoyos a programas de Gobierno.<\/p>\n<p>Superados en todo en el <strong>Senado y C\u00e1mara de Diputados<\/strong>, en las <strong>gubernaturas<\/strong> y <strong>Congresos estatales<\/strong>, en <strong>alcald\u00edas <\/strong>y <strong>representaciones sectoriales,<\/strong> los opositores al r\u00e9gimen no encuentran ruta ni destino.<\/p>\n<p>En este contexto, con un mon\u00f3logo repetitivo de que todo est\u00e1 mal, de que estamos en v\u00edas del abismo y el desastre, la intelectualidad y la academia, los cr\u00edticos y analistas en redes y medios tradicionales tampoco atinan a constituirse en voz que sea escuchada por los ciudadanos.<\/p>\n<p>Movimientos como los de los trabajadores y juzgadores del Poder Judicial se expresan como un grito en el desierto, nadie los escucha ni nadie los sigue, quedan apenas como una expresi\u00f3n dolida de un reclamo que la gente de la calle no entiende ni siente.<\/p>\n<p>Unos y otros son ignorados por las mayor\u00edas.<\/p>\n<p>A la oposici\u00f3n, creo, le falta no s\u00f3lo articulaci\u00f3n y constancia, propuestas y nuevas im\u00e1genes, l\u00edderes frescos, sino una estrategia efectiva de comunicaci\u00f3n.<\/p>\n<p>En el PAN ocurre, adem\u00e1s de que no s\u00f3lo transitan por la renovaci\u00f3n de su dirigencia nacional en medio de una contienda interna llena de descalificaciones entre unos y otros, una abierta competencia por los espacios de los medios entre los senadores <strong>Ricardo Anaya<\/strong> y <strong>Marko Cort\u00e9s<\/strong>.<\/p>\n<p>El queretano aprovecha haber sido candidato presidencial para opinar ante los medios todos los d\u00edas de todos los temas como si \u00e9l liderara a Acci\u00f3n Nacional.<\/p>\n<p>No tiene el menor recato de darle su lugar a su dirigente que es<strong> Marko Cort\u00e9s y con ello impulsar a su partido.<\/strong><\/p>\n<p>En el PRI las cosas no van mejor. A <strong>Alejandro <em>Alito<\/em> Moreno<\/strong> lo domina la verborrea incontenible del viejo discurso cincuentero, rollero, del ancestral partido en el poder. De su \u00e1rea de comunicaci\u00f3n ni hablamos. Ah\u00ed creen que todo va bien mientras no les falten prendas de marca y moda, y polvos y <em>lipstick<\/em> y un espejo para admirarse mientras la paloma vuela. Cero conocimiento de trato, estrategias e importancia de manejo de medios.<\/p>\n<p>En MC, tras la derrota, desapareci\u00f3 <strong>Dante Delgado<\/strong> y detr\u00e1s de \u00e9l se fue su partido. Bueno ya ni <strong>Samuel<\/strong> o la bella <em>ticktoker<\/em> que le acompa\u00f1a o el cervecero <strong>M\u00e1ynez,<\/strong> con sus tenis <em>fosfo-fosfo,<\/em> aparecen por ning\u00fan lado.<\/p>\n<p>A todo lo anterior se suma la pasividad y permisividad del \u201cEstablishment norteamericano\u201d o el gobierno de EU, o la Casa Blanca como mejor le acomode se\u00f1alarlo a usted. Ya hasta <strong>Claudia<\/strong> mand\u00f3 al bote de los tiliches in\u00fatiles al embajador <strong>Ken Salazar<\/strong>.<\/p>\n<p>Mientras \u201clos gringos\u201d puras amenazas. Cero acciones.<\/p>\n<p>As\u00ed, bien podr\u00edamos afirmar que hoy en M\u00e9xico no existe la oposici\u00f3n.<\/p>\n<p style=\"text-align: center;\"><strong>Sin resistencias vamos hacia el nuevo \u201csistema\u201d<\/strong><\/p>\n<p>En este escenario, tramitar el cambio de r\u00e9gimen o <em>\u201csistema\u201d<\/em> por la v\u00eda de reformar a modo, sin cambios de coma, de la Constituci\u00f3n, les est\u00e1 resultando a <strong>Andr\u00e9s Manuel L\u00f3pez Obrador <\/strong>y a<strong> Claudia Sheinbaum<\/strong> ,\u201c<em>papita<\/em>\u201d.<\/p>\n<p>\u00bfHacia d\u00f3nde nos llevan?<\/p>\n<p>Unos afirman que a una dictadura, otros que a algo menor, pero igualmente temible que es la autocracia, y otros que m\u00e1s bien esto es el inicio de la concentraci\u00f3n del poder en una sola persona, pero dentro de una simulaci\u00f3n democr\u00e1tica.<\/p>\n<p>Persistir\u00e1n los 3 Poderes de la Uni\u00f3n pero controlados por una sola persona. Habr\u00e1 instituciones diversas que s\u00f3lo atender\u00e1n un s\u00f3lo mandato. Habr\u00e1 elecciones, pero organizadas y sancionadas por s\u00f3lo ese \u00fanico poder central.<\/p>\n<p>Los programas sociales con su reparto de dinero en directo, evitar\u00e1 grandes disensos sociales.<\/p>\n<p>Podremos continuar un rato m\u00e1s en medio de esta violencia, desastre en Salud y Educaci\u00f3n, ausencia de Estado de Derecho, inequidad en el reparto de la riqueza nacional.<\/p>\n<p>Ni <strong>Mario Vargas Llosa <\/strong>lo hubiera imaginado mejor.<\/p>\n<p style=\"text-align: center;\"><strong>Monreal y Ad\u00e1n Augusto al mando<\/strong><\/p>\n<p>Sin oposici\u00f3n, los encargados de dise\u00f1ar el nuevo r\u00e9gimen son <strong>Ad\u00e1n Augusto L\u00f3pez <\/strong>en el Senado y <strong>Ricardo Monreal <\/strong>en San L\u00e1zaro.<\/p>\n<p>Dadas las circunstancias quiz\u00e1 ellos sean los \u00fanicos que en este momento tengan claro hacia d\u00f3nde nos llevar\u00e1 el nuevo \u201c<strong>Sistema<\/strong>\u201d.<\/p>\n<p>Son ellos quienes ahora se encargan de hacer que todo salga bien, en modo y tiempo. No es que les preocupe lo que dir\u00e1 la Suprema Corte. No. Ellos ya la invalidaron. Lo que les importa es que lo aprueba o sancione su mando central. Y quiz\u00e1 la historia.<\/p>\n<p style=\"text-align: center;\"><strong>Dicen que va a Ciencias Pol\u00edticas<\/strong><\/p>\n<p><strong>Jorge M\u00e1rquez Mu\u00f1oz<\/strong>, afirman en la UNAM, es quien ahora puntea como uno de los m\u00e1s firmes aspirantes para la direcci\u00f3n de la Facultad de Ciencias Pol\u00edticas y Sociales en Ciudad Universitaria.<\/p>\n<p>El reconocido polit\u00f3logo ha cumplido con todos los requisitos en la auscultaci\u00f3n realizada por la Rector\u00eda de la UNAM para decidir qui\u00e9n llegar\u00e1 a ese cargo.<\/p>\n<p><strong>M\u00e1rquez Mu\u00f1oz <\/strong>cuenta con experiencia y trayectoria, pero sobre con el reconocimiento de haber sido el m\u00e1s votado en un ejercicio de urna abierta que se desarroll\u00f3 en d\u00edas pasados en las distintas \u00e1reas de la facultad.<\/p>\n<p><em><a href=\"https:\/\/twitter.com\/_rvizcaino\" target=\"_blank\" rel=\"noopener noreferrer\">@_RVizcaino<\/a><a href=\"mailto:rvizcainoa@gmail.com\" target=\"_blank\" rel=\"noopener noreferrer\"><br \/>\n<\/a><a href=\"https:\/\/www.facebook.com\/rvizcainoa\" target=\"_blank\" rel=\"noopener noreferrer\">facebook.com\/rvizcainoa<\/a><\/em><\/p>\n","protected":false},"excerpt":{"rendered":"<p><span style=\"color: #005497;\"><strong>Roberto Vizca\u00edno<\/strong><\/span><\/p>\n","protected":false},"author":3,"featured_media":0,"comment_status":"open","ping_status":"open","sticky":false,"template":"","format":"standard","meta":{"_monsterinsights_skip_tracking":false,"_monsterinsights_sitenote_active":false,"_monsterinsights_sitenote_note":"","_monsterinsights_sitenote_category":0,"footnotes":""},"categories":[136],"tags":[43674,93,94],"class_list":["post-637031","post","type-post","status-publish","format-standard","hentry","category-roberto-vizcaino-opinion","tag-opinion","tag-roberto-vizcaino","tag-tras-la-puerta-del-poder"],"_links":{"self":[{"href":"https:\/\/www.diarioimagen.net\/index.php?rest_route=\/wp\/v2\/posts\/637031","targetHints":{"allow":["GET"]}}],"collection":[{"href":"https:\/\/www.diarioimagen.net\/index.php?rest_route=\/wp\/v2\/posts"}],"about":[{"href":"https:\/\/www.diarioimagen.net\/index.php?rest_route=\/wp\/v2\/types\/post"}],"author":[{"embeddable":true,"href":"https:\/\/www.diarioimagen.net\/index.php?rest_route=\/wp\/v2\/users\/3"}],"replies":[{"embeddable":true,"href":"https:\/\/www.diarioimagen.net\/index.php?rest_route=%2Fwp%2Fv2%2Fcomments&post=637031"}],"version-history":[{"count":0,"href":"https:\/\/www.diarioimagen.net\/index.php?rest_route=\/wp\/v2\/posts\/637031\/revisions"}],"wp:attachment":[{"href":"https:\/\/www.diarioimagen.net\/index.php?rest_route=%2Fwp%2Fv2%2Fmedia&parent=637031"}],"wp:term":[{"taxonomy":"category","embeddable":true,"href":"https:\/\/www.diarioimagen.net\/index.php?rest_route=%2Fwp%2Fv2%2Fcategories&post=637031"},{"taxonomy":"post_tag","embeddable":true,"href":"https:\/\/www.diarioimagen.net\/index.php?rest_route=%2Fwp%2Fv2%2Ftags&post=637031"}],"curies":[{"name":"wp","href":"https:\/\/api.w.org\/{rel}","templated":true}]}}