{"id":637123,"date":"2024-10-16T00:02:51","date_gmt":"2024-10-16T06:02:51","guid":{"rendered":"https:\/\/www.diarioimagen.net\/?p=637123"},"modified":"2024-10-18T01:18:52","modified_gmt":"2024-10-18T07:18:52","slug":"inversiones-extranjeras-y-nacionales-en-mexico-estan-seguras-y-garantizadas-presidenta-claudia-sheinbaum","status":"publish","type":"post","link":"https:\/\/www.diarioimagen.net\/?p=637123","title":{"rendered":"Inversiones extranjeras y nacionales en M\u00e9xico est\u00e1n seguras y garantizadas: Presidenta Claudia Sheinbaum"},"content":{"rendered":"<p><em>\u00a0<\/em><\/p>\n<ul>\n<li><strong><em>\u201cNing\u00fan empresario estadounidense, ninguna empresa de cualquier otro pa\u00eds, ni mexicanos, tienen por qu\u00e9 temer a la reforma al Poder Judicial; al contrario, lo que vamos a hacer es sanear el Poder Judicial\u201d, destac\u00f3<\/em><\/strong><\/li>\n<\/ul>\n<p>&nbsp;<\/p>\n<div id=\"attachment_637209\" style=\"width: 470px\" class=\"wp-caption aligncenter\"><a href=\"https:\/\/www.diarioimagen.net\/?attachment_id=637209\" rel=\"attachment wp-att-637209\"><img loading=\"lazy\" decoding=\"async\" aria-describedby=\"caption-attachment-637209\" class=\"size-full wp-image-637209\" src=\"https:\/\/www.diarioimagen.net\/wp-content\/uploads\/2024\/10\/inversiones-extranjeras.jpg\" alt=\"\" width=\"460\" height=\"270\" srcset=\"https:\/\/www.diarioimagen.net\/wp-content\/uploads\/2024\/10\/inversiones-extranjeras.jpg 460w, https:\/\/www.diarioimagen.net\/wp-content\/uploads\/2024\/10\/inversiones-extranjeras-240x141.jpg 240w\" sizes=\"auto, (max-width: 460px) 100vw, 460px\" \/><\/a><p id=\"caption-attachment-637209\" class=\"wp-caption-text\">\u201cLa reforma al Poder Judicial, la reforma energ\u00e9tica no van en contra de la inversi\u00f3n privada\u201d, puntualiz\u00f3 la Presidenta Claudia Sheinbaum.<\/p><\/div>\n<p>&nbsp;<\/p>\n<p>En el marco de la Cumbre de Alto Nivel entre l\u00edderes y empresarios de M\u00e9xico y Estados Unidos, que se realizar\u00e1 este 15 de octubre en Palacio Nacional con la presencia de 240 empresarias y empresarios de ambos pa\u00edses, la Presidenta de los Estados Unidos Mexicanos, Claudia Sheinbaum Pardo, dio certeza de que la reforma al Poder Judicial fortalece al Estado de derecho y garantiza que todas las inversiones que llegan al pa\u00eds est\u00e9n seguras.<\/p>\n<p>\u201cEl d\u00eda de hoy vamos a tener un encuentro muy importante con empresarios de Estados Unidos y empresarios mexicanos, empresarias tambi\u00e9n, que es un di\u00e1logo, un panel empresarial que ha estado trabajando Marcelo (Ebrard, secretario de Econom\u00eda) desde hace ya varios meses y que es muy importante por el inter\u00e9s que tenemos de que se siga invirtiendo por parte de los empresarios, empresas de Estados Unidos en nuestro pa\u00eds para avanzar en lo que se llama la relocalizaci\u00f3n de las empresas y el fortalecimiento del tratado comercial que tenemos.<\/p>\n<p>\u201cEs importante resolver cualquier duda, que sepan que la reforma al Poder judicial fortalece el Estado de derecho en M\u00e9xico, que sus inversiones est\u00e1n seguras en nuestro pa\u00eds, que lo escuchen de nosotros, que conozcan que nos interesa que se venga a invertir bajo un plan de desarrollo\u2019\u2019, agreg\u00f3.<\/p>\n<p>Record\u00f3 que la reforma al Poder Judicial es necesaria para erradicar la corrupci\u00f3n y el nepotismo \u2014reconocido por la presidenta de la Suprema Corte \u2014 que se vive dentro de las instituciones de impartici\u00f3n de justicia, por lo que no representa ning\u00fan riesgo para que M\u00e9xico contin\u00fae recibiendo todo tipo de inversiones.<\/p>\n<p>\u201cNing\u00fan empresario estadounidense, ninguna empresa de cualquier otro pa\u00eds, ni mexicanos, tienen por qu\u00e9 temer a la reforma al Poder Judicial, al contrario, lo que vamos a hacer es sanear el Poder Judicial, y no digo nosotros como Poder Ejecutivo, sino el pueblo de M\u00e9xico; se va a sanear el Poder Judicial para fortalecer el Estado de derecho\u201d, destac\u00f3.<\/p>\n<p>Por ello, reafirm\u00f3 que tanto la reforma al Poder Judicial como la que se realiz\u00f3 en materia energ\u00e9tica \u2014en la que las empresas del Estado como Comisi\u00f3n Federal de Electricidad (CFE) y Petr\u00f3leos Mexicanos (Pemex) tendr\u00e1n la prioridad en la producci\u00f3n y distribuci\u00f3n de servicios\u2014 fortalecen las inversiones privadas.<\/p>\n<p>Asimismo, anunci\u00f3 que para dar certeza jur\u00eddica a las y los inversionistas se ha comenzado a trabajar en un sistema de simplificaci\u00f3n de tr\u00e1mites; esto, a trav\u00e9s de la Agencia de Transformaci\u00f3n Digital \u2014que ser\u00e1 anunciada pr\u00f3ximamente\u2014, lo que no s\u00f3lo permitir\u00e1 agilizar distintas gestiones, sino que tambi\u00e9n sean transparentes, para lo cual se propondr\u00e1 el cambio de la Ley de Mejora Regulatoria por la Ley de Simplificaci\u00f3n De Tr\u00e1mites.<\/p>\n<p>\u201cVamos a hacer modificaciones para facilitar la inversi\u00f3n p\u00fablica y la inversi\u00f3n privada con transparencia\u201d, destac\u00f3.<\/p>\n<p>Enfatiz\u00f3 que este tipo de reuniones bilaterales son indispensables, no s\u00f3lo para dar confianza sobre las inversiones que se realizan en el pa\u00eds, tambi\u00e9n porque la relaci\u00f3n entre Estados Unidos y M\u00e9xico representa 30 por ciento del Producto Interno Bruto (PIB), lo que adem\u00e1s puede significar desarrollo con bienestar para ambas naciones.<\/p>\n<p>\u201cLo que queremos es que las inversiones no s\u00f3lo se traduzcan en un n\u00famero que diga Inversi\u00f3n Extranjera Directa, sino que se traduzca en bienestar, en que las y los mexicanos vivamos mejor y de que, quien menos tiene, tenga la posibilidad de tener una vida con todas las necesidades cubiertas, y para eso tambi\u00e9n es la inversi\u00f3n privada\u201d, puntualiz\u00f3.<\/p>\n<p>El secretario de Econom\u00eda, Marcelo Ebrard Casaub\u00f3n, se\u00f1al\u00f3 que la reforma al Poder Judicial es un mecanismo a trav\u00e9s del cual el pueblo de M\u00e9xico podr\u00e1 cambiar un sistema jur\u00eddico en el que hoy en d\u00eda no se procura la justicia; agreg\u00f3 que la elecci\u00f3n de jueces, magistrados y ministros, as\u00ed como su supervisi\u00f3n por parte de un tribunal de disciplina ya es una realidad en diferentes partes del mundo, incluyendo Estados Unidos.<\/p>\n<p>\u201cLa forma mexicana, la v\u00eda mexicana para resolver esa crisis de \u00e9tica que tambi\u00e9n tenemos aqu\u00ed, en el Poder Judicial, es la que ya se aprob\u00f3 por el pueblo de M\u00e9xico y en Estados Unidos ustedes resolver\u00e1n cu\u00e1l ser\u00e1, pero no se deber\u00edan de extra\u00f1ar que elijamos jueces cuando ustedes llevan m\u00e1s de 100 a\u00f1os\u201d, destac\u00f3.<\/p>\n<p>Detall\u00f3 que la Cumbre de Alto Nivel entre l\u00edderes y empresarios de M\u00e9xico y Estados Unidos marca el banderazo de la salida a ambas naciones para defender, fortalecer y ampliar el tratado comercial existente.<\/p>\n<p>Explic\u00f3 que a este encuentro asisten empresarios y empresarias de sectores como salud, servicios financieros, manufactura, tecnolog\u00eda, comunicaciones, alimentos y bebidas, as\u00ed como turismo; se tratar\u00e1n temas como inversiones, facilitaci\u00f3n del comercio fronterizo, energ\u00eda y cambio clim\u00e1tico y pol\u00edtica comercial, y tiene el objetivo de expandir los negocios entre regiones.<\/p>\n<p>\u201cBuenas noticias para M\u00e9xico tendremos hoy: inversiones, respaldo, confianza visi\u00f3n com\u00fan hacia el futuro.\u201d<\/p>\n<p>Durante la conferencia \u2018\u2019Las ma\u00f1aneras del pueblo\u2019\u2019, se present\u00f3 la c\u00e1psula\u00a0<em>Los principios del Humanismo Mexicano<\/em>, en la cual se abordaron los preceptos bajo los cuales se construye una sociedad m\u00e1s justa e igualitaria.<\/p>\n<p>Acompa\u00f1aron a la Presidenta de M\u00e9xico, el subsecretario de Comercio Exterior, Luis Rosendo Guti\u00e9rrez Romano; la jefa de la Unidad de Estrategia y Organizaci\u00f3n Institucional, Ximena Escobedo Ju\u00e1rez, y la historiadora Karla Motte.<\/p>\n","protected":false},"excerpt":{"rendered":"<p>En el marco de la Cumbre de Alto Nivel entre l\u00edderes y empresarios de M\u00e9xico y Estados Unidos, que se realizar\u00e1 este 15 de octubre en Palacio Nacional con la presencia de 240 empresarias y empresarios de ambos pa\u00edses, la Presidenta de los Estados Unidos Mexicanos, Claudia Sheinbaum Pardo, dio certeza de que la reforma al Poder Judicial fortalece al Estado de derecho y garantiza que todas las inversiones que llegan al pa\u00eds est\u00e9n seguras.<\/p>\n","protected":false},"author":3,"featured_media":637209,"comment_status":"open","ping_status":"open","sticky":false,"template":"","format":"standard","meta":{"_monsterinsights_skip_tracking":false,"_monsterinsights_sitenote_active":false,"_monsterinsights_sitenote_note":"","_monsterinsights_sitenote_category":0,"footnotes":""},"categories":[17,8],"tags":[72207,5247],"class_list":["post-637123","post","type-post","status-publish","format-standard","has-post-thumbnail","hentry","category-especiales","category-finanzas","tag-claudia-sheinbaum-pardo","tag-inversion"],"_links":{"self":[{"href":"https:\/\/www.diarioimagen.net\/index.php?rest_route=\/wp\/v2\/posts\/637123","targetHints":{"allow":["GET"]}}],"collection":[{"href":"https:\/\/www.diarioimagen.net\/index.php?rest_route=\/wp\/v2\/posts"}],"about":[{"href":"https:\/\/www.diarioimagen.net\/index.php?rest_route=\/wp\/v2\/types\/post"}],"author":[{"embeddable":true,"href":"https:\/\/www.diarioimagen.net\/index.php?rest_route=\/wp\/v2\/users\/3"}],"replies":[{"embeddable":true,"href":"https:\/\/www.diarioimagen.net\/index.php?rest_route=%2Fwp%2Fv2%2Fcomments&post=637123"}],"version-history":[{"count":0,"href":"https:\/\/www.diarioimagen.net\/index.php?rest_route=\/wp\/v2\/posts\/637123\/revisions"}],"wp:featuredmedia":[{"embeddable":true,"href":"https:\/\/www.diarioimagen.net\/index.php?rest_route=\/wp\/v2\/media\/637209"}],"wp:attachment":[{"href":"https:\/\/www.diarioimagen.net\/index.php?rest_route=%2Fwp%2Fv2%2Fmedia&parent=637123"}],"wp:term":[{"taxonomy":"category","embeddable":true,"href":"https:\/\/www.diarioimagen.net\/index.php?rest_route=%2Fwp%2Fv2%2Fcategories&post=637123"},{"taxonomy":"post_tag","embeddable":true,"href":"https:\/\/www.diarioimagen.net\/index.php?rest_route=%2Fwp%2Fv2%2Ftags&post=637123"}],"curies":[{"name":"wp","href":"https:\/\/api.w.org\/{rel}","templated":true}]}}