{"id":637147,"date":"2024-10-16T00:04:23","date_gmt":"2024-10-16T06:04:23","guid":{"rendered":"https:\/\/www.diarioimagen.net\/?p=637147"},"modified":"2024-10-16T02:22:53","modified_gmt":"2024-10-16T08:22:53","slug":"mega-jornada-de-salud-en-cuautitlan-izcalli","status":"publish","type":"post","link":"https:\/\/www.diarioimagen.net\/?p=637147","title":{"rendered":"Mega jornada de salud en Cuautitl\u00e1n Izcalli"},"content":{"rendered":"<p>&nbsp;<\/p>\n<div id=\"attachment_637252\" style=\"width: 470px\" class=\"wp-caption aligncenter\"><a href=\"https:\/\/www.diarioimagen.net\/?attachment_id=637252\" rel=\"attachment wp-att-637252\"><img loading=\"lazy\" decoding=\"async\" aria-describedby=\"caption-attachment-637252\" class=\"size-full wp-image-637252\" src=\"https:\/\/www.diarioimagen.net\/wp-content\/uploads\/2024\/10\/mega-jornada-de-salud.jpg\" alt=\"\" width=\"460\" height=\"270\" srcset=\"https:\/\/www.diarioimagen.net\/wp-content\/uploads\/2024\/10\/mega-jornada-de-salud.jpg 460w, https:\/\/www.diarioimagen.net\/wp-content\/uploads\/2024\/10\/mega-jornada-de-salud-240x141.jpg 240w\" sizes=\"auto, (max-width: 460px) 100vw, 460px\" \/><\/a><p id=\"caption-attachment-637252\" class=\"wp-caption-text\">Legisladores mexiquenses reconocieron avances en materia de seguridad en Edomex en el primer a\u00f1o de gobierno de Delfina G\u00f3mez \u00c1lvarez.<\/p><\/div>\n<p>&nbsp;<\/p>\n<p><strong>Cuautitl\u00e1n Izcalli, Estado de M\u00e9xico.\u2014 <\/strong>El Gobierno Mde Cuautitl\u00e1n Izcalli, que encabeza Karla Fiesco, en colaboraci\u00f3n con la Secretar\u00eda de Salud y el Instituto de Salud del Estado de M\u00e9xico llevar\u00e1n a cabo la Jornada de Salud para Servir este p 25 de octubre a partir de las 9:00 am en la Explanada Municipal, donde podr\u00e1n encontrar una gran variedad de servicios como consulta m\u00e9dica, vacunaci\u00f3n universal, salud bucal, colposcopias, mastograf\u00edas, detecci\u00f3n de diabetes, hipertensi\u00f3n y triglic\u00e9ridos.<\/p>\n","protected":false},"excerpt":{"rendered":"<p>El Gobierno Mde Cuautitl\u00e1n Izcalli, que encabeza Karla Fiesco, en colaboraci\u00f3n con la Secretar\u00eda de Salud y el Instituto de Salud del Estado de M\u00e9xico llevar\u00e1n a cabo la Jornada de Salud para Servir este p 25 de octubre a partir de las 9:00 am en la Explanada Municipal, donde podr\u00e1n encontrar una gran variedad de servicios como consulta m\u00e9dica, vacunaci\u00f3n universal, salud bucal, colposcopias, mastograf\u00edas, detecci\u00f3n de diabetes, hipertensi\u00f3n y triglic\u00e9ridos.<\/p>\n","protected":false},"author":3,"featured_media":637252,"comment_status":"open","ping_status":"open","sticky":false,"template":"","format":"standard","meta":{"_monsterinsights_skip_tracking":false,"_monsterinsights_sitenote_active":false,"_monsterinsights_sitenote_note":"","_monsterinsights_sitenote_category":0,"footnotes":""},"categories":[5],"tags":[971,43692],"class_list":["post-637147","post","type-post","status-publish","format-standard","has-post-thumbnail","hentry","category-estado-de-mexico","tag-cuautitlan-izcalli","tag-salud"],"_links":{"self":[{"href":"https:\/\/www.diarioimagen.net\/index.php?rest_route=\/wp\/v2\/posts\/637147","targetHints":{"allow":["GET"]}}],"collection":[{"href":"https:\/\/www.diarioimagen.net\/index.php?rest_route=\/wp\/v2\/posts"}],"about":[{"href":"https:\/\/www.diarioimagen.net\/index.php?rest_route=\/wp\/v2\/types\/post"}],"author":[{"embeddable":true,"href":"https:\/\/www.diarioimagen.net\/index.php?rest_route=\/wp\/v2\/users\/3"}],"replies":[{"embeddable":true,"href":"https:\/\/www.diarioimagen.net\/index.php?rest_route=%2Fwp%2Fv2%2Fcomments&post=637147"}],"version-history":[{"count":0,"href":"https:\/\/www.diarioimagen.net\/index.php?rest_route=\/wp\/v2\/posts\/637147\/revisions"}],"wp:featuredmedia":[{"embeddable":true,"href":"https:\/\/www.diarioimagen.net\/index.php?rest_route=\/wp\/v2\/media\/637252"}],"wp:attachment":[{"href":"https:\/\/www.diarioimagen.net\/index.php?rest_route=%2Fwp%2Fv2%2Fmedia&parent=637147"}],"wp:term":[{"taxonomy":"category","embeddable":true,"href":"https:\/\/www.diarioimagen.net\/index.php?rest_route=%2Fwp%2Fv2%2Fcategories&post=637147"},{"taxonomy":"post_tag","embeddable":true,"href":"https:\/\/www.diarioimagen.net\/index.php?rest_route=%2Fwp%2Fv2%2Ftags&post=637147"}],"curies":[{"name":"wp","href":"https:\/\/api.w.org\/{rel}","templated":true}]}}