{"id":637175,"date":"2024-10-16T00:03:33","date_gmt":"2024-10-16T06:03:33","guid":{"rendered":"https:\/\/www.diarioimagen.net\/?p=637175"},"modified":"2024-10-16T00:42:08","modified_gmt":"2024-10-16T06:42:08","slug":"sin-el-inai-el-gobierno-sera-juez-y-parte","status":"publish","type":"post","link":"https:\/\/www.diarioimagen.net\/?p=637175","title":{"rendered":"Sin el Inai, el gobierno ser\u00e1\u00a0juez\u00a0y\u00a0parte"},"content":{"rendered":"<h2>Espacio Electoral<\/h2>\n<h5>Eleazar Flores<\/h5>\n<p>&nbsp;<\/p>\n<p><strong>\u00bfESTO ES AVANZAR?-.<\/strong> Amante de la transparencia, como lo reitera en cada oportunidad que tiene de abordar el tema, la presidenta Claudia Sheinbaum Pardo ratifica que el Instituto Nacional de Acceso a la Informaci\u00f3n y Protecci\u00f3n de Datos, Inai, DESAPARECER\u00c1, asumiendo esas funciones la nueva Secretar\u00eda Anticorrupci\u00f3n, DEPENDIENTE del sector central del gobierno federal.<\/p>\n<p>Esto de DEPENDIENTE DEL SECTOR CENTRAL significa en cristiano que quien presida esta SECRETAR\u00cdA ANTI CORRUPCI\u00d3N, hoy de la FUNCI\u00d3N P\u00daBLICA, ser\u00e1 alguien que designe directamente la Presidenta de la Rep\u00fablica, sin pasar por el aval de alg\u00fan tapiz, como sucede con el nombramiento del Fiscal General de la Rep\u00fablica, por citar s\u00f3lo un ejemplo.<\/p>\n<p>Siendo persona nombrada por la titular del Ejecutivo Federal, alguien en su sano juicio podr\u00eda pensar que \u00bfla persona que tenga a su cargo la Secretar\u00eda Anti Corrupci\u00f3n podr\u00e1 denunciar posibles actos il\u00edcitos cometidos por miembros del mismo gabinete del que forma parte, y que incluso encabeza la jefa de las instituciones nacionales?<\/p>\n<p>Como dice el bolero, LO DUDO, LO DUDO, LO DUDO, a\u00fan trat\u00e1ndose de la persona que estar\u00e1 al frente de la instituci\u00f3n, una tal Raquel Buenrostro, eficient\u00edsima para apretar tuercas a los causantes mayores, renuentes a pagar cuantiosos impuestos, pero esas tuercas se apretaban a personas o a empresas del sector privado, no de la misma FAMILIA POL\u00cdTICA.<\/p>\n<p><strong>\u00c9XITOS DEL INAI-.<\/strong> Innumerables han sido los \u00c9XITOS, pero m\u00e1s que eso, los SERVICIOS-APOYOS que el Inai da a la poblaci\u00f3n en general y especialmente a los MEDIOS DE COMUNICACI\u00d3N, pues cuando algunos funcionarios del gobierno, federal preferentemente, se niegan a dar datos acerca de costos de tales o cuales obras o programas, y SE NIEGAN, los particulares acud\u00edamos al Inai y por oficio solicit\u00e1bamos informaci\u00f3n.<\/p>\n<p>Como beneficiario de estos servicios del Inai uno tiene que agradecerlos pues se han encontrado respuestas a todas las solicitudes, cubriendo los requisitos elementales de identidad.<\/p>\n<p>El caso m\u00e1s sonado descubierto por el Inai fue el MEGA DESFALCO EN SEGALMEX, cuyos montos por presuntos malos manejos, inicialmente, ascendieron a\u00a0 m\u00e1s de 19 mil millones de pesos, pero por obra y milagros de quien sabe quien, la cantidad ha venido descendiendo hasta llegar hace unas dos semanas a poco m\u00e1s de dos mil millones solamente, pero ni as\u00ed se culpa al principal responsable de la dependencia, Ignacio Ovalle Fern\u00e1ndez. \u00bfpor qu\u00e9?, adivine.<\/p>\n<p><strong>MALFARIO-.<\/strong> Para los mal pensados, el desaparecer el Inai se relaciona a su nacimiento, el 8 DE JUNIO DE 2012, cinco meses y 22 d\u00edas antes de que concluyera el sexenio del presidente Felipe Calder\u00f3n Hinojosa, el m\u00e1s mencionado en las MA\u00d1ANERAS ANDRESIANAS y la sucesora de ese ejercicio manipulador tiene que coincidir, como se ve en sus primeras\u00a0 MA\u00d1ANERAS DEL PUEBLO.<\/p>\n<p><em><a href=\"mailto:elefa44@gmail.com\" target=\"_blank\" rel=\"noopener noreferrer\">elefa44@gmail.com<\/a><\/em><\/p>\n","protected":false},"excerpt":{"rendered":"<p><span style=\"color: #005497;\"><strong>Eleazar Flores<\/strong><\/span><\/p>\n","protected":false},"author":3,"featured_media":0,"comment_status":"open","ping_status":"open","sticky":false,"template":"","format":"standard","meta":{"_monsterinsights_skip_tracking":false,"_monsterinsights_sitenote_active":false,"_monsterinsights_sitenote_note":"","_monsterinsights_sitenote_category":0,"footnotes":""},"categories":[81743],"tags":[81744,81776,98560],"class_list":["post-637175","post","type-post","status-publish","format-standard","hentry","category-eleazar-flores","tag-eleazar-flores","tag-espacio-electoral","tag-opinioin"],"_links":{"self":[{"href":"https:\/\/www.diarioimagen.net\/index.php?rest_route=\/wp\/v2\/posts\/637175","targetHints":{"allow":["GET"]}}],"collection":[{"href":"https:\/\/www.diarioimagen.net\/index.php?rest_route=\/wp\/v2\/posts"}],"about":[{"href":"https:\/\/www.diarioimagen.net\/index.php?rest_route=\/wp\/v2\/types\/post"}],"author":[{"embeddable":true,"href":"https:\/\/www.diarioimagen.net\/index.php?rest_route=\/wp\/v2\/users\/3"}],"replies":[{"embeddable":true,"href":"https:\/\/www.diarioimagen.net\/index.php?rest_route=%2Fwp%2Fv2%2Fcomments&post=637175"}],"version-history":[{"count":0,"href":"https:\/\/www.diarioimagen.net\/index.php?rest_route=\/wp\/v2\/posts\/637175\/revisions"}],"wp:attachment":[{"href":"https:\/\/www.diarioimagen.net\/index.php?rest_route=%2Fwp%2Fv2%2Fmedia&parent=637175"}],"wp:term":[{"taxonomy":"category","embeddable":true,"href":"https:\/\/www.diarioimagen.net\/index.php?rest_route=%2Fwp%2Fv2%2Fcategories&post=637175"},{"taxonomy":"post_tag","embeddable":true,"href":"https:\/\/www.diarioimagen.net\/index.php?rest_route=%2Fwp%2Fv2%2Ftags&post=637175"}],"curies":[{"name":"wp","href":"https:\/\/api.w.org\/{rel}","templated":true}]}}