{"id":637177,"date":"2024-10-16T00:13:22","date_gmt":"2024-10-16T06:13:22","guid":{"rendered":"https:\/\/www.diarioimagen.net\/?p=637177"},"modified":"2024-10-16T00:24:11","modified_gmt":"2024-10-16T06:24:11","slug":"y-la-educacion","status":"publish","type":"post","link":"https:\/\/www.diarioimagen.net\/?p=637177","title":{"rendered":"\u00bfY la educaci\u00f3n?"},"content":{"rendered":"<h2>Se comenta s\u00f3lo con\u2026<\/h2>\n<h5>Carlos Ramos Padilla<\/h5>\n<p>&nbsp;<\/p>\n<p>Para presentar y entender una nueva estrategia de seguridad p\u00fablica se requiere de dos aspectos sustantivos que no se mencionaron: la educaci\u00f3n y la salud. No se puede entender un espectro amplio de seguridad sin la prevenci\u00f3n, readaptaci\u00f3n y reinserci\u00f3n social.<\/p>\n<p>Empezar por erradicar la corrupci\u00f3n en el sistema penitenciario. Defender el Estado de Derecho. Pero muy importante, si es que en verdad pretenden llegar a los or\u00edgenes de esta degradaci\u00f3n: la educaci\u00f3n.<\/p>\n<p>En colaboraciones anteriores hice \u00e9nfasis en el inter\u00e9s mostrado por el l\u00edder nacional del SNTE, Alfonso Cepeda, que ha afirmado que \u201cla educaci\u00f3n ha sido y ser\u00e1 el motor de la Cuarta Transformaci\u00f3n nacional\u201d.<\/p>\n<p>Y no es un mero pronunciamiento del l\u00edder sindical, sino representa un objetivo y un compromiso. Y muestra de este empe\u00f1o se ha visto en el rescate urgente del proceso de instrucci\u00f3n p\u00fablica en Acapulco, luego de presentarse dos fen\u00f3menos hidrometeorol\u00f3gicos de graves consecuencias.<\/p>\n<p>Alfonso Cepeda ha entendido que en la educaci\u00f3n, en la formaci\u00f3n de j\u00f3venes es en donde se nutre la semilla para forjar a seres humanos de trascendencia, de valores, de empuje. Y es en nuestro maestros y trabajadores de la educaci\u00f3n en donde, con \u00e9xito, puede vislumbrarse la solidez de una estrategia de seguridad.<\/p>\n<p>La insistencia de Alfonso Cepeda ha sido evidente. La escuela p\u00fablica ha sido el eje, el motor de la instrucci\u00f3n de millones de j\u00f3venes en diferentes generaciones y representa \u201cla construcci\u00f3n de la naci\u00f3n libre, justa y democr\u00e1tica con prosperidad compartida\u201d.<\/p>\n<p>Ah\u00ed est\u00e1 la respuesta que demanda Omar Garc\u00eda Harfuch, cuando anda en la b\u00fasqueda de los or\u00edgenes de la crisis de seguridad.<\/p>\n<p>Adicional debe entenderse que la drogadicci\u00f3n es un problema de salud y as\u00ed se debe atender. No es perseguir a narcomenudistas al servicio de los c\u00e1rteles el mejor esquema para evitar tanto asesinato. La adicci\u00f3n no es cuesti\u00f3n de fiscal\u00edas.<\/p>\n<p>En Sinaloa, en los \u00faltimos d\u00edas 21 asesinatos, un nuevo crimen contra un presidente municipal en Oaxaca, Rom\u00e1n Ruiz, y nada sobre el crimen contra Alejandro Arcos en Chilpancingo. Educaci\u00f3n y salud, ah\u00ed est\u00e1n las respuestas.<\/p>\n<p><a href=\"https:\/\/twitter.com\/cramospadilla?ref_src=twsrc%5Egoogle%7Ctwcamp%5Eserp%7Ctwgr%5Eauthor\" target=\"_blank\" rel=\"noopener\"><em>@cramospadilla<\/em><\/a><\/p>\n","protected":false},"excerpt":{"rendered":"<p><span style=\"color: #005497;\"><strong>Carlos Ramos Padilla<\/strong><\/span><\/p>\n","protected":false},"author":3,"featured_media":0,"comment_status":"open","ping_status":"open","sticky":false,"template":"","format":"standard","meta":{"_monsterinsights_skip_tracking":false,"_monsterinsights_sitenote_active":false,"_monsterinsights_sitenote_note":"","_monsterinsights_sitenote_category":0,"footnotes":""},"categories":[97109],"tags":[97108,43674,97107],"class_list":["post-637177","post","type-post","status-publish","format-standard","hentry","category-carlos-ramos-padilla","tag-carlos-ramos-padilla","tag-opinion","tag-se-comenta-solo-con"],"_links":{"self":[{"href":"https:\/\/www.diarioimagen.net\/index.php?rest_route=\/wp\/v2\/posts\/637177","targetHints":{"allow":["GET"]}}],"collection":[{"href":"https:\/\/www.diarioimagen.net\/index.php?rest_route=\/wp\/v2\/posts"}],"about":[{"href":"https:\/\/www.diarioimagen.net\/index.php?rest_route=\/wp\/v2\/types\/post"}],"author":[{"embeddable":true,"href":"https:\/\/www.diarioimagen.net\/index.php?rest_route=\/wp\/v2\/users\/3"}],"replies":[{"embeddable":true,"href":"https:\/\/www.diarioimagen.net\/index.php?rest_route=%2Fwp%2Fv2%2Fcomments&post=637177"}],"version-history":[{"count":0,"href":"https:\/\/www.diarioimagen.net\/index.php?rest_route=\/wp\/v2\/posts\/637177\/revisions"}],"wp:attachment":[{"href":"https:\/\/www.diarioimagen.net\/index.php?rest_route=%2Fwp%2Fv2%2Fmedia&parent=637177"}],"wp:term":[{"taxonomy":"category","embeddable":true,"href":"https:\/\/www.diarioimagen.net\/index.php?rest_route=%2Fwp%2Fv2%2Fcategories&post=637177"},{"taxonomy":"post_tag","embeddable":true,"href":"https:\/\/www.diarioimagen.net\/index.php?rest_route=%2Fwp%2Fv2%2Ftags&post=637177"}],"curies":[{"name":"wp","href":"https:\/\/api.w.org\/{rel}","templated":true}]}}