{"id":637191,"date":"2024-11-14T00:12:53","date_gmt":"2024-11-14T06:12:53","guid":{"rendered":"https:\/\/www.diarioimagen.net\/?p=637191"},"modified":"2024-11-22T01:09:04","modified_gmt":"2024-11-22T07:09:04","slug":"en-un-encuentro-neoliberal-ceos-de-mexico-y-eu-dan-total-apoyo-a-sheinbaum","status":"publish","type":"post","link":"https:\/\/www.diarioimagen.net\/?p=637191","title":{"rendered":"En un encuentro neoliberal, CEO\u2019s\u00a0de M\u00e9xico y EU dan total\u00a0apoyo a Sheinbaum"},"content":{"rendered":"<h2>Tras la puerta del poder<\/h2>\n<h5>Roberto Vizca\u00edno<\/h5>\n<p><strong>\u00a0<\/strong><\/p>\n<p>Ahora con mayor raz\u00f3n dialoga y se saca <em>selfies<\/em> con ellos si prometen inversiones por m\u00e1s de 20 mil millones de d\u00f3lares por sobre los efectos que pudieran tener sobre sus inversiones la Reforma al Poder Judicial y la continuaci\u00f3n de la 4T.<\/p>\n<p>Quiz\u00e1 el mayor impacto del encuentro de ayer entre la presidenta <strong>Claudia Sheinbaum<\/strong> con los CEO\u2019s de empresas de Estados Unidos y M\u00e9xico en el <strong><em>US-Mexico CEO Dialogue<\/em><\/strong> promovido por su secretario de Econom\u00eda, <strong>Marcelo Ebrard,<\/strong> en asociaci\u00f3n con el presidente del Consejo Coordinador Empresarial,<strong>Francisco Cervantes<\/strong>, fue en la deteriorada y marginada relaci\u00f3n con el embajador <strong>Ken Salazar<\/strong> y el Departamento de Estado de <strong>Joe Biden<\/strong>.<\/p>\n<p>En los hechos, la asistencia de los CEO\u2019s de las mayores empresas de EU al encuentro con la presidenta <strong>Sheinbaum <\/strong>en Palacio, desech\u00f3 los supuestos temores del capital de EU en las consecuencias de la Reforma al Poder Judicial de que hablaron tanto el embajador y el Departamento de Estado.<\/p>\n<p>Ayer todos ellos, sin tamales de <em>chipil\u00edn<\/em> de por medio, dialogaron y convivieron alegremente para que al final el secretario de Econom\u00eda, <strong>Marcelo Ebrard<\/strong>, se inaugurara a los 15 d\u00edas de iniciado este sexenio con un anuncio de inversi\u00f3n por 20 mil millones de d\u00f3lares, cuyo monto no fue lo m\u00e1s importante, sino la expresi\u00f3n de confianza de los capitalistas en el nuevo gobierno en M\u00e9xico.<\/p>\n<p>Con este encuentro y sus resultados quedan adem\u00e1s superados los comentarios respecto de que la nueva y primera presidenta de M\u00e9xico, <strong>Claudia Sheinbaum<\/strong>, es una comunista o socialista radical embozada que fue adem\u00e1s guerrillera en el M-19 de Colombia.<\/p>\n<p><strong>Ebrard <\/strong>resumi\u00f3:<\/p>\n<p>\u201cLa presidenta <strong>Sheinbaum<\/strong> enfatiz\u00f3 que no competimos entre nosotros, <em>nos complementamos<\/em>. Distribuimos una nota sint\u00e9tica de algunos de los cambios que M\u00e9xico est\u00e1 impulsando (\u2026) Va a haber un di\u00e1logo permanente, es el banderazo de salida para la promoci\u00f3n y defensa del T-MEC\u201d, adelant\u00f3.<\/p>\n<p>El ex canciller indic\u00f3 que de las inversiones anunciadas las de Pacific Mexico sumar\u00eda la mayor parte con 15 mil millones de d\u00f3lares.<\/p>\n<p>Le seguir\u00edan las de Royal Caribbean con mil 500 millones de d\u00f3lares para impulsar un polo de desarrollo tur\u00edstico en Mahahual, v\u00eda mar, en Quintana Roo.<\/p>\n<p>Amazon, por su parte, fortalecer\u00e1 su red y su capacidad digital en M\u00e9xico con una inversi\u00f3n de 6 mil millones de d\u00f3lares entre 2025 y 2026 y en cuanto a Pemex, se anunci\u00f3 el desarrollo de un dep\u00f3sito de combustibles, con una inversi\u00f3n de 10,400 millones de d\u00f3lares.<\/p>\n<p>Para dar respuesta a las inquietudes que quedan entre los CEO\u2019s sobre la reforma al Poder Judicial se acord\u00f3 establecer mesas de trabajo que adem\u00e1s incluir\u00e1n otras reformas como la el\u00e9ctrica o energ\u00e9tica ya en curso en el Senado y la C\u00e1mara de Diputados.<\/p>\n<p>Las dudas existentes ser\u00e1n aclaradas en estas mesas, indic\u00f3 <strong>Ebrard<\/strong>, para que \u201cninguna de estas reformas represente un problema para la inversi\u00f3n en M\u00e9xico, todo lo contrario, se va a fortalecer el Estado de Derecho, el sistema el\u00e9ctrico nacional, y que mantengamos mesas de trabajo a trav\u00e9s de la Secretar\u00eda de Econom\u00eda, que estar\u00e1 convocando a las diversas secretar\u00edas\u201d, dijo.<\/p>\n<p>De lo que se trata, insisti\u00f3, es en generar \u201cconfianza\u201d ante el nerviosismo por las reformas constitucionales del expresidente <strong>Andr\u00e9s Manuel L\u00f3pez Obrador<\/strong>, que <strong>Sheinbaum<\/strong> ha respaldado y que est\u00e1n siendo discutidas actualmente en el Congreso mexicano.<\/p>\n<p>\u201c\u2026 que haya certidumbre, confianza, va a ser un esfuerzo muy importante para el inicio de este gobierno\u2026\u201d, subray\u00f3.<\/p>\n<p style=\"text-align: center;\"><strong>El \u201csusto\u201d previo<\/strong><\/p>\n<p>Conducidos por sus choferes hasta las puertas de Palacio en sus camionetas Porsche, Cadillac Escalade, BMW, Mercedes Benz y Suburban y cubiertos por sus escoltas decenas de empresarios se toparon de pronto con la realidad del momento mexicano.<\/p>\n<p>Apresurados por sus l\u00edderes caminaron r\u00e1pido de la puerta 1 a la 3 de Moneda cimbrados por los gritos enardecidos de los trabajadores del Poder Judicial que les advert\u00edan que sin justicia ni Estado de Derecho de nada val\u00edan sus inversiones en M\u00e9xico.<\/p>\n<p>Con su saco colocado a la carrera, <strong>Francisco Cervantes, presidente del CCE,<\/strong> lleg\u00f3 hasta la puerta de madera de Moneda para tocar con apuro y suplicarle a los vigilantes abrir para dejar pasar a los empresarios.<\/p>\n<p>Otros marcaban desesperados a celular de <strong>Marcelo Ebrard.<\/strong><\/p>\n<p>\u201c\u00a1<em>Ya abran la puerta, d\u00e9jenos pasar, ah\u00ed viene la protesta<\/em>!\u201d, gritaba el presidente del CCE.<\/p>\n<p>Hasta ellos llegaban los gritos de \u201cno queremos ser la nueva Venezuela, por eso gritaremos hasta que les duela\u201d.<\/p>\n<p>Un grupo de rezagados, como 15, entre quienes estaba <strong>Jes\u00fas Rodr\u00edguez<\/strong>, presidente de la C\u00e1mara Nacional de Comercio de la Ciudad de M\u00e9xico, clamaba por la asistencia de <strong>Ebrard<\/strong> ante la protesta y reclamos de los trabajadores del Poder Judicial.<\/p>\n<p>Inicialmente los manifestantes se concentraron en el Club de Banqueros de M\u00e9xico, en la Calle 16 de Septiembre, donde se ten\u00eda previsto realizar el encuentro con la presidenta <strong>Sheinbaum, <\/strong>pero advertidos que ser\u00eda en Palacio, caminaron hasta el Z\u00f3calo y se apostaron alrededor de los empresarios.<\/p>\n<p>Una valla les impidi\u00f3 avanzar hacia la puerta del Palacio por donde ingresaron los empresarios.<\/p>\n<p>\u201c\u00a1Que lo vengan a ver, que lo vengan a ver! \u00a1Esto no es un gobierno, es dictadura, es el poder! \u00a1Que lo vengan a ver, que lo vengan a ver! \u00a1Esto no es un gobierno, es dictadura, es el poder!\u201d, coreaban los inconformes.<\/p>\n<p>Una muestra de la protesta que ha generado la aprobaci\u00f3n de la Reforma del Poder Judicial y la cual fue ignorada ayer por los CEOS\u2019s asistentes al encuentro en Palacio, donde anunciaron inversiones por m\u00e1s de 20 mil millones de d\u00f3lares para dar as\u00ed un espaldarazo neoliberal al gobierno entrante.<\/p>\n<p><em><a href=\"https:\/\/twitter.com\/_rvizcaino\" target=\"_blank\" rel=\"noopener noreferrer\">@_RVizcaino<\/a><a href=\"mailto:rvizcainoa@gmail.com\" target=\"_blank\" rel=\"noopener noreferrer\"><br \/>\n<\/a><a href=\"https:\/\/www.facebook.com\/rvizcainoa\" target=\"_blank\" rel=\"noopener noreferrer\">facebook.com\/rvizcainoa<\/a><\/em><\/p>\n","protected":false},"excerpt":{"rendered":"<p><span style=\"color: #005497;\"><strong>Roberto Vizca\u00edno<\/strong><\/span><\/p>\n","protected":false},"author":3,"featured_media":0,"comment_status":"open","ping_status":"open","sticky":false,"template":"","format":"standard","meta":{"_monsterinsights_skip_tracking":false,"_monsterinsights_sitenote_active":false,"_monsterinsights_sitenote_note":"","_monsterinsights_sitenote_category":0,"footnotes":""},"categories":[136],"tags":[43674,93,94],"class_list":["post-637191","post","type-post","status-publish","format-standard","hentry","category-roberto-vizcaino-opinion","tag-opinion","tag-roberto-vizcaino","tag-tras-la-puerta-del-poder"],"_links":{"self":[{"href":"https:\/\/www.diarioimagen.net\/index.php?rest_route=\/wp\/v2\/posts\/637191","targetHints":{"allow":["GET"]}}],"collection":[{"href":"https:\/\/www.diarioimagen.net\/index.php?rest_route=\/wp\/v2\/posts"}],"about":[{"href":"https:\/\/www.diarioimagen.net\/index.php?rest_route=\/wp\/v2\/types\/post"}],"author":[{"embeddable":true,"href":"https:\/\/www.diarioimagen.net\/index.php?rest_route=\/wp\/v2\/users\/3"}],"replies":[{"embeddable":true,"href":"https:\/\/www.diarioimagen.net\/index.php?rest_route=%2Fwp%2Fv2%2Fcomments&post=637191"}],"version-history":[{"count":0,"href":"https:\/\/www.diarioimagen.net\/index.php?rest_route=\/wp\/v2\/posts\/637191\/revisions"}],"wp:attachment":[{"href":"https:\/\/www.diarioimagen.net\/index.php?rest_route=%2Fwp%2Fv2%2Fmedia&parent=637191"}],"wp:term":[{"taxonomy":"category","embeddable":true,"href":"https:\/\/www.diarioimagen.net\/index.php?rest_route=%2Fwp%2Fv2%2Fcategories&post=637191"},{"taxonomy":"post_tag","embeddable":true,"href":"https:\/\/www.diarioimagen.net\/index.php?rest_route=%2Fwp%2Fv2%2Ftags&post=637191"}],"curies":[{"name":"wp","href":"https:\/\/api.w.org\/{rel}","templated":true}]}}