{"id":637307,"date":"2024-10-17T00:01:14","date_gmt":"2024-10-17T06:01:14","guid":{"rendered":"https:\/\/www.diarioimagen.net\/?p=637307"},"modified":"2024-10-17T04:26:19","modified_gmt":"2024-10-17T10:26:19","slug":"inseguridad-derivado-de-anteriores-gobiernos-arleth-grimaldo","status":"publish","type":"post","link":"https:\/\/www.diarioimagen.net\/?p=637307","title":{"rendered":"Inseguridad, derivado de anteriores gobiernos: Arleth\u00a0Grimaldo"},"content":{"rendered":"<p>&nbsp;<\/p>\n<p><a href=\"https:\/\/www.diarioimagen.net\/?attachment_id=637415\" rel=\"attachment wp-att-637415\"><img loading=\"lazy\" decoding=\"async\" class=\"aligncenter size-full wp-image-637415\" src=\"https:\/\/www.diarioimagen.net\/wp-content\/uploads\/2024\/10\/inseguridad-derivado-de-anteriores.jpg\" alt=\"\" width=\"460\" height=\"270\" srcset=\"https:\/\/www.diarioimagen.net\/wp-content\/uploads\/2024\/10\/inseguridad-derivado-de-anteriores.jpg 460w, https:\/\/www.diarioimagen.net\/wp-content\/uploads\/2024\/10\/inseguridad-derivado-de-anteriores-240x141.jpg 240w\" sizes=\"auto, (max-width: 460px) 100vw, 460px\" \/><\/a><\/p>\n<p>&nbsp;<\/p>\n<p><strong>Toluca, Estado de M\u00e9xico.\u2014 <\/strong>Para comprender la inseguridad que padece el Estado de M\u00e9xico, es necesario ser honestos y voltear a ver lo que se dej\u00f3 de hacer en la vida p\u00fablica y social de la entidad en los \u00faltimos 94 a\u00f1os.<\/p>\n<p>Afirm\u00f3 lo anterior la diputada Arleth Grimaldo, luego de afirmar\u00a0 que \u201cdicho con franqueza, padecemos una inseguridad cr\u00f3nica e hist\u00f3rica que incluye a cada administraci\u00f3n estatal que antecedi\u00f3 al actual gobierno, es decir, padecemos las consecuencias de un modelo econ\u00f3mico sectario y excluyente que oper\u00f3 por casi cien a\u00f1os en nuestra entidad\u201d.<\/p>\n<p>Durante el an\u00e1lisis de la Glosa del Primer Informe de la gobernadora Delfina G\u00f3mez \u00c1lvarez, Arleth Grimaldo advirti\u00f3 que de esa magnitud es la naturaleza y el desaf\u00edo que hay en el Estado de M\u00e9xico en materia de seguridad.<\/p>\n<p>&nbsp;<\/p>\n","protected":false},"excerpt":{"rendered":"<p>Para comprender la inseguridad que padece el Estado de M\u00e9xico, es necesario ser honestos y voltear a ver lo que se dej\u00f3 de hacer en la vida p\u00fablica y social de la entidad en los \u00faltimos 94 a\u00f1os.<\/p>\n","protected":false},"author":3,"featured_media":637415,"comment_status":"open","ping_status":"open","sticky":false,"template":"","format":"standard","meta":{"_monsterinsights_skip_tracking":false,"_monsterinsights_sitenote_active":false,"_monsterinsights_sitenote_note":"","_monsterinsights_sitenote_category":0,"footnotes":""},"categories":[5],"tags":[101036,7196,1803],"class_list":["post-637307","post","type-post","status-publish","format-standard","has-post-thumbnail","hentry","category-estado-de-mexico","tag-franqueza","tag-gobierno","tag-inseguridad"],"_links":{"self":[{"href":"https:\/\/www.diarioimagen.net\/index.php?rest_route=\/wp\/v2\/posts\/637307","targetHints":{"allow":["GET"]}}],"collection":[{"href":"https:\/\/www.diarioimagen.net\/index.php?rest_route=\/wp\/v2\/posts"}],"about":[{"href":"https:\/\/www.diarioimagen.net\/index.php?rest_route=\/wp\/v2\/types\/post"}],"author":[{"embeddable":true,"href":"https:\/\/www.diarioimagen.net\/index.php?rest_route=\/wp\/v2\/users\/3"}],"replies":[{"embeddable":true,"href":"https:\/\/www.diarioimagen.net\/index.php?rest_route=%2Fwp%2Fv2%2Fcomments&post=637307"}],"version-history":[{"count":0,"href":"https:\/\/www.diarioimagen.net\/index.php?rest_route=\/wp\/v2\/posts\/637307\/revisions"}],"wp:featuredmedia":[{"embeddable":true,"href":"https:\/\/www.diarioimagen.net\/index.php?rest_route=\/wp\/v2\/media\/637415"}],"wp:attachment":[{"href":"https:\/\/www.diarioimagen.net\/index.php?rest_route=%2Fwp%2Fv2%2Fmedia&parent=637307"}],"wp:term":[{"taxonomy":"category","embeddable":true,"href":"https:\/\/www.diarioimagen.net\/index.php?rest_route=%2Fwp%2Fv2%2Fcategories&post=637307"},{"taxonomy":"post_tag","embeddable":true,"href":"https:\/\/www.diarioimagen.net\/index.php?rest_route=%2Fwp%2Fv2%2Ftags&post=637307"}],"curies":[{"name":"wp","href":"https:\/\/api.w.org\/{rel}","templated":true}]}}