{"id":637322,"date":"2024-10-17T00:03:26","date_gmt":"2024-10-17T06:03:26","guid":{"rendered":"https:\/\/www.diarioimagen.net\/?p=637322"},"modified":"2024-10-17T01:09:14","modified_gmt":"2024-10-17T07:09:14","slug":"celebraran-la-convencion-anual-expo-compositores-foundation-2024","status":"publish","type":"post","link":"https:\/\/www.diarioimagen.net\/?p=637322","title":{"rendered":"Celebrar\u00e1n la \u201cConvenci\u00f3n Anual Expo Compositores Foundation 2024\u201d"},"content":{"rendered":"<p>&nbsp;<\/p>\n<h2 style=\"text-align: center;\">El 5 y 6 de noviembre Monterrey se vestir\u00e1 de fiesta<\/h2>\n<p><strong>\u00a0<\/strong><\/p>\n<ul>\n<li><strong><em> Figuras de la m\u00fasica y expertos de la industria, compartir\u00e1n sus conocimientos <\/em><\/strong><\/li>\n<\/ul>\n<p>&nbsp;<\/p>\n<div id=\"attachment_637421\" style=\"width: 470px\" class=\"wp-caption aligncenter\"><a href=\"https:\/\/www.diarioimagen.net\/?attachment_id=637421\" rel=\"attachment wp-att-637421\"><img loading=\"lazy\" decoding=\"async\" aria-describedby=\"caption-attachment-637421\" class=\"size-full wp-image-637421\" src=\"https:\/\/www.diarioimagen.net\/wp-content\/uploads\/2024\/10\/celebraran-la-convencion-anual.jpg\" alt=\"\" width=\"460\" height=\"270\" srcset=\"https:\/\/www.diarioimagen.net\/wp-content\/uploads\/2024\/10\/celebraran-la-convencion-anual.jpg 460w, https:\/\/www.diarioimagen.net\/wp-content\/uploads\/2024\/10\/celebraran-la-convencion-anual-240x141.jpg 240w\" sizes=\"auto, (max-width: 460px) 100vw, 460px\" \/><\/a><p id=\"caption-attachment-637421\" class=\"wp-caption-text\">La Convenci\u00f3n es el evento m\u00e1s destacado en el mundo autoral, por ser el espacio perfecto para potenciar el talento de las nuevas generaciones.<\/p><\/div>\n<p>&nbsp;<\/p>\n<p>Expo Compositores Foundation es una organizaci\u00f3n sin fines de lucro, creada con el fin de generar espacios e impulsar el talento de los compositores y autores de M\u00e9xico, Latinoam\u00e9rica y Estados Unidos. Desde 2015 comenz\u00f3 el proyecto y a casi una d\u00e9cada, se ha convertido en la plataforma ideal para orientar y apoyar a las nuevas figuras que con sus canciones enriquecen la cultura musical de nuestro continente.<\/p>\n<p>Expo Compositores Foundation tiene como meta primordial fomentar el desarrollo de la creatividad de miles de autores que permanecen en el anonimato por falta de preparaci\u00f3n, conocimiento y recursos. En a\u00f1os anteriores su Convenci\u00f3n Anual se efectu\u00f3 con gran \u00e9xito en la Ciudad de M\u00e9xico o en lugares estrat\u00e9gicos de Estados Unidos, pero en este 2024 se realizar\u00e1 por primera vez en Monterrey, Nuevo Le\u00f3n, por ser el norte de nuestro pa\u00eds un semillero de buenos compositores y un lugar c\u00e1lido y amable para recibir a los autores que vendr\u00e1n de muchas naciones de Latinoam\u00e9rica e incluso de Europa.<\/p>\n<p>La Convenci\u00f3n ha ido creciendo a\u00f1o con a\u00f1o y ha ganado prestigio gracias a que en un solo lugar, los nuevos talentos reciben de manera directa los conocimientos para registrar sus temas, t\u00e9cnicas para pulir sus composiciones, estrategias de marketing, conocer los retos que implica esta carrera y como sobrepasarlos. Son precisamente los autores que han dado grandes \u00e9xitos a las estrellas de la m\u00fasica, quienes impartir\u00e1n conferencias y talleres, as\u00ed como expertos de la industria, productores, sociedades autorales y por supuesto cantautores, los que compartir\u00e1n sus conocimientos y convivir\u00e1n con los hombres y mujeres que pronto escribir\u00e1n su propia historia en el apasionante mundo de la composici\u00f3n.<\/p>\n<p>Sin duda alguna, se trata del evento m\u00e1s destacado en el mundo autoral, por ser el espacio perfecto para potenciar el talento de las nuevas generaciones de compositores y que realmente avancen en su carrera musical. Quienes decidan inscribirse tendr\u00e1n acceso a sesiones de coautor\u00eda, paneles informativos, clases magistrales y todas las herramientas esenciales para el desarrollo de su creatividad; tambi\u00e9n lograr\u00e1n conexiones valiosas y explorar\u00e1n nuevas oportunidades. Para m\u00e1s detalles sobre la convenci\u00f3n, incluyendo inscripciones y programa completo, por favor visita el sitio web <em>https:\/\/expocompositores.com<\/em><\/p>\n<p>La Convenci\u00f3n Anual de Expo Compositores es conocida por su ambiente vibrante y din\u00e1mico. La Inauguraci\u00f3n es el 5 de noviembre, este acto ser\u00e1 encabezado por los compositores y figuras de la m\u00fasica Esa\u00fa Ortiz, Luciano Luna, Rafa Loar de \u201cElefante\u201d, Miguel Luna, Nico Ruiz de Chile, Mario Castelo de \u201cFusi\u00f3n Norte\u00f1a\u201d, la Dra. Rosal\u00eda Garc\u00eda, Presidenta de Expo Compositores Foundation, y los se\u00f1ores Valente Esquivel y Jos\u00e9 David Uribe, ambos A&amp;R de Expo Music en M\u00e9xico y Estados Unidos, respectivamente.<\/p>\n<p>Ese mismo d\u00eda, martes 5 de noviembre, a las 20:00 horas y como cierre a ese d\u00eda de labores, se realizar\u00e1 el Homenaje A Don Roberto Belester por sus 50 a\u00f1os de carrera, como uno de los mejores compositores que ha dado m\u00e9xico: Nunca voy a olvidarte, D\u00e9monos todo, Necesito dec\u00edrtelo, As\u00ed te quiero, A escondidas, son algunos de sus \u00e9xitos que en la voz de Bronco, Jenny Rivera, Cristian Castro, Los Yonic\u2019s, Lucero y Germ\u00e1n Montero, entre muchos otros, han llegado a los primeros lugares de la radio nacional e incluso traspasado fronteras. Para este merecido Homenaje, se contar\u00e1 con las actuaciones en vivo de Roberto Belester Jr., Bryan Mu\u00f1oz y Daniel Robledo.<\/p>\n<p>El mi\u00e9rcoles 6 de noviembre ser\u00e1 important\u00edsimo, pues tras un productivo d\u00eda de talleres y conferencias, la jornada culminar\u00e1 con una alfombra roja vip a las 17:30 horas, cena de gala y homenaje a Jos\u00e9 Alfredo Jim\u00e9nez. En la Alfombra Roja desfilar\u00e1n todas las personalidades invitadas a esta gran Convenci\u00f3n, as\u00ed como figuras de la m\u00fasica que han sido amigos de la organizaci\u00f3n a lo largo de los a\u00f1os; posteriormente se realizar\u00e1 la Cena de Gala y un gran show de clausura a cargo El Dasa, Net\u00f3n Vega, Miguel Luna, Nico Ruiz (figura juvenil No. 1 de Sudam\u00e9rica), Mario Castelo (Fusi\u00f3n Norte\u00f1a), Enigma Norte\u00f1o (grupo con impactante \u00e9xito en Estados Unidos) y Nora Gonz\u00e1lez, interpretando en vivo las grandes canciones del m\u00e1ximo compositor de la m\u00fasica Regional Mexicana, Don Jos\u00e9 Alfredo Jim\u00e9nez.<\/p>\n","protected":false},"excerpt":{"rendered":"<p>Expo Compositores Foundation es una organizaci\u00f3n sin fines de lucro, creada con el fin de generar espacios e impulsar el talento de los compositores y autores de M\u00e9xico, Latinoam\u00e9rica y Estados Unidos. Desde 2015 comenz\u00f3 el proyecto y a casi una d\u00e9cada, se ha convertido en la plataforma ideal para orientar y apoyar a las nuevas figuras que con sus canciones enriquecen la cultura musical de nuestro continente.<\/p>\n","protected":false},"author":3,"featured_media":637421,"comment_status":"open","ping_status":"open","sticky":false,"template":"","format":"standard","meta":{"_monsterinsights_skip_tracking":false,"_monsterinsights_sitenote_active":false,"_monsterinsights_sitenote_note":"","_monsterinsights_sitenote_category":0,"footnotes":""},"categories":[12],"tags":[43682,101039],"class_list":["post-637322","post","type-post","status-publish","format-standard","has-post-thumbnail","hentry","category-espectaculos","tag-espectaculos","tag-expo-compositores-foundation"],"_links":{"self":[{"href":"https:\/\/www.diarioimagen.net\/index.php?rest_route=\/wp\/v2\/posts\/637322","targetHints":{"allow":["GET"]}}],"collection":[{"href":"https:\/\/www.diarioimagen.net\/index.php?rest_route=\/wp\/v2\/posts"}],"about":[{"href":"https:\/\/www.diarioimagen.net\/index.php?rest_route=\/wp\/v2\/types\/post"}],"author":[{"embeddable":true,"href":"https:\/\/www.diarioimagen.net\/index.php?rest_route=\/wp\/v2\/users\/3"}],"replies":[{"embeddable":true,"href":"https:\/\/www.diarioimagen.net\/index.php?rest_route=%2Fwp%2Fv2%2Fcomments&post=637322"}],"version-history":[{"count":0,"href":"https:\/\/www.diarioimagen.net\/index.php?rest_route=\/wp\/v2\/posts\/637322\/revisions"}],"wp:featuredmedia":[{"embeddable":true,"href":"https:\/\/www.diarioimagen.net\/index.php?rest_route=\/wp\/v2\/media\/637421"}],"wp:attachment":[{"href":"https:\/\/www.diarioimagen.net\/index.php?rest_route=%2Fwp%2Fv2%2Fmedia&parent=637322"}],"wp:term":[{"taxonomy":"category","embeddable":true,"href":"https:\/\/www.diarioimagen.net\/index.php?rest_route=%2Fwp%2Fv2%2Fcategories&post=637322"},{"taxonomy":"post_tag","embeddable":true,"href":"https:\/\/www.diarioimagen.net\/index.php?rest_route=%2Fwp%2Fv2%2Ftags&post=637322"}],"curies":[{"name":"wp","href":"https:\/\/api.w.org\/{rel}","templated":true}]}}