{"id":637330,"date":"2024-10-17T00:02:55","date_gmt":"2024-10-17T06:02:55","guid":{"rendered":"https:\/\/www.diarioimagen.net\/?p=637330"},"modified":"2024-10-17T00:28:00","modified_gmt":"2024-10-17T06:28:00","slug":"rosario-piedra-busca-reelegirse-en-la-cndh","status":"publish","type":"post","link":"https:\/\/www.diarioimagen.net\/?p=637330","title":{"rendered":"Rosario Piedra busca reelegirse en\u00a0la\u00a0CNDH"},"content":{"rendered":"<h2>La Retaguardia<\/h2>\n<h5>Adriana Moreno Cordero<\/h5>\n<p>&nbsp;<\/p>\n<ul>\n<li><strong><em>Grupo Codere se capitaliza e inicia nueva etapa<\/em><\/strong><\/li>\n<\/ul>\n<p>&nbsp;<\/p>\n<p>\u201cTropec\u00e9 dos veces con la misma piedra\u201d, eso puede decir la presidenta <strong>Claudia Sheinbaum<\/strong>, el presidente de la Junta de Coordinaci\u00f3n Pol\u00edtica del Senado de la Rep\u00fablica, <strong>Ad\u00e1n Augusto L\u00f3pez Hern\u00e1ndez<\/strong> y una cadena de morenistas sobre las aspiraciones, ni m\u00e1s ni menos que de <strong>Rosario Piedra Ibarra<\/strong> para reelegirse al frente de la Comisi\u00f3n Nacional de Derechos Humanos, (CNDH), cuyo \u00fanico m\u00e9rito es ser hija de una verdadera luchadora social como lo fue <strong>Rosario Ibarra de Piedra<\/strong> y esto \u00faltimo lo reconoci\u00f3 la propia jefa del Ejecutivo federal cuando en su llamada \u201cma\u00f1anera del pueblo\u201d le dio el espaldarazo.<\/p>\n<p>Poco tiempo despu\u00e9s, el senador Ad\u00e1n Augusto L\u00f3pez asegur\u00f3 que Piedra Ibarra \u201cest\u00e1 en su derecho\u201d de participar en la elecci\u00f3n de la titularidad de la Comisi\u00f3n Nacional de los Derechos Humanos, y de buscar un nuevo periodo al frente de este organismo.<\/p>\n<p>Entonces, tal parece que quien busca, como sea, la reelecci\u00f3n en dicha Comisi\u00f3n, tendr\u00eda muchas probabilidades de llegar simplemente, -como se consign\u00f3 en l\u00edneas anteriores-, por ser hija de quien es y cobijada por los morenistas que contin\u00faan a pie juntillas con la din\u00e1mica de alinearse ahora, a los designios silenciosos de <strong>Andr\u00e9s Manuel L\u00f3pez Obrador<\/strong>.<\/p>\n<p>Total, el caso es que en entrevista, L\u00f3pez Hern\u00e1ndez dio a conocer que la presidenta de la Comisi\u00f3n de los Derechos Humanos del Senado, <strong>Reyna Celeste Ascencio Ortega<\/strong>, inform\u00f3 a las bancadas de Morena y r\u00e9moras, que el 15 de octubre se cerr\u00f3 el proceso de inscripci\u00f3n y posteriormente presentar\u00e1 un informe de qui\u00e9nes cumplieron con todos los requisitos.<\/p>\n<p>Y los reporteros le preguntaron al ex secretario de Gobernaci\u00f3n que si el perfil de Rosario Piedra era de su agrado y, ojo, el coordinador morenista evit\u00f3 dar una opini\u00f3n al respecto, al argumentar que su conducta debe ser totalmente institucional. \u00bfSer\u00e1?<\/p>\n<p>\u201cBueno, evidentemente no voy a emitir en este momento una opini\u00f3n respecto a ello, porque ahora, como senador, tengo que ser parte de una decisi\u00f3n\u201d, espec\u00edficamente L\u00f3pez Hern\u00e1ndez. Pero, \u00bfc\u00f3mo olvidar que en una jaloneada sesi\u00f3n en el Senado de la Rep\u00fablica, entre gritos y muestras de rechazo, hace cinco a\u00f1os, Rosario Piedra rindi\u00f3 protesta como titular de la CNDH?<\/p>\n<p>Ese pat\u00e9tico evento en el que se meti\u00f3 al intercambio de manos y aventones la entonces flamante senadora <strong>Citlalli Hern\u00e1ndez<\/strong>, hoy, titular de la Secretar\u00eda de la Mujer; la actual legisladora morenista, <strong>Luc\u00eda Trasvi\u00f1a<\/strong>, entre otras distinguidas personalidades de Morena y sus r\u00e9moras y el tambi\u00e9n entonces senador <strong>Gustavo Enrique Madero<\/strong> sali\u00f3 pr\u00e1cticamente descamisado, trascendi\u00f3 las fronteras nacionales y dej\u00f3 una p\u00e9sima imagen de M\u00e9xico.<\/p>\n<p>Al frente de dicha Comisi\u00f3n, la se\u00f1ora Piedra se dedic\u00f3 \u00fanica y exclusivamente a seguir las \u00f3rdenes ni m\u00e1s ni menos que de L\u00f3pez Obrador, restringi\u00e9ndose al m\u00e1ximo las recomendaciones, ocasionando muchos problemas al interior de la CNDH e incluso interferir, por instrucciones de su jefe, en asuntos electorales que no le correspond\u00edan, am\u00e9n de los excesos que ten\u00eda como presidenta de la CNDH que son bien sabidos.<\/p>\n<p>Todo est\u00e1 armado de nueva cuenta para que la controvertida titular de la Comisi\u00f3n de Derechos Humanos repita en el puesto. Y de esta manera, \u00bfc\u00f3mo se atreve el oficialismo a anunciar que este proceso ser\u00e1 transparente \u201cy con la mayor participaci\u00f3n de la sociedad\u201d. \u00bfOtra vez el \u201cpueblo bueno y sabio\u201d en acci\u00f3n?<\/p>\n<p>Como hace cinco a\u00f1os, la oposici\u00f3n se pronunci\u00f3 en contra de que Piedra Ibarra se reelija y por cierto, la aludida envi\u00f3 un mensaje por sus redes a sus empleados para hacerles saber su decisi\u00f3n.<\/p>\n<p>En este punto tambi\u00e9n entraron al quite los legisladores de oficialismo. El morenista <strong>Antonio Morales<\/strong> advirti\u00f3 a la oposici\u00f3n que no se permitir\u00e1n descalificaciones ni veto en contra de ninguno de los aspirantes registrados. A prop\u00f3sito, estos \u00faltimos, los 65 candidatos registrados, deber\u00edan tomar en consideraci\u00f3n que ya no tienen nada que hacer en una carrera que con toda anticipaci\u00f3n est\u00e1 decidida a favor de la se\u00f1ora Piedra, por ser hija de quien es y estar cobijada por el oficialismo.<\/p>\n<p style=\"text-align: center;\"><strong>Municiones<\/strong><\/p>\n<p><strong>***<\/strong> <strong>Grupo Codere<\/strong>, multinacional l\u00edder en el sector del entretenimiento y el juego, ha completado con \u00e9xito su proceso de recapitalizaci\u00f3n global, lo que marca el inicio de una nueva etapa de estabilidad financiera y crecimiento estrat\u00e9gico para la compa\u00f1\u00eda. Esta operaci\u00f3n hist\u00f3rica ha proporcionado una soluci\u00f3n integral y definitiva para fortalecer la estructura de capital de Codere, garantizando la estabilidad a largo plazo y asegurando la viabilidad y el crecimiento del grupo bajo su nuevo Plan Estrat\u00e9gico. Con esta recapitalizaci\u00f3n, Codere ha reducido su deuda bruta corporativa de alrededor de 1,400 millones de euros a aproximadamente 190 millones, lo que se traduce en una deuda neta consolidada de unos 65 millones de euros, equivalente a 0,5 veces el EBITDA ajustado de 2023, antes de IFRS16. Adem\u00e1s, la compa\u00f1\u00eda ha recibido una inyecci\u00f3n de aproximadamente 60 millones de euros de nueva liquidez, que contribuir\u00e1 a impulsar su plan de negocios y reforzar su solvencia y salud financiera. <strong>Gonzaga Higuero<\/strong>, CEO de Grupo Codere, afirm\u00f3: \u201cLa operaci\u00f3n es un \u00e9xito determinante para Codere, una garant\u00eda de futuro que asegura nuestra posici\u00f3n financiera y relanza la capacidad de la compa\u00f1\u00eda para alcanzar los objetivos de crecimiento marcados. Agradecemos la confianza de nuestros clientes, el apoyo de nuestros inversores y el compromiso de nuestro equipo. Estamos preparados para generar valor para todos nuestros grupos de inter\u00e9s\u201d.<\/p>\n<p><strong>***<\/strong> Los consejeros del Inai, encabezados por el titular, <strong>Adri\u00e1n Alcal\u00e1<\/strong>, se reunieron ayer con la flamante secretaria de Gobernaci\u00f3n, <strong>Rosa Icela Rodr\u00edguez,<\/strong> y mantuvieron una muy leve esperanza de que dicho Instituto no se acabar\u00e1 porque de manera muy amable, por cierto, la titular de la Segob los invit\u00f3 a una nueva reuni\u00f3n en la que los consejeros del Inai deben llevar de manera m\u00e1s detallada, el planteamiento que le hicieron a la responsable de la pol\u00edtica interna del pa\u00eds respecto a un recorte sus gastos en un 30 por ciento, reducci\u00f3n de su personal y eliminaci\u00f3n de gastos en viajes y comisiones.<\/p>\n<p><strong>***<\/strong> El ya pr\u00f3ximo 6 de diciembre, <strong>Pablo Lemus<\/strong> rendir\u00e1 protesta como gobernador de Jalisco, luego de que el Tribunal Electoral del Poder Judicial de la Federaci\u00f3n, (TEPJF) ratific\u00f3 su triunfo. Ayer, la presidenta Sheinbaum recibi\u00f3 en Palacio Nacional al a\u00fan gobernador, <strong>Enrique Alfaro<\/strong>, mientras en el mundillo pol\u00edtico, se dice que el inepto mandatario estatal de Sinaloa, Rub\u00e9n Rocha Moya, no llegar\u00e1 a \u201ccargar los peregrinos\u201d en ese cargo y que el titular de la SEP, <strong>Mario Mart\u00edn Delgado<\/strong>, supuestamente estar\u00eda operando para ello. \u00bfSer\u00e1?<\/p>\n<p><u><a href=\"mailto:morcora@gmail.com\" target=\"_blank\" rel=\"noopener noreferrer\"><em>morcora@gmail.com<\/em><\/a><\/u><\/p>\n","protected":false},"excerpt":{"rendered":"<p><span style=\"color: #005497;\"><strong>Adriana Moreno Cordero<\/strong><\/span><\/p>\n","protected":false},"author":3,"featured_media":0,"comment_status":"open","ping_status":"open","sticky":false,"template":"","format":"standard","meta":{"_monsterinsights_skip_tracking":false,"_monsterinsights_sitenote_active":false,"_monsterinsights_sitenote_note":"","_monsterinsights_sitenote_category":0,"footnotes":""},"categories":[69370],"tags":[69369,69368,43674],"class_list":["post-637330","post","type-post","status-publish","format-standard","hentry","category-adriana-moreno-cordero","tag-adriana-moreno-cordero","tag-la-retaguardia","tag-opinion"],"_links":{"self":[{"href":"https:\/\/www.diarioimagen.net\/index.php?rest_route=\/wp\/v2\/posts\/637330","targetHints":{"allow":["GET"]}}],"collection":[{"href":"https:\/\/www.diarioimagen.net\/index.php?rest_route=\/wp\/v2\/posts"}],"about":[{"href":"https:\/\/www.diarioimagen.net\/index.php?rest_route=\/wp\/v2\/types\/post"}],"author":[{"embeddable":true,"href":"https:\/\/www.diarioimagen.net\/index.php?rest_route=\/wp\/v2\/users\/3"}],"replies":[{"embeddable":true,"href":"https:\/\/www.diarioimagen.net\/index.php?rest_route=%2Fwp%2Fv2%2Fcomments&post=637330"}],"version-history":[{"count":0,"href":"https:\/\/www.diarioimagen.net\/index.php?rest_route=\/wp\/v2\/posts\/637330\/revisions"}],"wp:attachment":[{"href":"https:\/\/www.diarioimagen.net\/index.php?rest_route=%2Fwp%2Fv2%2Fmedia&parent=637330"}],"wp:term":[{"taxonomy":"category","embeddable":true,"href":"https:\/\/www.diarioimagen.net\/index.php?rest_route=%2Fwp%2Fv2%2Fcategories&post=637330"},{"taxonomy":"post_tag","embeddable":true,"href":"https:\/\/www.diarioimagen.net\/index.php?rest_route=%2Fwp%2Fv2%2Ftags&post=637330"}],"curies":[{"name":"wp","href":"https:\/\/api.w.org\/{rel}","templated":true}]}}