{"id":637467,"date":"2024-10-18T00:08:45","date_gmt":"2024-10-18T06:08:45","guid":{"rendered":"https:\/\/www.diarioimagen.net\/?p=637467"},"modified":"2024-10-21T00:14:34","modified_gmt":"2024-10-21T06:14:34","slug":"uaemex-abre-dialogo-a-los-retos-de-la-imagen-de-las-mujeres-en-los-medios-de-comunicacion","status":"publish","type":"post","link":"https:\/\/www.diarioimagen.net\/?p=637467","title":{"rendered":"UAEM\u00e9x abre di\u00e1logo a los retos de la imagen de\u00a0las\u00a0mujeres en los medios de comunicaci\u00f3n"},"content":{"rendered":"<p>&nbsp;<\/p>\n<div id=\"attachment_637524\" style=\"width: 470px\" class=\"wp-caption aligncenter\"><a href=\"https:\/\/www.diarioimagen.net\/?attachment_id=637524\" rel=\"attachment wp-att-637524\"><img loading=\"lazy\" decoding=\"async\" aria-describedby=\"caption-attachment-637524\" class=\"size-full wp-image-637524\" src=\"https:\/\/www.diarioimagen.net\/wp-content\/uploads\/2024\/10\/uaem-abre-dialogo.jpg\" alt=\"\" width=\"460\" height=\"270\" srcset=\"https:\/\/www.diarioimagen.net\/wp-content\/uploads\/2024\/10\/uaem-abre-dialogo.jpg 460w, https:\/\/www.diarioimagen.net\/wp-content\/uploads\/2024\/10\/uaem-abre-dialogo-240x141.jpg 240w\" sizes=\"auto, (max-width: 460px) 100vw, 460px\" \/><\/a><p id=\"caption-attachment-637524\" class=\"wp-caption-text\">Itzel G\u00f3mez Gurrola, periodista de ciencia e integrante de la RedMPC, exhort\u00f3 al estudiantado a generar impactos positivos a trav\u00e9s de acciones concretas que impacten en sus c\u00edrculos cercanos y que ayuden a transformar todos los espacios de la vida cotidiana<\/p><\/div>\n<p>&nbsp;<\/p>\n<p><strong>Toluca, Estado de M\u00e9xico<\/strong><strong>.<\/strong>\u2014 Es importante tejer redes entre nosotras y nosotros para cuestionar todo lo que hacemos y conocer las diferencias entre hombres y mujeres, no para ver qui\u00e9n es m\u00e1s o qui\u00e9n es menos, sino para hacerlas visibles, afirm\u00f3 la periodista de ciencia de Canal 11 e integrante de la Red Mexicana de Periodistas de Ciencia (RedMPC), Itzel Elizabeth G\u00f3mez Gurrola, al impartir la conferencia \u201cNo soy la Chica del Clima\u201d en la Facultad de Contadur\u00eda y Administraci\u00f3n de la Universidad Aut\u00f3noma del Estado de M\u00e9xico (UAEM\u00e9x).<\/p>\n<p>Acompa\u00f1ada de la Secretar\u00eda de Administraci\u00f3n, Er\u00e9ndira Fierro Moreno; la Directora de Comunicaci\u00f3n Universitaria, Ginarely Valencia Alc\u00e1ntara; el director de la Facultad de Contadur\u00eda y Administraci\u00f3n, Juan Carlos Montes de Oca L\u00f3pez; el subdirector de Administrativo, Jorge Ignacio P\u00e9rez Morales y la alumna F\u00e1tima Salazar Guadarrama, G\u00f3mez Gurrola explic\u00f3 que uno de los factores que influyeron en la imagen de las mujeres que presentaban el clima estaba asociado con los medios de comunicaci\u00f3n comerciales para incrementar el ranking de las audiencias por lo que se invitan a modelos que muestren su cuerpo mientras dan el estado del tiempo, ello provoc\u00f3 que las mujeres tuvieran que cumplir ciertas caracter\u00edsticas en su corporalidad.<\/p>\n<p>Ante este contexto, Itzel G\u00f3mez destac\u00f3 que realiz\u00f3 un ejercicio en donde encontr\u00f3 que existe una manera sesgada de la imagen de las comunicadoras y de los comunicadores asociado con los est\u00e1ndares de belleza al estar a cuadro para una televisora.<\/p>\n<p>\u201cEs necesario hablar de estos sesgos de g\u00e9nero para visibilizar temas que en el d\u00eda a d\u00eda pasamos inadvertidos. Tenemos que nombrarlo y hacer cosas, no importa que no sea perfecto, sino que es necesario ocuparnos para encontrar soluciones ante estos sesgos\u201d, afirm\u00f3.<\/p>\n<p>Asimismo, destac\u00f3 que otro de los desaf\u00edos es la brecha de autoestima, la cual se refiere a que las sociedades exigen a las mujeres ser perfectas gener\u00e1ndoles inseguridad a diferencia de los hombres. \u201cA partir del di\u00e1logo que hagamos entre hombres y mujeres, podemos cuestionarnos las diferencias que existen entre nosotras y nosotros para hacer visibles y cuestionar estos retos en cuesti\u00f3n de g\u00e9nero que atravesamos\u201d, apunt\u00f3.<\/p>\n<p>Finalmente, G\u00f3mez Gurrola exhort\u00f3 al estudiantado a generar impactos positivos a trav\u00e9s de acciones concretas que impacten en sus c\u00edrculos cercanos y que ayuden a transformar, no s\u00f3lo los sesgos de g\u00e9nero, sino todos los espacios de la vida cotidiana.<\/p>\n","protected":false},"excerpt":{"rendered":"<p>Es importante tejer redes entre nosotras y nosotros para cuestionar todo lo que hacemos y conocer las diferencias entre hombres y mujeres, no para ver qui\u00e9n es m\u00e1s o qui\u00e9n es menos, sino para hacerlas visibles, afirm\u00f3 la periodista de ciencia de Canal 11 e integrante de la Red Mexicana de Periodistas de Ciencia (RedMPC), Itzel Elizabeth G\u00f3mez Gurrola, al impartir la conferencia \u201cNo soy la Chica del Clima\u201d en la Facultad de Contadur\u00eda y Administraci\u00f3n de la Universidad Aut\u00f3noma del Estado de M\u00e9xico (UAEM\u00e9x).<\/p>\n","protected":false},"author":3,"featured_media":637524,"comment_status":"open","ping_status":"open","sticky":false,"template":"","format":"standard","meta":{"_monsterinsights_skip_tracking":false,"_monsterinsights_sitenote_active":false,"_monsterinsights_sitenote_note":"","_monsterinsights_sitenote_category":0,"footnotes":""},"categories":[5],"tags":[513,45875,67878],"class_list":["post-637467","post","type-post","status-publish","format-standard","has-post-thumbnail","hentry","category-estado-de-mexico","tag-imagen","tag-retos","tag-uaemex"],"_links":{"self":[{"href":"https:\/\/www.diarioimagen.net\/index.php?rest_route=\/wp\/v2\/posts\/637467","targetHints":{"allow":["GET"]}}],"collection":[{"href":"https:\/\/www.diarioimagen.net\/index.php?rest_route=\/wp\/v2\/posts"}],"about":[{"href":"https:\/\/www.diarioimagen.net\/index.php?rest_route=\/wp\/v2\/types\/post"}],"author":[{"embeddable":true,"href":"https:\/\/www.diarioimagen.net\/index.php?rest_route=\/wp\/v2\/users\/3"}],"replies":[{"embeddable":true,"href":"https:\/\/www.diarioimagen.net\/index.php?rest_route=%2Fwp%2Fv2%2Fcomments&post=637467"}],"version-history":[{"count":0,"href":"https:\/\/www.diarioimagen.net\/index.php?rest_route=\/wp\/v2\/posts\/637467\/revisions"}],"wp:featuredmedia":[{"embeddable":true,"href":"https:\/\/www.diarioimagen.net\/index.php?rest_route=\/wp\/v2\/media\/637524"}],"wp:attachment":[{"href":"https:\/\/www.diarioimagen.net\/index.php?rest_route=%2Fwp%2Fv2%2Fmedia&parent=637467"}],"wp:term":[{"taxonomy":"category","embeddable":true,"href":"https:\/\/www.diarioimagen.net\/index.php?rest_route=%2Fwp%2Fv2%2Fcategories&post=637467"},{"taxonomy":"post_tag","embeddable":true,"href":"https:\/\/www.diarioimagen.net\/index.php?rest_route=%2Fwp%2Fv2%2Ftags&post=637467"}],"curies":[{"name":"wp","href":"https:\/\/api.w.org\/{rel}","templated":true}]}}