{"id":637472,"date":"2024-10-18T00:05:51","date_gmt":"2024-10-18T06:05:51","guid":{"rendered":"https:\/\/www.diarioimagen.net\/?p=637472"},"modified":"2024-10-18T03:25:53","modified_gmt":"2024-10-18T09:25:53","slug":"fomenta-gem-arte-y-cultura-entre-la-ninez-de-mexico-y-el-mundo","status":"publish","type":"post","link":"https:\/\/www.diarioimagen.net\/?p=637472","title":{"rendered":"Fomenta GEM arte y cultura entre la ni\u00f1ez de M\u00e9xico y el mundo"},"content":{"rendered":"<p>&nbsp;<\/p>\n<ul>\n<li><em><strong>En el Museo-Taller \u201cLuis Nishizawa\u201d<\/strong><strong>\u00a0<\/strong><\/em><\/li>\n<\/ul>\n<p><strong>\u00a0<\/strong><\/p>\n<div id=\"attachment_637600\" style=\"width: 470px\" class=\"wp-caption aligncenter\"><a href=\"https:\/\/www.diarioimagen.net\/?attachment_id=637600\" rel=\"attachment wp-att-637600\"><img loading=\"lazy\" decoding=\"async\" aria-describedby=\"caption-attachment-637600\" class=\"size-full wp-image-637600\" src=\"https:\/\/www.diarioimagen.net\/wp-content\/uploads\/2024\/10\/fomenta-gem-arte.jpg\" alt=\"\" width=\"460\" height=\"270\" srcset=\"https:\/\/www.diarioimagen.net\/wp-content\/uploads\/2024\/10\/fomenta-gem-arte.jpg 460w, https:\/\/www.diarioimagen.net\/wp-content\/uploads\/2024\/10\/fomenta-gem-arte-240x141.jpg 240w\" sizes=\"auto, (max-width: 460px) 100vw, 460px\" \/><\/a><p id=\"caption-attachment-637600\" class=\"wp-caption-text\">Exhiben las 50 obras ganadoras del XXVIII Concurso Internacional de Pintura Infantil \u201cMOA\u201d en el Museo-Taller \u201cLuis Nishizawa\u201d.<\/p><\/div>\n<p>&nbsp;<\/p>\n<p><strong>Toluca, Estado de M\u00e9xico.\u2014<\/strong> La Secretar\u00eda de Cultura y Turismo del Estado de M\u00e9xico, en colaboraci\u00f3n con el Museo de Arte MOA, de Jap\u00f3n, premi\u00f3 a los ganadores del XXVIII Concurso Internacional de Pintura Infantil MOA, Premio \u201cLuis Nishizawa\u201d, donde participaron ni\u00f1as y ni\u00f1os de diferentes estados de la Rep\u00fablica Mexicana, esto, como parte de las actividades que impulsa el Gobierno del Estado de M\u00e9xico en beneficio del fomento a la cultura.<\/p>\n<p>Durante la ceremonia reconocieron la iniciativa del artista pl\u00e1stico mexiquense Luis Nishizawa Flores para promover el concurso y alojarlo en el Museo-Taller que lleva su nombre, as\u00ed como el de las y los participantes, quienes reciben el apoyo de familiares y maestros para mantener vivos sus sue\u00f1os.<\/p>\n<p>Este concurso cumpli\u00f3 28 a\u00f1os de haber iniciado y 20 de exhibir las piezas ganadoras en el Museo-Taller \u201cLuis Nishizawa\u201d. En esta edici\u00f3n, la Sala de Exposiciones \u201cMOA\u201d ofrece a las y los visitantes las 50 obras ganadoras de ni\u00f1as y ni\u00f1os de distintas edades que muestran su talento, imaginaci\u00f3n, alegr\u00eda e inocencia, al dejar en los lienzos sus sentimientos y forma de entender la vida.<\/p>\n<p>Algunas de las piezas ganadoras que se encuentran exhibidas son: \u201cMi gu\u00eda espiritual\u201d, de Leonardo Roberto Jorge Cruz; \u201cLa gallina\u201d, de Hyerin Yoo; \u201cLas flores y la catarina\u201d, de Hayun An Choe; \u201cEl gato y la luna\u201d, de Mateo Ciri\u00f3n Lee C\u00e1rdenas; \u201cComo lo veo\u201d, de Paloma Rojas Vergara Metz; \u201cDinosaurios del mundo\u201d, de Leonardo Arturo Alonso Aguilar; \u201cUn \u00e1guila hermosa\u201d, de Doyum Daniel An Choe; \u201cPeces de colores\u201d, de Camila Flores Cort\u00e9s; \u201cM\u00e9xico\u201d, de Renata Barr\u00f3n Gama; y \u201cMi mundo est\u00e9 feliz\u201d, de Natalia Garc\u00eda Lucas; adem\u00e1s de menciones honor\u00edficas y especiales.<\/p>\n<p>La exposici\u00f3n podr\u00e1 visitarse antes del mes de marzo de 2025, en el Museo ubicado Nicol\u00e1s Bravo #305, Col. Centro, Toluca, Estado de M\u00e9xico. El horario es de martes a s\u00e1bado de 10:00 a 18:00 horas y domingo de 10:00 a 15:00 horas. La entrada es gratuita.<\/p>\n","protected":false},"excerpt":{"rendered":"<p>La Secretar\u00eda de Cultura y Turismo del Estado de M\u00e9xico, en colaboraci\u00f3n con el Museo de Arte MOA, de Jap\u00f3n, premi\u00f3 a los ganadores del XXVIII Concurso Internacional de Pintura Infantil MOA, Premio \u201cLuis Nishizawa\u201d, donde participaron ni\u00f1as y ni\u00f1os de diferentes estados de la Rep\u00fablica Mexicana, esto, como parte de las actividades que impulsa el Gobierno del Estado de M\u00e9xico en beneficio del fomento a la cultura.<\/p>\n","protected":false},"author":3,"featured_media":637600,"comment_status":"open","ping_status":"open","sticky":false,"template":"","format":"standard","meta":{"_monsterinsights_skip_tracking":false,"_monsterinsights_sitenote_active":false,"_monsterinsights_sitenote_note":"","_monsterinsights_sitenote_category":0,"footnotes":""},"categories":[5,99730],"tags":[43685,1720,44],"class_list":["post-637472","post","type-post","status-publish","format-standard","has-post-thumbnail","hentry","category-estado-de-mexico","category-edomex","tag-cultura","tag-gem","tag-mexico"],"_links":{"self":[{"href":"https:\/\/www.diarioimagen.net\/index.php?rest_route=\/wp\/v2\/posts\/637472","targetHints":{"allow":["GET"]}}],"collection":[{"href":"https:\/\/www.diarioimagen.net\/index.php?rest_route=\/wp\/v2\/posts"}],"about":[{"href":"https:\/\/www.diarioimagen.net\/index.php?rest_route=\/wp\/v2\/types\/post"}],"author":[{"embeddable":true,"href":"https:\/\/www.diarioimagen.net\/index.php?rest_route=\/wp\/v2\/users\/3"}],"replies":[{"embeddable":true,"href":"https:\/\/www.diarioimagen.net\/index.php?rest_route=%2Fwp%2Fv2%2Fcomments&post=637472"}],"version-history":[{"count":0,"href":"https:\/\/www.diarioimagen.net\/index.php?rest_route=\/wp\/v2\/posts\/637472\/revisions"}],"wp:featuredmedia":[{"embeddable":true,"href":"https:\/\/www.diarioimagen.net\/index.php?rest_route=\/wp\/v2\/media\/637600"}],"wp:attachment":[{"href":"https:\/\/www.diarioimagen.net\/index.php?rest_route=%2Fwp%2Fv2%2Fmedia&parent=637472"}],"wp:term":[{"taxonomy":"category","embeddable":true,"href":"https:\/\/www.diarioimagen.net\/index.php?rest_route=%2Fwp%2Fv2%2Fcategories&post=637472"},{"taxonomy":"post_tag","embeddable":true,"href":"https:\/\/www.diarioimagen.net\/index.php?rest_route=%2Fwp%2Fv2%2Ftags&post=637472"}],"curies":[{"name":"wp","href":"https:\/\/api.w.org\/{rel}","templated":true}]}}