{"id":637476,"date":"2024-10-18T00:02:23","date_gmt":"2024-10-18T06:02:23","guid":{"rendered":"https:\/\/www.diarioimagen.net\/?p=637476"},"modified":"2024-10-18T03:27:14","modified_gmt":"2024-10-18T09:27:14","slug":"agustin-barrera-soriano-legitimo-dirigente-del-prd-en-edomex-avala-el-teem","status":"publish","type":"post","link":"https:\/\/www.diarioimagen.net\/?p=637476","title":{"rendered":"Agust\u00edn Barrera Soriano, leg\u00edtimo dirigente del PRD en Edomex, avala el TEEM"},"content":{"rendered":"<p>&nbsp;<\/p>\n<ul>\n<li><em><strong>Termina controversia interna<\/strong><\/em><\/li>\n<\/ul>\n<p>&nbsp;<\/p>\n<div id=\"attachment_637606\" style=\"width: 470px\" class=\"wp-caption aligncenter\"><a href=\"https:\/\/www.diarioimagen.net\/?attachment_id=637606\" rel=\"attachment wp-att-637606\"><img loading=\"lazy\" decoding=\"async\" aria-describedby=\"caption-attachment-637606\" class=\"size-full wp-image-637606\" src=\"https:\/\/www.diarioimagen.net\/wp-content\/uploads\/2024\/10\/agustin-barrera.jpg\" alt=\"\" width=\"460\" height=\"270\" srcset=\"https:\/\/www.diarioimagen.net\/wp-content\/uploads\/2024\/10\/agustin-barrera.jpg 460w, https:\/\/www.diarioimagen.net\/wp-content\/uploads\/2024\/10\/agustin-barrera-240x141.jpg 240w\" sizes=\"auto, (max-width: 460px) 100vw, 460px\" \/><\/a><p id=\"caption-attachment-637606\" class=\"wp-caption-text\">El TEEM reconoce a Agust\u00edn Barrera Soriano como el leg\u00edtimo presidente del Partido de la Revoluci\u00f3n Democr\u00e1tica en el Estado de M\u00e9xico.<\/p><\/div>\n<p>&nbsp;<\/p>\n<p><strong>Toluca, Estado de M\u00e9xico.\u2014<\/strong> El Tribunal Electoral del Estado de M\u00e9xico (TEEM) vot\u00f3 a favor de Agust\u00edn Barrera Soriano, para reconocerlo como el leg\u00edtimo presidente del Partido de la Revoluci\u00f3n Democr\u00e1tica (PRD) en la entidad mexiquense.<\/p>\n<p>La resoluci\u00f3n fue emitida en respuesta al Juicio para la Protecci\u00f3n de los Derechos Pol\u00edticos Local, presentado por Barrera Soriano, tras la controversia interna que hab\u00eda surgido en torno a su liderazgo.<\/p>\n<p>Por orden de la Sala Regional, el pleno del TEEM resolvi\u00f3 restituir a Barrera Soriano, en la Presidencia del PRD estatal, junto con dos secretarios que tambi\u00e9n hab\u00edan sido removidos, devolvi\u00e9ndoles su lugar en la Direcci\u00f3n Estatal de ese instituto pol\u00edtico.<\/p>\n<p>Esta decisi\u00f3n no s\u00f3lo ratifica su liderazgo, sino que tambi\u00e9n valida la gesti\u00f3n del propio Barrera ante el Instituto Electoral del Estado de M\u00e9xico (IEEM) para registrar al PRD como partido pol\u00edtico local.<\/p>\n<p>El fallo del tribunal representa una victoria significativa para Barrera Soriano, quien hab\u00eda mantenido su lucha legal para ser reconocido como el dirigente leg\u00edtimo del PRD mexiquense.\u00a0 Con su reintegraci\u00f3n, el partido buscar\u00e1 consolidar su presencia y prepararse para los pr\u00f3ximos desaf\u00edos electorales en la entidad.<\/p>\n","protected":false},"excerpt":{"rendered":"<p>El Tribunal Electoral del Estado de M\u00e9xico (TEEM) vot\u00f3 a favor de Agust\u00edn Barrera Soriano, para reconocerlo como el leg\u00edtimo presidente del Partido de la Revoluci\u00f3n Democr\u00e1tica (PRD) en la entidad mexiquense.<\/p>\n","protected":false},"author":3,"featured_media":637606,"comment_status":"open","ping_status":"open","sticky":false,"template":"","format":"standard","meta":{"_monsterinsights_skip_tracking":false,"_monsterinsights_sitenote_active":false,"_monsterinsights_sitenote_note":"","_monsterinsights_sitenote_category":0,"footnotes":""},"categories":[5],"tags":[101047,97069],"class_list":["post-637476","post","type-post","status-publish","format-standard","has-post-thumbnail","hentry","category-estado-de-mexico","tag-agustin-barrera-soriano","tag-teem"],"_links":{"self":[{"href":"https:\/\/www.diarioimagen.net\/index.php?rest_route=\/wp\/v2\/posts\/637476","targetHints":{"allow":["GET"]}}],"collection":[{"href":"https:\/\/www.diarioimagen.net\/index.php?rest_route=\/wp\/v2\/posts"}],"about":[{"href":"https:\/\/www.diarioimagen.net\/index.php?rest_route=\/wp\/v2\/types\/post"}],"author":[{"embeddable":true,"href":"https:\/\/www.diarioimagen.net\/index.php?rest_route=\/wp\/v2\/users\/3"}],"replies":[{"embeddable":true,"href":"https:\/\/www.diarioimagen.net\/index.php?rest_route=%2Fwp%2Fv2%2Fcomments&post=637476"}],"version-history":[{"count":0,"href":"https:\/\/www.diarioimagen.net\/index.php?rest_route=\/wp\/v2\/posts\/637476\/revisions"}],"wp:featuredmedia":[{"embeddable":true,"href":"https:\/\/www.diarioimagen.net\/index.php?rest_route=\/wp\/v2\/media\/637606"}],"wp:attachment":[{"href":"https:\/\/www.diarioimagen.net\/index.php?rest_route=%2Fwp%2Fv2%2Fmedia&parent=637476"}],"wp:term":[{"taxonomy":"category","embeddable":true,"href":"https:\/\/www.diarioimagen.net\/index.php?rest_route=%2Fwp%2Fv2%2Fcategories&post=637476"},{"taxonomy":"post_tag","embeddable":true,"href":"https:\/\/www.diarioimagen.net\/index.php?rest_route=%2Fwp%2Fv2%2Ftags&post=637476"}],"curies":[{"name":"wp","href":"https:\/\/api.w.org\/{rel}","templated":true}]}}