{"id":637478,"date":"2024-10-18T00:03:38","date_gmt":"2024-10-18T06:03:38","guid":{"rendered":"https:\/\/www.diarioimagen.net\/?p=637478"},"modified":"2024-10-18T03:26:48","modified_gmt":"2024-10-18T09:26:48","slug":"mexico-necesita-de-gente-como-ricardo-sodi-afirma-david-parra-sanchez","status":"publish","type":"post","link":"https:\/\/www.diarioimagen.net\/?p=637478","title":{"rendered":"M\u00e9xico necesita de gente como Ricardo Sodi, afirma David Parra S\u00e1nchez"},"content":{"rendered":"<p>&nbsp;<\/p>\n<ul>\n<li><em><strong>Para encabezar la SCJN<\/strong><\/em><\/li>\n<\/ul>\n<p><strong>\u00a0<\/strong><\/p>\n<h6>Arturo Baena<\/h6>\n<p>&nbsp;<\/p>\n<div id=\"attachment_637604\" style=\"width: 470px\" class=\"wp-caption aligncenter\"><a href=\"https:\/\/www.diarioimagen.net\/?attachment_id=637604\" rel=\"attachment wp-att-637604\"><img loading=\"lazy\" decoding=\"async\" aria-describedby=\"caption-attachment-637604\" class=\"size-full wp-image-637604\" src=\"https:\/\/www.diarioimagen.net\/wp-content\/uploads\/2024\/10\/mexico-necesita-de-gente.jpg\" alt=\"\" width=\"460\" height=\"270\" srcset=\"https:\/\/www.diarioimagen.net\/wp-content\/uploads\/2024\/10\/mexico-necesita-de-gente.jpg 460w, https:\/\/www.diarioimagen.net\/wp-content\/uploads\/2024\/10\/mexico-necesita-de-gente-240x141.jpg 240w\" sizes=\"auto, (max-width: 460px) 100vw, 460px\" \/><\/a><p id=\"caption-attachment-637604\" class=\"wp-caption-text\">El ex diputado David Parra S\u00e1nchez se pronuncia\u00f3 a favor del maestro Ricardo Sodi para encabezar la Suprema Corte de Justicia de Naci\u00f3n.<\/p><\/div>\n<p>&nbsp;<\/p>\n<p><strong>Tlalnepatla, Estado de M\u00e9xico.\u2014<\/strong> El ex diputado y l\u00edder social de Naucalpan, David Parra S\u00e1nchez, coincidi\u00f3 con las empresarias de la ASECEM , que se pronunciaron a favor y en apoyo al maestro Ricardo Sodi, para encabezar la Suprema Corte de Justicia de Naci\u00f3n .<\/p>\n<p>\u201cEl maestro Ricardo Sodi no es un improvisado y el pa\u00eds necesita gente como \u00e9l, que conoce a fondo la problem\u00e1tica de esa \u00e1rea tan importante como lo es la Suprema Corte de Justicia de la Naci\u00f3n\u201d, expres\u00f3 David Parra.<\/p>\n<p>Lo anterior, al asistir c\u00f3mo invitado a la firma de colaboraci\u00f3n entre la Canaco Ciudad de M\u00e9xico y la Asociaci\u00f3n de Empresarios y Ciudadanos de M\u00e9xico (ASECEM), que busca crear una comisi\u00f3n de mediaci\u00f3n y arbitraje para aquellas empresas que tengan diferencias con la reforma judicial.<\/p>\n<p>Parra S\u00e1nchez dijo que escuch\u00f3 con mucha atenci\u00f3n los temas de seguridad y certeza jur\u00eddica para la inversi\u00f3n nacional y extranjera que requiere M\u00e9xico para un\u00a0 desarrollo econ\u00f3mico que impacte en la mejora de las condiciones de vida de la poblaci\u00f3n.<\/p>\n<p>Finalmente, el l\u00edder social, reiter\u00f3 su compromiso de seguir luchando y ser voz de las y los mexiquenses que buscan justicia social y que muchas de las veces no se les toma en cuenta.<\/p>\n","protected":false},"excerpt":{"rendered":"<p>El ex diputado y l\u00edder social de Naucalpan, David Parra S\u00e1nchez, coincidi\u00f3 con las empresarias de la ASECEM , que se pronunciaron a favor y en apoyo al maestro Ricardo Sodi, para encabezar la Suprema Corte de Justicia de Naci\u00f3n .<\/p>\n","protected":false},"author":3,"featured_media":637604,"comment_status":"open","ping_status":"open","sticky":false,"template":"","format":"standard","meta":{"_monsterinsights_skip_tracking":false,"_monsterinsights_sitenote_active":false,"_monsterinsights_sitenote_note":"","_monsterinsights_sitenote_category":0,"footnotes":""},"categories":[5],"tags":[90846,29035,19969],"class_list":["post-637478","post","type-post","status-publish","format-standard","has-post-thumbnail","hentry","category-estado-de-mexico","tag-asecem","tag-david-parra-sanchez","tag-lider"],"_links":{"self":[{"href":"https:\/\/www.diarioimagen.net\/index.php?rest_route=\/wp\/v2\/posts\/637478","targetHints":{"allow":["GET"]}}],"collection":[{"href":"https:\/\/www.diarioimagen.net\/index.php?rest_route=\/wp\/v2\/posts"}],"about":[{"href":"https:\/\/www.diarioimagen.net\/index.php?rest_route=\/wp\/v2\/types\/post"}],"author":[{"embeddable":true,"href":"https:\/\/www.diarioimagen.net\/index.php?rest_route=\/wp\/v2\/users\/3"}],"replies":[{"embeddable":true,"href":"https:\/\/www.diarioimagen.net\/index.php?rest_route=%2Fwp%2Fv2%2Fcomments&post=637478"}],"version-history":[{"count":0,"href":"https:\/\/www.diarioimagen.net\/index.php?rest_route=\/wp\/v2\/posts\/637478\/revisions"}],"wp:featuredmedia":[{"embeddable":true,"href":"https:\/\/www.diarioimagen.net\/index.php?rest_route=\/wp\/v2\/media\/637604"}],"wp:attachment":[{"href":"https:\/\/www.diarioimagen.net\/index.php?rest_route=%2Fwp%2Fv2%2Fmedia&parent=637478"}],"wp:term":[{"taxonomy":"category","embeddable":true,"href":"https:\/\/www.diarioimagen.net\/index.php?rest_route=%2Fwp%2Fv2%2Fcategories&post=637478"},{"taxonomy":"post_tag","embeddable":true,"href":"https:\/\/www.diarioimagen.net\/index.php?rest_route=%2Fwp%2Fv2%2Ftags&post=637478"}],"curies":[{"name":"wp","href":"https:\/\/api.w.org\/{rel}","templated":true}]}}