{"id":637480,"date":"2024-10-18T00:04:12","date_gmt":"2024-10-18T06:04:12","guid":{"rendered":"https:\/\/www.diarioimagen.net\/?p=637480"},"modified":"2024-10-18T03:26:16","modified_gmt":"2024-10-18T09:26:16","slug":"arranco-vacunacion-en-edomex-contra-influenza-y-covid-19","status":"publish","type":"post","link":"https:\/\/www.diarioimagen.net\/?p=637480","title":{"rendered":"Arranc\u00f3 vacunaci\u00f3n en Edomex contra influenza y Covid-19"},"content":{"rendered":"<p>&nbsp;<\/p>\n<p><a href=\"https:\/\/www.diarioimagen.net\/?attachment_id=637602\" rel=\"attachment wp-att-637602\"><img loading=\"lazy\" decoding=\"async\" class=\"aligncenter size-full wp-image-637602\" src=\"https:\/\/www.diarioimagen.net\/wp-content\/uploads\/2024\/10\/arranco-vacunacion.jpg\" alt=\"\" width=\"460\" height=\"270\" srcset=\"https:\/\/www.diarioimagen.net\/wp-content\/uploads\/2024\/10\/arranco-vacunacion.jpg 460w, https:\/\/www.diarioimagen.net\/wp-content\/uploads\/2024\/10\/arranco-vacunacion-240x141.jpg 240w\" sizes=\"auto, (max-width: 460px) 100vw, 460px\" \/><\/a><\/p>\n<p>&nbsp;<\/p>\n<p><strong>Toluca, Estado de M\u00e9xico.\u2014 <\/strong>Con el objetivo de proteger contra influenza y Covid-19 a la poblaci\u00f3n infantil, mujeres embarazadas, personas con comorbilidades y adultos mayores, la Secretar\u00eda de Salud del Estado de M\u00e9xico inici\u00f3 la Campa\u00f1a de Vacunaci\u00f3n para la Temporada Invernal 2024-2025.<\/p>\n<p>Esta actividad inici\u00f3 el 15 de octubre de 2024 y terminar\u00e1 el 28 de marzo de 2025, por lo que la dependencia llama a los grupos objetivo a acudir con su Cartilla de Salud al Centro de Salud m\u00e1s cercano a su domicilio para recibir los biol\u00f3gicos.<\/p>\n","protected":false},"excerpt":{"rendered":"<p>Con el objetivo de proteger contra influenza y Covid-19 a la poblaci\u00f3n infantil, mujeres embarazadas, personas con comorbilidades y adultos mayores, la Secretar\u00eda de Salud del Estado de M\u00e9xico inici\u00f3 la Campa\u00f1a de Vacunaci\u00f3n para la Temporada Invernal 2024-2025.<\/p>\n","protected":false},"author":3,"featured_media":637602,"comment_status":"open","ping_status":"open","sticky":false,"template":"","format":"standard","meta":{"_monsterinsights_skip_tracking":false,"_monsterinsights_sitenote_active":false,"_monsterinsights_sitenote_note":"","_monsterinsights_sitenote_category":0,"footnotes":""},"categories":[18863],"tags":[101048,90021,2643],"class_list":["post-637480","post","type-post","status-publish","format-standard","has-post-thumbnail","hentry","category-salud-edomex","tag-arranco","tag-covid-19","tag-vacunacion"],"_links":{"self":[{"href":"https:\/\/www.diarioimagen.net\/index.php?rest_route=\/wp\/v2\/posts\/637480","targetHints":{"allow":["GET"]}}],"collection":[{"href":"https:\/\/www.diarioimagen.net\/index.php?rest_route=\/wp\/v2\/posts"}],"about":[{"href":"https:\/\/www.diarioimagen.net\/index.php?rest_route=\/wp\/v2\/types\/post"}],"author":[{"embeddable":true,"href":"https:\/\/www.diarioimagen.net\/index.php?rest_route=\/wp\/v2\/users\/3"}],"replies":[{"embeddable":true,"href":"https:\/\/www.diarioimagen.net\/index.php?rest_route=%2Fwp%2Fv2%2Fcomments&post=637480"}],"version-history":[{"count":0,"href":"https:\/\/www.diarioimagen.net\/index.php?rest_route=\/wp\/v2\/posts\/637480\/revisions"}],"wp:featuredmedia":[{"embeddable":true,"href":"https:\/\/www.diarioimagen.net\/index.php?rest_route=\/wp\/v2\/media\/637602"}],"wp:attachment":[{"href":"https:\/\/www.diarioimagen.net\/index.php?rest_route=%2Fwp%2Fv2%2Fmedia&parent=637480"}],"wp:term":[{"taxonomy":"category","embeddable":true,"href":"https:\/\/www.diarioimagen.net\/index.php?rest_route=%2Fwp%2Fv2%2Fcategories&post=637480"},{"taxonomy":"post_tag","embeddable":true,"href":"https:\/\/www.diarioimagen.net\/index.php?rest_route=%2Fwp%2Fv2%2Ftags&post=637480"}],"curies":[{"name":"wp","href":"https:\/\/api.w.org\/{rel}","templated":true}]}}