{"id":637646,"date":"2024-11-12T00:12:26","date_gmt":"2024-11-12T06:12:26","guid":{"rendered":"https:\/\/www.diarioimagen.net\/?p=637646"},"modified":"2024-11-22T01:15:02","modified_gmt":"2024-11-22T07:15:02","slug":"y-ahora-que-vendra-eu-por-su-presa-mayor","status":"publish","type":"post","link":"https:\/\/www.diarioimagen.net\/?p=637646","title":{"rendered":"\u00bfY\u00a0ahora\u00a0qu\u00e9?&#8230;\u00a0\u00bfvendr\u00e1 EU\u00a0por\u00a0\u2018su\u2019\u00a0presa\u00a0mayor?"},"content":{"rendered":"<h2>Tras la puerta del poder<\/h2>\n<h5>Roberto Vizca\u00edno<\/h5>\n<p>&nbsp;<\/p>\n<p>El aplauso estridente de Morena y <strong>Claudia Sheinbaum<\/strong> a los 38 a\u00f1os de c\u00e1rcel dictados a <strong>Genaro Garc\u00eda Luna<\/strong> por un juez estadounidense en Nueva York fue una aprobada validaci\u00f3n, incitaci\u00f3n, clamor para que la justicia de all\u00e1 venga a arreglar nuestros grandes problemas de impunidad de ac\u00e1.<\/p>\n<p>Es la <strong>soluci\u00f3n perfecta<\/strong> ante la ausencia de condiciones\u2026 y voluntad pol\u00edtica en M\u00e9xico para procesar a los grandes delincuentes en tribunales del pa\u00eds.<\/p>\n<p>Una condici\u00f3n ideal es que a nuestros grandes delincuentes se los lleven a Nueva York para que un juez y un tribunal norteamericanos los juzgue y sentencie ante la vista de todos aqu\u00ed, sin que ninguna autoridad ni instituci\u00f3n nacional tenga nada que hacer.<\/p>\n<p>Oiga Usted, pues es algo que ni los <strong>Simpson<\/strong> pensaron.<\/p>\n<p>En ese mismo tribunal, con ese mismo juez federal, <strong>Brian Cogan<\/strong>, y en la misma ciudad de Nueva York ensayaron primero con el mayor capo del narco mexicano y mundial, con <strong>Joaqu\u00edn<\/strong> <strong><em>El Chapo<\/em><\/strong> <strong>Guzm\u00e1n <\/strong>(d\u00edganle por favor \u201cse\u00f1or\u201d, pedir\u00eda el de Macuspana en una de sus ma\u00f1aneras).<\/p>\n<p>Pero no s\u00f3lo eso, establecieron m\u00e9todo y presentaron a sus testigos, puros delincuentes y eliminaron las pruebas, s\u00f3lo quedaron los testimonios que, en Derecho, dicen quienes saben, no son v\u00e1lidos para sentenciar a nadie. S\u00f3lo dichos no hechos.<\/p>\n<p>No import\u00f3. El circo estaba completo.<\/p>\n<p>Luego, ante el asombro de la c\u00fapula militar mexicana, del presidente <strong>Andr\u00e9s Manuel L\u00f3pez Obrador<\/strong> y de la clase pol\u00edtica all\u00e1 continuaron con el ensayo al capturar al ex secretario de la Defensa, al general <strong>Salvador Cienfuegos,<\/strong> acusado por corrupci\u00f3n y v\u00ednculos con el narco.<\/p>\n<p>Todo estaba preparado para llevarlo ante el mismo juez, juzgado y ciudad de Nueva York. Pero una jugada bajo la mesa lo regres\u00f3 a M\u00e9xico bajo la promesa de que aqu\u00ed ser\u00eda procesado. Eso nunca ocurri\u00f3. Y todo qued\u00f3 en una exhibici\u00f3n del gobierno de M\u00e9xico como encubridor de delincuentes.<\/p>\n<p>Pero en EU todo estaba ya preparado para continuar con sus intenciones de ir a fondo contra los funcionarios mexicanos y vino la captura de <strong>Genaro Garc\u00eda Luna<\/strong>.<\/p>\n<p>El primero en celebrarlo fue el presidente <strong>Andr\u00e9s Manuel L\u00f3pez Obrador<\/strong>, a quien se comenzaba a se\u00f1alar con v\u00ednculos y financiamiento del narco.<\/p>\n<p>Pero para \u00e9l era la situaci\u00f3n ideal para atacar a su enemigo central: al ex presidente <strong>Felipe Calder\u00f3n<\/strong>.<\/p>\n<p>Los norteamericanos le aventaron el bocado envenenado y \u00e9l se lo trag\u00f3 goloso.<\/p>\n<p>Las etapas del juicio, las declaraciones de los testigos, los an\u00e1lisis y comentarios fueron seguidos minuciosamente por <strong>AMLO<\/strong> desde sus ma\u00f1aneras para, con sorna, con una sonrisa burlona, arremeter contra <strong>Calder\u00f3n<\/strong> e iniciar una persecuci\u00f3n en M\u00e9xico, dentro de su gobierno, contra ex colaboradores del ex secretario de Seguridad.<\/p>\n<p style=\"text-align: center;\"><strong>Y lleg\u00f3 la ansiada sentencia<\/strong><\/p>\n<p>Inexpresiva, siempre r\u00edgida, dura la sonrisa, la presidenta <strong>Claudia Sheinbaum<\/strong> esta vez no pudo ocultar su satisfacci\u00f3n.<\/p>\n<p>Ayer, continu\u00f3 con su tema al exigirle al ex presidente <strong>Felipe Calder\u00f3n ofrezca<\/strong> disculpas a los mexicanos por haber designado a <strong>Genaro Garc\u00eda Luna<\/strong> como su secretario de Seguridad.<\/p>\n<p>Sin entender que en pol\u00edtica todo lo que se dice, afirma, condena se puede revertir, <strong>Sheinbaum<\/strong> lo llam\u00f3 c\u00ednico y consider\u00f3 incre\u00edble que diga que no sab\u00eda de los malos pasos de su colaborador.<\/p>\n<p>As\u00ed, al decir todo lo que dijo respecto del caso, la presidenta <strong>Sheinbaum<\/strong> valid\u00f3, legitim\u00f3 que la justicia de EU haya enjuiciado a <strong><em>El Chapo<\/em> Guzm\u00e1n<\/strong>, que haya detenido al general <strong>Salvador Cienfuegos<\/strong>, que haya enjuiciado y condenado a <strong>Genaro Garc\u00eda Luna<\/strong> y que vaya a procesar ahora a<strong> Ismael <em>El Mayo<\/em> Zambada<\/strong> y los <strong><em>Chapitos<\/em><\/strong>, todos ellos delincuentes mexicanos que cometieron sus fechor\u00edas en M\u00e9xico.<\/p>\n<p>Valida adem\u00e1s el comentario del juez <strong>Cogan,<\/strong> quien al dictar sentencia a <strong>Garc\u00eda Luna<\/strong> dijo, \u00bfpremonitorio?:<\/p>\n<p>\u201c<strong>El delito aqu\u00ed es tan abrumador que <u>sugiere una necesidad real de enviar un mensaje a otros funcionarios p\u00fablicos<\/u><\/strong>\u201d. (S\u00ed, los subrayados y cursivas son m\u00edos pero la advertencia es del juez).<\/p>\n<p>\u00bfEn qui\u00e9n pensaba el juez <strong>Cogan<\/strong> al decirlo? Evidentemente se refer\u00eda a funcionarios mexicanos.<\/p>\n<p>Ya veremos. Se ha hablado mucho de qui\u00e9n podr\u00eda seguir en ese juzgado.<\/p>\n<p style=\"text-align: center;\"><strong>El festejo fue de palacio al senado y san l\u00e1zaro<\/strong><\/p>\n<p>En las c\u00e1maras de Senadores y Diputados el fallo del juez <strong>Cogan<\/strong> fue el trampol\u00edn sobre el cual los legisladores de Morena, como los elefantes de la canci\u00f3n, se balancearon hasta desbordar la paciencia de los panistas.<\/p>\n<p>A coro pidieron a la justicia estadounidense procesar ahora al ex presidente <strong>Felipe Calder\u00f3n<\/strong>.<\/p>\n<p>Gritos, discursos en tribuna y hasta una gran manta desplegada en una de las paredes del Pleno senatorial festejaban la sentencia del juez estadounidense como si fuese un gran triunfo propio de los de Morena.<\/p>\n<p><strong>Acorralados, los panistas cedieron y, a su vez, validaron el fallo. Marko Cort\u00e9s, presidente del PAN,<\/strong> aprovech\u00f3 igual la sentencia aplicada al ex secretario de Seguridad de <strong>Felipe Calder\u00f3n<\/strong> para cobrarle facturas a su enemigo el ex presidente.<\/p>\n<p>Pidi\u00f3 al igual, que el resto del coro, que <strong>Calder\u00f3n<\/strong> de la cara, que comparezca ante los mexicanos y que diga c\u00f3mo fue que nombr\u00f3 a <strong>Garc\u00eda Luna<\/strong> en ese cargo\u2026 y c\u00f3mo fue posible que no supiera lo que se supone hac\u00eda.<\/p>\n<p>Al aplaudir el juicio y la sentencia todos ellos aprobaron, validaron, casi clamaron que la justicia de EU enjuicie y castigue a los funcionarios delincuentes de M\u00e9xico.<\/p>\n<p>Hoy, en medio de la fiesta no hay que olvidar ni minimizar las denuncias, los se\u00f1alamientos, las menciones que los grandes diarios de EU con base en investigaciones de la DEA y otras agencias de EU, apoyados en menciones que los mismos delincuentes que declararon contra <strong>Garc\u00eda Luna<\/strong> han hecho para se\u00f1alar al ex presidente <strong>Andr\u00e9s Manuel L\u00f3pez Obrador<\/strong>. No, no se puede ignorar lo que han indicado sobre un financiamiento de los grandes capos del narco a las campa\u00f1as presidenciales del ex presidente.<\/p>\n<p>No ahora, que todos aplauden lo de <strong>Garc\u00eda Luna<\/strong>.<\/p>\n<p><em><a href=\"https:\/\/twitter.com\/_rvizcaino\" target=\"_blank\" rel=\"noopener noreferrer\">@_RVizcaino<\/a><a href=\"mailto:rvizcainoa@gmail.com\" target=\"_blank\" rel=\"noopener noreferrer\"><br \/>\n<\/a><a href=\"https:\/\/www.facebook.com\/rvizcainoa\" target=\"_blank\" rel=\"noopener noreferrer\">facebook.com\/rvizcainoa<\/a><\/em><\/p>\n","protected":false},"excerpt":{"rendered":"<p><span style=\"color: #005497;\"><strong>Roberto Vizca\u00edno<\/strong><\/span><\/p>\n","protected":false},"author":3,"featured_media":0,"comment_status":"open","ping_status":"open","sticky":false,"template":"","format":"standard","meta":{"_monsterinsights_skip_tracking":false,"_monsterinsights_sitenote_active":false,"_monsterinsights_sitenote_note":"","_monsterinsights_sitenote_category":0,"footnotes":""},"categories":[136],"tags":[43674,93,94],"class_list":["post-637646","post","type-post","status-publish","format-standard","hentry","category-roberto-vizcaino-opinion","tag-opinion","tag-roberto-vizcaino","tag-tras-la-puerta-del-poder"],"_links":{"self":[{"href":"https:\/\/www.diarioimagen.net\/index.php?rest_route=\/wp\/v2\/posts\/637646","targetHints":{"allow":["GET"]}}],"collection":[{"href":"https:\/\/www.diarioimagen.net\/index.php?rest_route=\/wp\/v2\/posts"}],"about":[{"href":"https:\/\/www.diarioimagen.net\/index.php?rest_route=\/wp\/v2\/types\/post"}],"author":[{"embeddable":true,"href":"https:\/\/www.diarioimagen.net\/index.php?rest_route=\/wp\/v2\/users\/3"}],"replies":[{"embeddable":true,"href":"https:\/\/www.diarioimagen.net\/index.php?rest_route=%2Fwp%2Fv2%2Fcomments&post=637646"}],"version-history":[{"count":0,"href":"https:\/\/www.diarioimagen.net\/index.php?rest_route=\/wp\/v2\/posts\/637646\/revisions"}],"wp:attachment":[{"href":"https:\/\/www.diarioimagen.net\/index.php?rest_route=%2Fwp%2Fv2%2Fmedia&parent=637646"}],"wp:term":[{"taxonomy":"category","embeddable":true,"href":"https:\/\/www.diarioimagen.net\/index.php?rest_route=%2Fwp%2Fv2%2Fcategories&post=637646"},{"taxonomy":"post_tag","embeddable":true,"href":"https:\/\/www.diarioimagen.net\/index.php?rest_route=%2Fwp%2Fv2%2Ftags&post=637646"}],"curies":[{"name":"wp","href":"https:\/\/api.w.org\/{rel}","templated":true}]}}