{"id":637687,"date":"2024-10-21T00:01:35","date_gmt":"2024-10-21T06:01:35","guid":{"rendered":"https:\/\/www.diarioimagen.net\/?p=637687"},"modified":"2024-10-29T00:25:47","modified_gmt":"2024-10-29T06:25:47","slug":"escala-violencia-en-culiacan-pese-a-despliegue-militar","status":"publish","type":"post","link":"https:\/\/www.diarioimagen.net\/?p=637687","title":{"rendered":"Escala violencia en Culiac\u00e1n, pese a despliegue militar"},"content":{"rendered":"<p>&nbsp;<\/p>\n<h2 style=\"text-align: center;\">Narcoguerra sin fin en Sinaloa<\/h2>\n<p><em>\u00a0<\/em><\/p>\n<ul>\n<li><em><strong>Ambiente de miedo, desde hace 5 semanas<\/strong><\/em><\/li>\n<\/ul>\n<p>&nbsp;<\/p>\n<div id=\"attachment_637821\" style=\"width: 470px\" class=\"wp-caption aligncenter\"><a href=\"https:\/\/www.diarioimagen.net\/?attachment_id=637821\" rel=\"attachment wp-att-637821\"><img loading=\"lazy\" decoding=\"async\" aria-describedby=\"caption-attachment-637821\" class=\"size-full wp-image-637821\" src=\"https:\/\/www.diarioimagen.net\/wp-content\/uploads\/2024\/10\/escala-violencia.jpg\" alt=\"\" width=\"460\" height=\"270\" srcset=\"https:\/\/www.diarioimagen.net\/wp-content\/uploads\/2024\/10\/escala-violencia.jpg 460w, https:\/\/www.diarioimagen.net\/wp-content\/uploads\/2024\/10\/escala-violencia-240x141.jpg 240w\" sizes=\"auto, (max-width: 460px) 100vw, 460px\" \/><\/a><p id=\"caption-attachment-637821\" class=\"wp-caption-text\">Tras m\u00e1s de un mes de violencia en Sinaloa, este fin de semana, se registraron enfrentamientos, bloqueos y la presencia de grupos armados en diferentes zonas de la entidad.<\/p><\/div>\n<p>&nbsp;<\/p>\n<p>Tras cinco semanas de violencia ininterrumpida en Culiac\u00e1n y municipios aleda\u00f1os, los operativos de las fuerzas de seguridad y el despliegue de al menos 3 mil militares, la situaci\u00f3n parece estar lejos de ser controlada, por lo que impera un ambiente de miedo e incertidumbre entre los habitantes sinaloenses.<\/p>\n<p>Este fin de semana, nuevamente se registraron enfrentamientos, bloqueos y la presencia de grupos armados en diferentes zonas de la entidad, siendo unas de las jornadas m\u00e1s violentas que se han reportado desde el pasado 9 de septiembre. Con las disputas internas en el C\u00e1rtel de Sinaloa (CDS) entre las facciones Guzm\u00e1n y Zambada, Sinaloa promedia 6.2 asesinatos diarios.<\/p>\n<p>De acuerdo a datos de la Fiscal\u00eda General del Estado, a dos meses y medio de terminar el a\u00f1o, Sinaloa ya acumula ya acumula 584 homicidios dolosos, 18 m\u00e1s que los 566 registrados en todo 2023<\/p>\n<p>Este es el segundo dato hist\u00f3rico m\u00e1s alto, solo por debajo de los 6.6 homicidios cada d\u00eda registrados en el 2010, cuando los Beltr\u00e1n Leyva estaban en conflicto con el C\u00e1rtel de Sinaloa por el arresto de Alfredo Beltr\u00e1n Leyva, alias \u201cEl Mochomo\u201d.<\/p>\n<p style=\"text-align: center;\">\u00a0<strong>Narcoviolencia arrastra la econom\u00eda en Sinaloa<\/strong><\/p>\n<p>Esta oleada de narcoviolencia en Sinaloa tiene paralizada a la econom\u00eda, ya que empresas y comercios han tenido que cerrar sus puertas o ajustar sus horarios. Tambi\u00e9n han recortado personal. No pueden trabajar libremente por la escalada de hechos delictivos, as\u00ed como los alumnos no han podido regularizar la asistencia a las escuelas.<\/p>\n<p>Desatada abiertamente desde el 9 de septiembre, la guerra entre las facciones del C\u00e1rtel de Sinaloa de los Chapitos y los Mayitos alcanz\u00f3 ya a amedrentar al turismo, que suele abarrotar las playas de Mazatl\u00e1n, y tiene tambi\u00e9n otras consecuencias, como los robos y extorsiones, y en algunos casos cobro de piso<\/p>\n<p>Y es que Culiac\u00e1n ya no cuenta con seguridad p\u00fablica desde el primer d\u00eda de enfrentamientos, es decir, hace ya m\u00e1s de un mes. La situaci\u00f3n se agrav\u00f3 con el desarme de la polic\u00eda municipal por parte del Ej\u00e9rcito. La revisi\u00f3n de la Licencia Oficial Colectiva (LOC) 204, desde el mi\u00e9rcoles 25 de septiembre, se mantiene. No hay polic\u00eda municipal en las calles. Tampoco agentes de tr\u00e1nsito.<\/p>\n<p>En redes sociales se puede dar cuenta de ello. No solamente por las noches, horario del designado toque de queda para la ciudad, tambi\u00e9n durante el d\u00eda ocurren robos.<\/p>\n<p>Los grupos armados circulan con libertad, no solamente en las noches, a veces tambi\u00e9n a plena luz del d\u00eda, y los comercios, desde peque\u00f1os establecimientos hasta plazas comerciales, son presa del crimen.<\/p>\n<p>El Consejo Intercamaral de Culiac\u00e1n brind\u00f3 datos sobre las p\u00e9rdidas, que se calculaban entonces en 625 mil millones de pesos y la eliminaci\u00f3n de alrededor de 2 mil empleos. As\u00ed lo inform\u00f3 Martha Elena Reyes Zazueta, presidenta de Coparmex Sinaloa.<\/p>\n","protected":false},"excerpt":{"rendered":"<p>Tras cinco semanas de violencia ininterrumpida en Culiac\u00e1n y municipios aleda\u00f1os, los operativos de las fuerzas de seguridad y el despliegue de al menos 3 mil militares, la situaci\u00f3n parece estar lejos de ser controlada, por lo que impera un ambiente de miedo e incertidumbre entre los habitantes sinaloenses.<\/p>\n","protected":false},"author":3,"featured_media":637821,"comment_status":"open","ping_status":"open","sticky":false,"template":"","format":"standard","meta":{"_monsterinsights_skip_tracking":false,"_monsterinsights_sitenote_active":false,"_monsterinsights_sitenote_note":"","_monsterinsights_sitenote_category":0,"footnotes":""},"categories":[17,7],"tags":[85950,46610,43677,831,5066],"class_list":["post-637687","post","type-post","status-publish","format-standard","has-post-thumbnail","hentry","category-especiales","category-seguridad","tag-despliegue","tag-militar","tag-seguridad","tag-sinaloa","tag-violencia"],"_links":{"self":[{"href":"https:\/\/www.diarioimagen.net\/index.php?rest_route=\/wp\/v2\/posts\/637687","targetHints":{"allow":["GET"]}}],"collection":[{"href":"https:\/\/www.diarioimagen.net\/index.php?rest_route=\/wp\/v2\/posts"}],"about":[{"href":"https:\/\/www.diarioimagen.net\/index.php?rest_route=\/wp\/v2\/types\/post"}],"author":[{"embeddable":true,"href":"https:\/\/www.diarioimagen.net\/index.php?rest_route=\/wp\/v2\/users\/3"}],"replies":[{"embeddable":true,"href":"https:\/\/www.diarioimagen.net\/index.php?rest_route=%2Fwp%2Fv2%2Fcomments&post=637687"}],"version-history":[{"count":0,"href":"https:\/\/www.diarioimagen.net\/index.php?rest_route=\/wp\/v2\/posts\/637687\/revisions"}],"wp:featuredmedia":[{"embeddable":true,"href":"https:\/\/www.diarioimagen.net\/index.php?rest_route=\/wp\/v2\/media\/637821"}],"wp:attachment":[{"href":"https:\/\/www.diarioimagen.net\/index.php?rest_route=%2Fwp%2Fv2%2Fmedia&parent=637687"}],"wp:term":[{"taxonomy":"category","embeddable":true,"href":"https:\/\/www.diarioimagen.net\/index.php?rest_route=%2Fwp%2Fv2%2Fcategories&post=637687"},{"taxonomy":"post_tag","embeddable":true,"href":"https:\/\/www.diarioimagen.net\/index.php?rest_route=%2Fwp%2Fv2%2Ftags&post=637687"}],"curies":[{"name":"wp","href":"https:\/\/api.w.org\/{rel}","templated":true}]}}