{"id":637689,"date":"2024-10-21T00:02:49","date_gmt":"2024-10-21T06:02:49","guid":{"rendered":"https:\/\/www.diarioimagen.net\/?p=637689"},"modified":"2024-10-29T00:25:57","modified_gmt":"2024-10-29T06:25:57","slug":"reubica-eu-en-prisiones-a-los-hijos-de-el-chapo","status":"publish","type":"post","link":"https:\/\/www.diarioimagen.net\/?p=637689","title":{"rendered":"Reubica Estados Unidos en prisiones a los hijos de \u201cEl\u00a0Chapo\u201d"},"content":{"rendered":"<p>&nbsp;<\/p>\n<ul>\n<li><strong><em>Avanza supuesta negociaci\u00f3n de colaboraci\u00f3n<\/em> <\/strong><\/li>\n<\/ul>\n<p>&nbsp;<\/p>\n<div id=\"attachment_637819\" style=\"width: 470px\" class=\"wp-caption aligncenter\"><a href=\"https:\/\/www.diarioimagen.net\/?attachment_id=637819\" rel=\"attachment wp-att-637819\"><img loading=\"lazy\" decoding=\"async\" aria-describedby=\"caption-attachment-637819\" class=\"size-full wp-image-637819\" src=\"https:\/\/www.diarioimagen.net\/wp-content\/uploads\/2024\/10\/reubica-eu-chapitos.jpg\" alt=\"\" width=\"460\" height=\"270\" srcset=\"https:\/\/www.diarioimagen.net\/wp-content\/uploads\/2024\/10\/reubica-eu-chapitos.jpg 460w, https:\/\/www.diarioimagen.net\/wp-content\/uploads\/2024\/10\/reubica-eu-chapitos-240x141.jpg 240w\" sizes=\"auto, (max-width: 460px) 100vw, 460px\" \/><\/a><p id=\"caption-attachment-637819\" class=\"wp-caption-text\">Ovidio Guzm\u00e1n L\u00f3pez, \u201cEl Rat\u00f3n\u201d, regres\u00f3 a una prisi\u00f3n de Chicago, Illinois, mientras que su hermano Joaqu\u00edn fue trasladado de esa misma ciudad a otro centro penitenciario.<\/p><\/div>\n<p>&nbsp;<\/p>\n<p>De acuerdo con el Bur\u00f3 de Prisiones Federales (BOP), Ovidio Guzm\u00e1n L\u00f3pez, \u201cEl Rat\u00f3n\u201d, ya se encuentra nuevamente internado en el Centro Metropolitano Correccional de Chicago, de donde sali\u00f3 el pasado 23 de julio sin que se conozcan los motivos, mientras que su hermano Joaqu\u00edn fue trasladado de esta misma ciudad a otro centro penitenciario a solicitud de su abogado.<\/p>\n<p>Seg\u00fan versiones, el movimiento de los hijos de \u201cEl Chapo\u201d obedece al avance de las negociaciones para un acuerdo de culpabilidad por parte de los hermanos Guzm\u00e1n L\u00f3pez. Esto, despu\u00e9s, permitir\u00e1 una colaboraci\u00f3n directa con la fiscal\u00eda de Estados Unidos.<\/p>\n<p>Jeffrey Lichtman, abogado de Joaqu\u00edn Guzm\u00e1n L\u00f3pez, confirm\u00f3 que su cliente dej\u00f3 esa misma prisi\u00f3n desde el 16 de octubre, debido a que solicitaron su traslado ante malas condiciones del lugar.<\/p>\n<p>Si bien revel\u00f3 que Joaqu\u00edn Guzm\u00e1n L\u00f3pez sigue bajo custodia de autoridades de Estados Unidos, no inform\u00f3 el lugar a donde fue enviado.<\/p>\n<p>Ambos hijos de \u201cEl Chapo\u201d enfrentan en Estados Unidos acusaciones de empresa criminal, narcotr\u00e1fico y cr\u00edmenes violentos.<\/p>\n<p>En enero de 2023, poco despu\u00e9s de ser detenido en Culiac\u00e1n, los abogados de Ovidio Guzm\u00e1n L\u00f3pez informaron que hab\u00eda sido sujeto a una cirug\u00eda en la que le retiraron casi por completo el est\u00f3mago. Se presume que sus salidas podr\u00edan estar asociadas con su condici\u00f3n de salud.<\/p>\n<p>Mientras que Joaqu\u00edn Guzm\u00e1n L\u00f3pez fue detenido el 25 de julio junto con el capo Ismael \u201cEl Mayo\u201d Zambada, al aterrizar en un aeropuerto cercano a El Paso, Texas.<\/p>\n<p style=\"text-align: center;\"><strong>Juez analizar\u00e1 solicitar pena de muerte para \u201cEl Mayo\u201d<\/strong><\/p>\n<p>A casi tres meses de su arresto, el cofundador del C\u00e1rtel de Sinaloa, Ismael \u201cEl Mayo\u201d Zambada, asisti\u00f3 el pasado viernes a su segunda audiencia en la Corte Federal del Distrito Este de Nueva York; la cuarta desde que lleg\u00f3 a ese pa\u00eds. Tras m\u00e1s de 15 minutos, la sesi\u00f3n se dio por concluida y se estableci\u00f3 la fecha para su pr\u00f3xima comparecencia, el 15 de enero.<\/p>\n<p>En la sala 10-A sur de la Corte, el pasado viernes, Zambada Garc\u00eda finalmente enfrent\u00f3 cara a cara al juez Brian M. Cogan, conocido, entre otras cosas, por haber sentenciado a cadena perpetua a Joaqu\u00edn \u201cEl Chapo\u201d Guzm\u00e1n.<\/p>\n<p>Tras escuchar los argumentos de la Fiscal\u00eda de EU y determinar el caso como complejo, el juzgador determin\u00f3 que la pr\u00f3xima audiencia se lleve a cabo el 15 de enero de 2025.<\/p>\n<p>Durante su intervenci\u00f3n, Cogan retom\u00f3 el posible conflicto de inter\u00e9s en el caso de Zambada Garc\u00eda, luego de que el Departamento de Justicia advirti\u00f3 que su abogado principal, Frank A. P\u00e9rez, a\u00fan representa a su hijo, Vicente Zambada Niebla, \u201cEl Vicentillo\u201d; quien actualmente es testigo colaborador de EU.<\/p>\n<p>Tambi\u00e9n cuestion\u00f3 la posibilidad de que soliciten la pena de muerte contra Zambada Garc\u00eda debido a la gravedad de sus delitos, as\u00ed como tambi\u00e9n porque fue detenido en suelo estadounidense y no mediante acuerdo de extradici\u00f3n con el gobierno de M\u00e9xico.<\/p>\n","protected":false},"excerpt":{"rendered":"<p>De acuerdo con el Bur\u00f3 de Prisiones Federales (BOP), Ovidio Guzm\u00e1n L\u00f3pez, \u201cEl Rat\u00f3n\u201d, ya se encuentra nuevamente internado en el Centro Metropolitano Correccional de Chicago, de donde sali\u00f3 el pasado 23 de julio sin que se conozcan los motivos, mientras que su hermano Joaqu\u00edn fue trasladado de esta misma ciudad a otro centro penitenciario a solicitud de su abogado.<\/p>\n","protected":false},"author":3,"featured_media":637819,"comment_status":"open","ping_status":"open","sticky":false,"template":"","format":"standard","meta":{"_monsterinsights_skip_tracking":false,"_monsterinsights_sitenote_active":false,"_monsterinsights_sitenote_note":"","_monsterinsights_sitenote_category":0,"footnotes":""},"categories":[17,7],"tags":[2786,14901,2765,43677],"class_list":["post-637689","post","type-post","status-publish","format-standard","has-post-thumbnail","hentry","category-especiales","category-seguridad","tag-eu","tag-hijos","tag-joaquin-el-chapo-guzman-loera","tag-seguridad"],"_links":{"self":[{"href":"https:\/\/www.diarioimagen.net\/index.php?rest_route=\/wp\/v2\/posts\/637689","targetHints":{"allow":["GET"]}}],"collection":[{"href":"https:\/\/www.diarioimagen.net\/index.php?rest_route=\/wp\/v2\/posts"}],"about":[{"href":"https:\/\/www.diarioimagen.net\/index.php?rest_route=\/wp\/v2\/types\/post"}],"author":[{"embeddable":true,"href":"https:\/\/www.diarioimagen.net\/index.php?rest_route=\/wp\/v2\/users\/3"}],"replies":[{"embeddable":true,"href":"https:\/\/www.diarioimagen.net\/index.php?rest_route=%2Fwp%2Fv2%2Fcomments&post=637689"}],"version-history":[{"count":0,"href":"https:\/\/www.diarioimagen.net\/index.php?rest_route=\/wp\/v2\/posts\/637689\/revisions"}],"wp:featuredmedia":[{"embeddable":true,"href":"https:\/\/www.diarioimagen.net\/index.php?rest_route=\/wp\/v2\/media\/637819"}],"wp:attachment":[{"href":"https:\/\/www.diarioimagen.net\/index.php?rest_route=%2Fwp%2Fv2%2Fmedia&parent=637689"}],"wp:term":[{"taxonomy":"category","embeddable":true,"href":"https:\/\/www.diarioimagen.net\/index.php?rest_route=%2Fwp%2Fv2%2Fcategories&post=637689"},{"taxonomy":"post_tag","embeddable":true,"href":"https:\/\/www.diarioimagen.net\/index.php?rest_route=%2Fwp%2Fv2%2Ftags&post=637689"}],"curies":[{"name":"wp","href":"https:\/\/api.w.org\/{rel}","templated":true}]}}