{"id":637701,"date":"2024-10-21T00:03:27","date_gmt":"2024-10-21T06:03:27","guid":{"rendered":"https:\/\/www.diarioimagen.net\/?p=637701"},"modified":"2024-10-21T03:01:26","modified_gmt":"2024-10-21T09:01:26","slug":"muestra-romina-contreras-musculo-politico-en-apoyo-hacia-jorge-romero","status":"publish","type":"post","link":"https:\/\/www.diarioimagen.net\/?p=637701","title":{"rendered":"Muestra Romina Contreras m\u00fasculo pol\u00edtico en apoyo hacia Jorge Romero"},"content":{"rendered":"<p>&nbsp;<\/p>\n<ul>\n<li><em><strong>Planilla del aspirante a la dirigencia del PAN<\/strong><\/em><\/li>\n<\/ul>\n<p><strong>\u00a0<\/strong><\/p>\n<h6>Arturo Baena<\/h6>\n<p>&nbsp;<\/p>\n<div id=\"attachment_637842\" style=\"width: 470px\" class=\"wp-caption aligncenter\"><a href=\"https:\/\/www.diarioimagen.net\/?attachment_id=637842\" rel=\"attachment wp-att-637842\"><img loading=\"lazy\" decoding=\"async\" aria-describedby=\"caption-attachment-637842\" class=\"size-full wp-image-637842\" src=\"https:\/\/www.diarioimagen.net\/wp-content\/uploads\/2024\/10\/muestra-romina-contreras.jpg\" alt=\"\" width=\"460\" height=\"270\" srcset=\"https:\/\/www.diarioimagen.net\/wp-content\/uploads\/2024\/10\/muestra-romina-contreras.jpg 460w, https:\/\/www.diarioimagen.net\/wp-content\/uploads\/2024\/10\/muestra-romina-contreras-240x141.jpg 240w\" sizes=\"auto, (max-width: 460px) 100vw, 460px\" \/><\/a><p id=\"caption-attachment-637842\" class=\"wp-caption-text\">La panista Romina Contreras mostr\u00f3 m\u00fasculo pol\u00edtico en Naucalpan, al reunir a liderazgos de ese instituto pol\u00edtico para dar a conocer las propuestas de Jorge Romero que busca la dirigencia nacional<\/p><\/div>\n<p>&nbsp;<\/p>\n<p><strong>Naucalpan, Estado de M\u00e9xico.\u2014<\/strong> Romina Contreras Carrasco,\u00a0 integrante de la planilla de Jorge Romero, quien busca la dirigencia nacional del PAN, mostr\u00f3 el m\u00fasculo pol\u00edtico en esta localidad, al reunir a liderazgos de ese instituto pol\u00edtico para dar a conocer las propuestas para sustituir a Marko Cort\u00e9s y que en breve se llevar\u00e1 a cabo la elecci\u00f3n.<\/p>\n<p>Contreras Carrasco destac\u00f3 que uno de los principales objetivos de este proyecto es \u201ctrabajar en la construcci\u00f3n de un partido m\u00e1s fuerte y cercano a la gente, y que retome el rumbo para consolidarse como una verdadera opci\u00f3n para las y los ciudadanos\u201d. Durante el evento, llevado a cabo en este municipio, agradeci\u00f3 a la presidenta municipal, Ang\u00e9lica Moya, su apoyo a la planilla que encabeza Jorge Romero, quien tiene m\u00e1s de 20 a\u00f1os de trayectoria en el partido y en el cual, entre otras cosas, es rescatar a los comit\u00e9s municipales y estatales.<\/p>\n<p>La tambi\u00e9n alcaldesa de Huixquilucan destac\u00f3 que \u201choy necesitamos un partido fuerte. Acci\u00f3n Nacional es el \u00fanico que, en realidad, es la fuerza opositora en nuestro pa\u00eds. No hay que bajar la guardia, nuestro partido ha dado batalla desde hace 85 a\u00f1os, por lo que es momento de demostrar que somos gente que queremos un mejor M\u00e9xico\u201d.<\/p>\n<p>Durante el encuentro, en donde participaron simpatizantes y militantes del partido, de otros municipios, Romina Contreras, explic\u00f3 que los gobiernos panistas demuestran resultados y compromisos eficientes siempre\u00a0 en beneficio ciudadano.<\/p>\n<p>Como representante del Estado de M\u00e9xico en la planilla de Jorge Romero para encabezar el Comit\u00e9 Ejecutivo Nacional (CEN) del PAN, asegur\u00f3 que este proceso de renovaci\u00f3n tiene a gente preparada con conocimiento y liderazgo que tienen el prop\u00f3sito de abanderar las causas originales de este instituto pol\u00edtico.<\/p>\n","protected":false},"excerpt":{"rendered":"<p>Romina Contreras Carrasco,\u00a0 integrante de la planilla de Jorge Romero, quien busca la dirigencia nacional del PAN, mostr\u00f3 el m\u00fasculo pol\u00edtico en esta localidad, al reunir a liderazgos de ese instituto pol\u00edtico para dar a conocer las propuestas para sustituir a Marko Cort\u00e9s y que en breve se llevar\u00e1 a cabo la elecci\u00f3n.<\/p>\n","protected":false},"author":3,"featured_media":637842,"comment_status":"open","ping_status":"open","sticky":false,"template":"","format":"standard","meta":{"_monsterinsights_skip_tracking":false,"_monsterinsights_sitenote_active":false,"_monsterinsights_sitenote_note":"","_monsterinsights_sitenote_category":0,"footnotes":""},"categories":[5],"tags":[2701,6992,57674],"class_list":["post-637701","post","type-post","status-publish","format-standard","has-post-thumbnail","hentry","category-estado-de-mexico","tag-apoyo","tag-panista","tag-romina-contreras-carrasco"],"_links":{"self":[{"href":"https:\/\/www.diarioimagen.net\/index.php?rest_route=\/wp\/v2\/posts\/637701","targetHints":{"allow":["GET"]}}],"collection":[{"href":"https:\/\/www.diarioimagen.net\/index.php?rest_route=\/wp\/v2\/posts"}],"about":[{"href":"https:\/\/www.diarioimagen.net\/index.php?rest_route=\/wp\/v2\/types\/post"}],"author":[{"embeddable":true,"href":"https:\/\/www.diarioimagen.net\/index.php?rest_route=\/wp\/v2\/users\/3"}],"replies":[{"embeddable":true,"href":"https:\/\/www.diarioimagen.net\/index.php?rest_route=%2Fwp%2Fv2%2Fcomments&post=637701"}],"version-history":[{"count":0,"href":"https:\/\/www.diarioimagen.net\/index.php?rest_route=\/wp\/v2\/posts\/637701\/revisions"}],"wp:featuredmedia":[{"embeddable":true,"href":"https:\/\/www.diarioimagen.net\/index.php?rest_route=\/wp\/v2\/media\/637842"}],"wp:attachment":[{"href":"https:\/\/www.diarioimagen.net\/index.php?rest_route=%2Fwp%2Fv2%2Fmedia&parent=637701"}],"wp:term":[{"taxonomy":"category","embeddable":true,"href":"https:\/\/www.diarioimagen.net\/index.php?rest_route=%2Fwp%2Fv2%2Fcategories&post=637701"},{"taxonomy":"post_tag","embeddable":true,"href":"https:\/\/www.diarioimagen.net\/index.php?rest_route=%2Fwp%2Fv2%2Ftags&post=637701"}],"curies":[{"name":"wp","href":"https:\/\/api.w.org\/{rel}","templated":true}]}}