{"id":637703,"date":"2024-10-21T00:02:03","date_gmt":"2024-10-21T06:02:03","guid":{"rendered":"https:\/\/www.diarioimagen.net\/?p=637703"},"modified":"2024-10-21T03:02:08","modified_gmt":"2024-10-21T09:02:08","slug":"teleferico-transformara-movilidad-de-los-naucalpenses-isaac-montoya-marquez","status":"publish","type":"post","link":"https:\/\/www.diarioimagen.net\/?p=637703","title":{"rendered":"Telef\u00e9rico transformar\u00e1 movilidad de los naucalpenses: Isaac Montoya M\u00e1rquez"},"content":{"rendered":"<p>&nbsp;<\/p>\n<ul>\n<li><em><strong>Transporte seguro y amigable con el medio ambiente<\/strong><\/em><\/li>\n<\/ul>\n<p>&nbsp;<\/p>\n<div id=\"attachment_637844\" style=\"width: 470px\" class=\"wp-caption aligncenter\"><a href=\"https:\/\/www.diarioimagen.net\/?attachment_id=637844\" rel=\"attachment wp-att-637844\"><img loading=\"lazy\" decoding=\"async\" aria-describedby=\"caption-attachment-637844\" class=\"size-full wp-image-637844\" src=\"https:\/\/www.diarioimagen.net\/wp-content\/uploads\/2024\/10\/teleferico-transformara.jpg\" alt=\"\" width=\"460\" height=\"270\" srcset=\"https:\/\/www.diarioimagen.net\/wp-content\/uploads\/2024\/10\/teleferico-transformara.jpg 460w, https:\/\/www.diarioimagen.net\/wp-content\/uploads\/2024\/10\/teleferico-transformara-240x141.jpg 240w\" sizes=\"auto, (max-width: 460px) 100vw, 460px\" \/><\/a><p id=\"caption-attachment-637844\" class=\"wp-caption-text\">Isaac Montoya M\u00e1rquez afirm\u00f3 que la construcci\u00f3n del telef\u00e9rico en Naucalpan, por parte del gobierno de Delfina G\u00f3mez, es un avance hacia un futuro m\u00e1s moderno y sustentable para las y los naucalpenses.<\/p><\/div>\n<p>&nbsp;<\/p>\n<p><strong>Naucalpan, Estado de M\u00e9xico.\u2014<\/strong> El presidente municipal electo, Isaac Montoya M\u00e1rquez, tras el banderazo de inicio de la construcci\u00f3n del telef\u00e9rico en Naucalpan, por parte del gobierno del Estado de M\u00e9xico, consider\u00f3 que es un proyecto que transformar\u00e1 la movilidad del municipio, es un acto que va a permitir dignificar a las comunidades y es un avance hacia un futuro m\u00e1s moderno y sustentable para las y los naucalpenses.<\/p>\n<p>Asever\u00f3 que con esta obra se mejorar\u00e1 la conectividad entre las comunidades y se reducir\u00e1n los tiempos de traslado, apostando por un transporte m\u00e1s eficiente, seguro y amigable con el medio ambiente y as\u00ed cumple la gobernadora Delfina G\u00f3mez con el pueblo m\u00e1s olvidado, de quienes quedaban hasta el \u00faltimo y ahora van primero.<\/p>\n<p>Es un compromiso, un acto de justicia social, no hay que olvidar que la gobernadora Delfina G\u00f3mez \u00c1lvarez anunci\u00f3 en su momento que iba a hacer un proyecto pensado para restituir a m\u00e1s de 700 mil habitantes, que resultar\u00e1n impactados por este proyecto, de esta manera el municipio va a ser una alternativa para los mexiquenses, subray\u00f3 el alcalde electo.<\/p>\n<p>Agreg\u00f3 que, ya al frente de la administraci\u00f3n municipal, se realizar\u00e1n proyectos complementarios al telef\u00e9rico para generar periferias de bienestar en cada estaci\u00f3n, muestra de ello se impulsar\u00e1n los denominados senderos seguros en beneficio de los miles de usuarios.<\/p>\n<p>Destac\u00f3 la importancia de que el secretario de Movilidad, Daniel Sibaja, dio el banderazo de las obras para la construcci\u00f3n de la L\u00ednea 3 del Mexicable, que estar\u00e1 conformado por 10 estaciones, partiendo de Cuatro Caminos hasta llegar a Lomas del Cadete e Izcalli Chamapa, en la parte alta de Naucalpan.<\/p>\n<p>Asegur\u00f3 que, esto va a permitir una afluencia diaria de unos 40 mil usuarios, que se trasladar\u00e1n en este transporte, que les permitir\u00e1 ahorrar aproximadamente una hora y 15 minutos, tiempo que se hac\u00eda en horas de intenso tr\u00e1fico.<\/p>\n<p>Detall\u00f3 que, este medio de transporte, ofrecer\u00e1 cabinas m\u00e1s amplias, con un sistema muy moderno que permitir\u00e1 ahorrar emisiones de CO2, un proyecto totalmente sustentable y amigable con el medio ambiente.<\/p>\n","protected":false},"excerpt":{"rendered":"<p>El presidente municipal electo, Isaac Montoya M\u00e1rquez, tras el banderazo de inicio de la construcci\u00f3n del telef\u00e9rico en Naucalpan, por parte del gobierno del Estado de M\u00e9xico, consider\u00f3 que es un proyecto que transformar\u00e1 la movilidad del municipio, es un acto que va a permitir dignificar a las comunidades y es un avance hacia un futuro m\u00e1s moderno y sustentable para las y los naucalpenses.<\/p>\n","protected":false},"author":3,"featured_media":637844,"comment_status":"open","ping_status":"open","sticky":false,"template":"","format":"standard","meta":{"_monsterinsights_skip_tracking":false,"_monsterinsights_sitenote_active":false,"_monsterinsights_sitenote_note":"","_monsterinsights_sitenote_category":0,"footnotes":""},"categories":[5],"tags":[95149,26421],"class_list":["post-637703","post","type-post","status-publish","format-standard","has-post-thumbnail","hentry","category-estado-de-mexico","tag-isaac-montoya-marquez","tag-movilidad"],"_links":{"self":[{"href":"https:\/\/www.diarioimagen.net\/index.php?rest_route=\/wp\/v2\/posts\/637703","targetHints":{"allow":["GET"]}}],"collection":[{"href":"https:\/\/www.diarioimagen.net\/index.php?rest_route=\/wp\/v2\/posts"}],"about":[{"href":"https:\/\/www.diarioimagen.net\/index.php?rest_route=\/wp\/v2\/types\/post"}],"author":[{"embeddable":true,"href":"https:\/\/www.diarioimagen.net\/index.php?rest_route=\/wp\/v2\/users\/3"}],"replies":[{"embeddable":true,"href":"https:\/\/www.diarioimagen.net\/index.php?rest_route=%2Fwp%2Fv2%2Fcomments&post=637703"}],"version-history":[{"count":0,"href":"https:\/\/www.diarioimagen.net\/index.php?rest_route=\/wp\/v2\/posts\/637703\/revisions"}],"wp:featuredmedia":[{"embeddable":true,"href":"https:\/\/www.diarioimagen.net\/index.php?rest_route=\/wp\/v2\/media\/637844"}],"wp:attachment":[{"href":"https:\/\/www.diarioimagen.net\/index.php?rest_route=%2Fwp%2Fv2%2Fmedia&parent=637703"}],"wp:term":[{"taxonomy":"category","embeddable":true,"href":"https:\/\/www.diarioimagen.net\/index.php?rest_route=%2Fwp%2Fv2%2Fcategories&post=637703"},{"taxonomy":"post_tag","embeddable":true,"href":"https:\/\/www.diarioimagen.net\/index.php?rest_route=%2Fwp%2Fv2%2Ftags&post=637703"}],"curies":[{"name":"wp","href":"https:\/\/api.w.org\/{rel}","templated":true}]}}