{"id":637705,"date":"2024-10-21T00:04:00","date_gmt":"2024-10-21T06:04:00","guid":{"rendered":"https:\/\/www.diarioimagen.net\/?p=637705"},"modified":"2024-10-21T03:02:28","modified_gmt":"2024-10-21T09:02:28","slug":"ya-funcionan-plantas-de-aguas-residuales-en-naucalpan","status":"publish","type":"post","link":"https:\/\/www.diarioimagen.net\/?p=637705","title":{"rendered":"Ya funcionan plantas de aguas residuales en Naucalpan"},"content":{"rendered":"<p>&nbsp;<\/p>\n<p><a href=\"https:\/\/www.diarioimagen.net\/?attachment_id=637846\" rel=\"attachment wp-att-637846\"><img loading=\"lazy\" decoding=\"async\" class=\"aligncenter size-full wp-image-637846\" src=\"https:\/\/www.diarioimagen.net\/wp-content\/uploads\/2024\/10\/ya-funcionan-plantas.jpg\" alt=\"\" width=\"460\" height=\"270\" srcset=\"https:\/\/www.diarioimagen.net\/wp-content\/uploads\/2024\/10\/ya-funcionan-plantas.jpg 460w, https:\/\/www.diarioimagen.net\/wp-content\/uploads\/2024\/10\/ya-funcionan-plantas-240x141.jpg 240w\" sizes=\"auto, (max-width: 460px) 100vw, 460px\" \/><\/a><\/p>\n<p>&nbsp;<\/p>\n<p><strong>Naucalpan, Estado de M\u00e9xico.\u2014 <\/strong>Ante la actual crisis h\u00eddrica, el tratar y reutilizar el agua es una medida esencial para la conservaci\u00f3n y la gesti\u00f3n del recurso vital, afirm\u00f3 la directora general de OAPAS, Heidi Storsberg Montes, quien asever\u00f3 que al inicio de la administraci\u00f3n 2022-2024, ninguna de las siete plantas de tratamiento, no s\u00f3lo no funcionaban, sino tambi\u00e9n estaban saqueadas, situaci\u00f3n en la que se ha trabajado para que todas est\u00e9n operando a fin de a\u00f1o.<\/p>\n<p>Ponerlas de nuevo en operaci\u00f3n para beneficio de los naucalpenses fue un tema de orden y de recursos, porque durante muchos a\u00f1os no se les invirti\u00f3 ni un centavo, pero para la alcaldesa Ang\u00e9lica Moya reciclar el recurso h\u00eddrico fue un tema prioritario y hoy en d\u00eda es un asunto cultural, asegur\u00f3.<\/p>\n","protected":false},"excerpt":{"rendered":"<p>Ante la actual crisis h\u00eddrica, el tratar y reutilizar el agua es una medida esencial para la conservaci\u00f3n y la gesti\u00f3n del recurso vital, afirm\u00f3 la directora general de OAPAS, Heidi Storsberg Montes, quien asever\u00f3 que al inicio de la administraci\u00f3n 2022-2024, ninguna de las siete plantas de tratamiento, no s\u00f3lo no funcionaban, sino tambi\u00e9n estaban saqueadas, situaci\u00f3n en la que se ha trabajado para que todas est\u00e9n operando a fin de a\u00f1o.<\/p>\n","protected":false},"author":3,"featured_media":637846,"comment_status":"open","ping_status":"open","sticky":false,"template":"","format":"standard","meta":{"_monsterinsights_skip_tracking":false,"_monsterinsights_sitenote_active":false,"_monsterinsights_sitenote_note":"","_monsterinsights_sitenote_category":0,"footnotes":""},"categories":[5],"tags":[43675,98692,970,45759],"class_list":["post-637705","post","type-post","status-publish","format-standard","has-post-thumbnail","hentry","category-estado-de-mexico","tag-estado-de-mexico","tag-heidi-storsberg-montes","tag-naucalpan","tag-oapas"],"_links":{"self":[{"href":"https:\/\/www.diarioimagen.net\/index.php?rest_route=\/wp\/v2\/posts\/637705","targetHints":{"allow":["GET"]}}],"collection":[{"href":"https:\/\/www.diarioimagen.net\/index.php?rest_route=\/wp\/v2\/posts"}],"about":[{"href":"https:\/\/www.diarioimagen.net\/index.php?rest_route=\/wp\/v2\/types\/post"}],"author":[{"embeddable":true,"href":"https:\/\/www.diarioimagen.net\/index.php?rest_route=\/wp\/v2\/users\/3"}],"replies":[{"embeddable":true,"href":"https:\/\/www.diarioimagen.net\/index.php?rest_route=%2Fwp%2Fv2%2Fcomments&post=637705"}],"version-history":[{"count":0,"href":"https:\/\/www.diarioimagen.net\/index.php?rest_route=\/wp\/v2\/posts\/637705\/revisions"}],"wp:featuredmedia":[{"embeddable":true,"href":"https:\/\/www.diarioimagen.net\/index.php?rest_route=\/wp\/v2\/media\/637846"}],"wp:attachment":[{"href":"https:\/\/www.diarioimagen.net\/index.php?rest_route=%2Fwp%2Fv2%2Fmedia&parent=637705"}],"wp:term":[{"taxonomy":"category","embeddable":true,"href":"https:\/\/www.diarioimagen.net\/index.php?rest_route=%2Fwp%2Fv2%2Fcategories&post=637705"},{"taxonomy":"post_tag","embeddable":true,"href":"https:\/\/www.diarioimagen.net\/index.php?rest_route=%2Fwp%2Fv2%2Ftags&post=637705"}],"curies":[{"name":"wp","href":"https:\/\/api.w.org\/{rel}","templated":true}]}}