{"id":637747,"date":"2024-10-21T00:00:20","date_gmt":"2024-10-21T06:00:20","guid":{"rendered":"https:\/\/www.diarioimagen.net\/?p=637747"},"modified":"2024-10-21T02:27:07","modified_gmt":"2024-10-21T08:27:07","slug":"captacion-de-22-mmdd-por-visitantes-internacionales","status":"publish","type":"post","link":"https:\/\/www.diarioimagen.net\/?p=637747","title":{"rendered":"Captaci\u00f3n de 22 mmdd por visitantes\u00a0internacionales"},"content":{"rendered":"<h2>Hora 14<\/h2>\n<h5>Mauricio Conde Olivares<\/h5>\n<p>&nbsp;<\/p>\n<p>Ahora que inicia la semana, le informo que la secretaria de Turismo del Gobierno de M\u00e9xico, Josefina Rodr\u00edguez Zamora, dio a conocer que el ingreso de divisas por concepto de visitantes internacionales fue de 22 mil 478 millones de d\u00f3lares, en el periodo enero-agosto de 2024, un 6.6 por ciento m\u00e1s a lo registrado en el mismo periodo de 2023.<\/p>\n<p>Con base en los resultados de la Encuesta de Viajeros Internacionales, publicada por el Instituto Nacional de Estad\u00edstica y Geograf\u00eda (Inegi), la titular de la Secretar\u00eda de Turismo (Sectur) indic\u00f3 que en los primeros ochos meses del a\u00f1o se registr\u00f3 la llegada de 29 millones de turistas internacionales, lo que representa un aumento del 5.5 por ciento comparado con 2023.<\/p>\n<p>Se\u00f1al\u00f3 que el gasto medio por turismo de internaci\u00f3n v\u00eda a\u00e9rea tambi\u00e9n present\u00f3 un aumento, al registrar mil 178.3 d\u00f3lares, 2.4 por ciento superior a lo registrado en enero-julio de 2023.<\/p>\n<p>Rodr\u00edguez Zamora record\u00f3 que, seg\u00fan las expectativas, se estima la llegada de 45 millones 242 mil turistas internacionales en 2024, cifra 7.3 % superior a lo registrado en 2023, con una derrama econ\u00f3mica de 33 mil 450 millones de d\u00f3lares por visitantes internacionales, 36.1 por ciento m\u00e1s a lo de 2019 y 8.6 por ciento superior a lo registrado en 2023.<\/p>\n<p>Asimismo, se espera que el gasto medio por turismo de internaci\u00f3n v\u00eda a\u00e9rea sea de mil 151 d\u00f3lares, 14.9 y 2.2 por ciento m\u00e1s a lo registrado en 2019 y 2023, respectivamente.<\/p>\n<p>La secretaria de Turismo, Josefina Rodr\u00edguez Zamora, enfatiz\u00f3 la importancia de seguir impulsando el turismo comunitario, ya que representa una v\u00eda para generar empleos e ingresos directos, en beneficio de las poblaciones locales, como lo instruy\u00f3 la presidenta de M\u00e9xico, Claudia Sheinbaum Pardo.<\/p>\n<p style=\"text-align: center;\"><strong>El Hanal Pix\u00e1n en Puerto Ju\u00e1rez<\/strong><\/p>\n<p>Ahora bien, ya empezamos la recta final del a\u00f1o y le comento detalles sobre una espectacular conmemoraci\u00f3n que tiene lugar desde hace varios a\u00f1os en Canc\u00fan.<\/p>\n<p>\u201cPara hacer comunidad, fortalecer nuestra identidad y orgullo cancunense, es importante que sigamos haciendo eventos que se han convertido en una tradici\u00f3n, como el Hanal Pix\u00e1n en Puerto Ju\u00e1rez\u201d, dijo la presidenta municipal, Ana Paty Peralta, al hacer un llamado a las y los cancunenses a participar en la IV edici\u00f3n de este colorido festival cultural y gastron\u00f3mico que celebra y enaltece el D\u00eda de Muertos.<\/p>\n<p>En entrevista, la primera autoridad municipal resalt\u00f3 que el evento ya qued\u00f3 institucionalizado en el gobierno municipal y ser\u00e1n cuatro d\u00edas de su celebraci\u00f3n: 31 de octubre, adem\u00e1s del 1, 2 y 3 de noviembre en dicha subdelegaci\u00f3n, donde habr\u00e1 exhibici\u00f3n de altares de muertos, la procesi\u00f3n mar\u00edtima, el desfile de catrinas, los concursos, una muestra de gastronom\u00eda, el pabell\u00f3n infantil, m\u00fasica en vivo y una gran convivencia sana para los cancunenses y sus familias.<\/p>\n<p>\u201cQueremos que este festival sea m\u00e1s espectacular y un atractivo para los turistas de lo que tenemos en Canc\u00fan. Lo esperamos con muchas ansias\u201d, dijo.<\/p>\n<p>De igual forma, destac\u00f3 que para que ni\u00f1os, j\u00f3venes y adultos de todos los sectores sociales se preparen, esta semana ya se emitieron debidamente las convocatorias para participar en los dos concursos m\u00e1s importantes que tiene la festividad como son: de altares y de catrinas y catrines caracterizados, para ser parte de los atractivos que se tendr\u00e1n los d\u00edas de su realizaci\u00f3n el 31 de octubre, 1, 2 y 3 de noviembre pr\u00f3ximos.<\/p>\n<p>Ana Paty Peralta subray\u00f3 que adem\u00e1s no solamente explotar la creatividad de los participantes con gran talento en la elaboraci\u00f3n de coloridos atuendos y ofrendas, permitir\u00e1 la sana convivencia entre escuelas de todos los niveles, instituciones p\u00fablicas y privadas, asociaciones civiles o culturales, academias de artes y la ciudadan\u00eda en general que podr\u00e1 ir a apoyar a sus favoritos en los diferentes cert\u00e1menes.<\/p>\n<p><strong>Saldo blanco por <em>Nadine<\/em><\/strong><\/p>\n<p>Tambi\u00e9n, le comento sobre el saldo blanco que dej\u00f3 a su paso la que lleg\u00f3 a tormenta tropical <em>Nadine<\/em> este fin de semana, por el sur de Quintana Roo.<\/p>\n<p>Desde temprana hora, ayer domingo, la gobernadora Mara Lezama sigui\u00f3 trabajando 24\/7 en las calles de Chetumal, supervisando la reactivaci\u00f3n de los servicios p\u00fablicos y econ\u00f3micos para que las personas, las familias, recuperen el bienestar, despu\u00e9s de las lluvias torrenciales ocasionadas por la tormenta tropical <em>Nadine<\/em>, en su cercan\u00eda con esta capital.<\/p>\n<p>\u201cEstamos en el cruce de las avenidas Erick Paolo con Constituyentes, un sitio que por a\u00f1os ha registrado inundaciones y todav\u00eda ayer no pod\u00edan pasar los veh\u00edculos; hoy es otra historia, est\u00e1 limpia, est\u00e1 seca\u201d, expres\u00f3 la gobernadora en uno de los puntos del recorrido por la ciudad.<\/p>\n<p>A\u00f1adi\u00f3 que se trabaja en el restablecimiento de la energ\u00eda el\u00e9ctrica y del agua potable en puntos espec\u00edficos, en el mantenimiento de las calles secas y transitable, porque en este gobierno humanista con coraz\u00f3n feminista las personas, las familias, s\u00ed importan.<\/p>\n<p>Le cuento que la ruta federal de pasajeros de Chetumal y Belice y viceversa, de la Naviera International Star, qued\u00f3\u00a0 suspendida desde el viernes hasta el domingo 20 de octubre y se reactiv\u00f3 el servicio hoy lunes 21.<\/p>\n<p>Este fue primer efecto de lo que fuera el potencial cicl\u00f3n tropical n\u00famero 15 (que ahora de tormenta tropical se degrad\u00f3 a depresi\u00f3n tropical) mismo que se acercaba a la Pen\u00ednsula de Yucat\u00e1n, luego del paso del mort\u00edfero hurac\u00e1n <em>Helen<\/em> que arras\u00f3 con la Florida dejando a su paso m\u00e1s de 200 de muertos.<\/p>\n<p>Mencion\u00f3 Mara Lezama que en su oportunidad la Comisi\u00f3n Nacional del Agua (Conagua) y el Servicio Meteorol\u00f3gico Nacional (SMN), pronostic\u00f3 que la zona de baja presi\u00f3n que se encontraba al sur del Caribe Mexicano se intensific\u00f3 a depresi\u00f3n tropical la madrugada del este s\u00e1bado, por lo que se ten\u00eda el pron\u00f3stico de un 70% para el desarrollo de un fen\u00f3meno cicl\u00f3nico en menos de 48 horas, no fue as\u00ed.<\/p>\n<p>Sin embargo, hubo lluvias de intensas a torrenciales, con descargas el\u00e9ctricas, en el centro y sur de Quintana Roo, Tulum, Felipe Carrillo Puerto, Bacalar, Chetumal y Jos\u00e9 Mar\u00eda Morelos, todo el fin de semana.<\/p>\n<p>Por eso, la gobernadora Mara Lezama precis\u00f3 que no se descartaron que algunas bandas nubosas afectar\u00edan la parte norte del estado con lluvias. Los modelos de pron\u00f3stico indicaban una probable trayectoria entre Quintana Roo y Belice, lo que finalmente se cumpli\u00f3.<\/p>\n<p>Entre las recomendaciones de la gobernadora de Quintana Roo a la poblaci\u00f3n fue estar pendientes del paso del cami\u00f3n recolector de basura y mantener limpios los frentes de las casas para evitar que se tapen los pozos de absorci\u00f3n y las alcantarillas.<\/p>\n<p>\u201cEstamos atentos a la vigilancia, porque los fen\u00f3menos meteorol\u00f3gicos no tienen palabra de honor. Les invitamos a mantenerse informados a trav\u00e9s de los canales oficiales. Recuerda que t\u00fa y tu familia claro que nos importan\u201d, expres\u00f3 oportunamente la gobernadora.<\/p>\n<p style=\"text-align: center;\"><strong>Pugnan por la paz en L\u00edbano<\/strong><\/p>\n<p>Ahora le comento que la Uni\u00f3n Libanesa Cultural Mundial, cap\u00edtulo M\u00e9xico, se pronunci\u00f3 por que ya es momento de que L\u00edbano goce de una \u00e9poca de paz, que los libaneses vivan una paz duradera y que haya tranquilidad, entendimiento y humanismo. Con la firme convicci\u00f3n de que el di\u00e1logo respetuoso y constructivo es la mejor v\u00eda para encontrar soluciones.<\/p>\n<p>En una carta abierta se\u00f1al\u00f3 que \u201cComprometidos con el bienestar y desarrollo de nuestra comunidad, queremos expresar respetuosamente nuestra postura ante las hostilidades, la crisis econ\u00f3mica, social y pol\u00edtica; adem\u00e1s de la intervenci\u00f3n militar que sufre la rep\u00fablica libanesa en este momento y frente al vergonzoso silencio de gobiernos influyentes y organizaciones internacionales que observan las continuas violaciones\u201d.<\/p>\n<p>Por ese medio expresaron su solidaridad y fe profunda con la patria libanesa:<\/p>\n<p><strong>1.<\/strong> Protestamos en contra de las invasiones territoriales a L\u00edbano, considerando que es una violaci\u00f3n a la soberan\u00eda y ocasiona una desestabilidad regional.<\/p>\n<p><strong>2.<\/strong> Implementar las resoluciones 1559 y 1680 del Consejo de Seguridad de las Naciones Unidas, cuyo objetivo es establecer la paz y la estabilidad, a trav\u00e9s del fortalecimiento de la autoridad del gobierno en L\u00edbano.<\/p>\n<p><strong>3.\u00a0<\/strong>Respetar e implementar la resoluci\u00f3n 1701 del Consejo de Seguridad de las Naciones Unidas, que tiene como objetivo otorgar a las fuerzas de las Naciones Unidas junto con el ej\u00e9rcito liban\u00e9s, la exclusiva autoridad de imponer ley y orden en el sur de L\u00edbano, adem\u00e1s de proteger la frontera del L\u00edbano con Israel. Esta implementaci\u00f3n requiere que Hezbollah se desarme y entregue su armamento al ej\u00e9rcito liban\u00e9s.<\/p>\n<p><strong>4.\u00a0<\/strong>La implementaci\u00f3n del acuerdo de armisticio de 1949.<\/p>\n<p><strong>5.\u00a0<\/strong>Exigir el inicio de negociaciones para respetar las fronteras y resolver disputas regionales con Israel, as\u00ed como respetar e implementar los acuerdos internacionales.<\/p>\n<p><strong>6.\u00a0<\/strong>Exigimos que L\u00edbano est\u00e9 presente en cualquier acuerdo pol\u00edtico o negociaci\u00f3n que concierne el Medio Oriente y no delegar ni autorizar a nadie hablar en su nombre.<\/p>\n<p><strong>7.\u00a0<\/strong>Hacemos un llamado urgente a la C\u00e1mara de Diputados Libanesa para elegir a un presidente de la Rep\u00fablica que tenga la autoridad representativa legal del pa\u00eds ante el mundo, para defender los derechos de la patria y conservar su legado.<\/p>\n<p><strong>8.\u00a0<\/strong>Solicitamos a la Asamblea General de las Naciones Unidas trabajar para implantar una paz duradera en la regi\u00f3n.<\/p>\n<p>De esta forma, la comunidad libanesa en M\u00e9xico manifest\u00f3 su sentir y desacuerdo desde cualquier parte del mundo, frente a este tema que resulta de vital importancia para el bienestar de su sociedad y que merece una atenci\u00f3n cuidadosa y ponderada; empero, lo anterior ser\u00e1 motivo de otro an\u00e1lisis en posterior entrega de <strong><em>HORA 14<\/em><\/strong>.<\/p>\n<p><em><a href=\"mailto:%20mauricio_conde@msn.com\" target=\"_blank\" rel=\"noopener noreferrer\">mauricioconde59@outlook.com<\/a><\/em><br \/>\nX<em>: <a href=\"https:\/\/twitter.com\/mauconde?lang=es\" target=\"_blank\" rel=\"noopener\">@mauconde<\/a><\/em><\/p>\n","protected":false},"excerpt":{"rendered":"<p><span style=\"color: #005497;\"><strong>Mauricio Conde Olivares<\/strong><\/span><\/p>\n","protected":false},"author":3,"featured_media":0,"comment_status":"open","ping_status":"open","sticky":false,"template":"","format":"standard","meta":{"_monsterinsights_skip_tracking":false,"_monsterinsights_sitenote_active":false,"_monsterinsights_sitenote_note":"","_monsterinsights_sitenote_category":0,"footnotes":""},"categories":[35889],"tags":[43712,43674,44860],"class_list":["post-637747","post","type-post","status-publish","format-standard","hentry","category-mauricio-conde-olivares","tag-mauricio-conde-olivares","tag-opinion","tag-hora-14"],"_links":{"self":[{"href":"https:\/\/www.diarioimagen.net\/index.php?rest_route=\/wp\/v2\/posts\/637747","targetHints":{"allow":["GET"]}}],"collection":[{"href":"https:\/\/www.diarioimagen.net\/index.php?rest_route=\/wp\/v2\/posts"}],"about":[{"href":"https:\/\/www.diarioimagen.net\/index.php?rest_route=\/wp\/v2\/types\/post"}],"author":[{"embeddable":true,"href":"https:\/\/www.diarioimagen.net\/index.php?rest_route=\/wp\/v2\/users\/3"}],"replies":[{"embeddable":true,"href":"https:\/\/www.diarioimagen.net\/index.php?rest_route=%2Fwp%2Fv2%2Fcomments&post=637747"}],"version-history":[{"count":0,"href":"https:\/\/www.diarioimagen.net\/index.php?rest_route=\/wp\/v2\/posts\/637747\/revisions"}],"wp:attachment":[{"href":"https:\/\/www.diarioimagen.net\/index.php?rest_route=%2Fwp%2Fv2%2Fmedia&parent=637747"}],"wp:term":[{"taxonomy":"category","embeddable":true,"href":"https:\/\/www.diarioimagen.net\/index.php?rest_route=%2Fwp%2Fv2%2Fcategories&post=637747"},{"taxonomy":"post_tag","embeddable":true,"href":"https:\/\/www.diarioimagen.net\/index.php?rest_route=%2Fwp%2Fv2%2Ftags&post=637747"}],"curies":[{"name":"wp","href":"https:\/\/api.w.org\/{rel}","templated":true}]}}