{"id":637752,"date":"2024-10-21T00:04:43","date_gmt":"2024-10-21T06:04:43","guid":{"rendered":"https:\/\/www.diarioimagen.net\/?p=637752"},"modified":"2024-10-22T01:34:54","modified_gmt":"2024-10-22T07:34:54","slug":"presidenta-no-se-manda-sola","status":"publish","type":"post","link":"https:\/\/www.diarioimagen.net\/?p=637752","title":{"rendered":"Presidenta no se manda\u00a0sola"},"content":{"rendered":"<h2>De pe a pa<\/h2>\n<h5>Alberto Vieyra G.<\/h5>\n<p>&nbsp;<\/p>\n<p>A Claudia Sheinbaum, una juez federal le aplica la chiripiorca, es decir que el ponzo\u00f1oso presidencialismo no se manda solo.<\/p>\n<p>Ya dec\u00edamos aqu\u00ed que \u201cpoder que no puede, no es poder\u201d. Sabedora de ese principio l\u00f3gico y jur\u00eddico la jueza D\u00e9cimo Noveno de Distrito de Veracruz, Nancy Ju\u00e1rez Salas, le orden\u00f3 a la se\u00f1ora presidenta retirar del Diario Oficial de la Federaci\u00f3n en un plazo no mayor de 24 horas la publicaci\u00f3n de la demencial reforma al Poder Judicial empujada por un enfermo neur\u00f3tico que ya est\u00e1 en su rancho teniendo como c\u00f3mplice a la Presidenta cient\u00edfica.<\/p>\n<p>La juez Nancy Ju\u00e1rez le recuerda a la se\u00f1ora Presidenta que su gobierno incumpli\u00f3 o desacato la suspensi\u00f3n provisional que le orden\u00f3 no publicar en el Diario Oficial de la Federaci\u00f3n, la reforma judicial aprobada por Morena y sus aliados en el Congreso federal. Advirti\u00e9ndole que, de no eliminarse la publicaci\u00f3n de la reforma judicial, se le dar\u00e1 vista al Ministerio P\u00fablico de la Federaci\u00f3n conforme a lo dispuesto en la Ley de Amparo, que establece que es un delito el incumplimiento de esa orden judicial con el n\u00famero de amparo 823\/2024. \u00a1P\u00e1catelas, nom\u00e1s para que se vaya educando!<\/p>\n<p>Por su lado, el INE, a cargo de la morenista Guadalupe Taddei, le puso pausa al proceso electoral para elegir a jueces, ministros y magistrados mediante una vergonzosa t\u00f3mbola que dar\u00eda como resultado la destrucci\u00f3n de la divisi\u00f3n de poderes y que la justicia sea una justicia tombolera, de risa, que de paso dejar\u00e1 sin trabajo a miles de jueces, magistrados y trabajadores en todo el pa\u00eds.<\/p>\n<p>La se\u00f1ora Taddei sabe que aplic\u00e1ndole la tartamuda a dicho proceso evitar\u00eda que incluso vaya a dar a la c\u00e1rcel con sus multas de rigor.<\/p>\n<p>Ahora y despu\u00e9s de este trascendental paso, ser\u00e1 el pleno de la Suprema Corte de Justicia de la Naci\u00f3n el que determine y r\u00e1pido si son constitucionales las marranadas de AMLO, Claudia y su espuria mayor\u00eda de diputados y senadores para que, en ese caso, el peligros\u00edsimo caso se vaya a la Corte Interamericana de los Derechos Humanos, donde ya se cabildea por parte de partidos pol\u00edticos, jueces, magistrados y ministros y por mexicanos sin ning\u00fan partido que saben que la peligrosa elecci\u00f3n de jueces, ministros y magistrados est\u00e1 provocando una acentuada incertidumbre por parte de los hombres del dinero nacionales y extranjeros, adem\u00e1s de una peligrosa ingobernabilidad que podr\u00eda desembocar en una rebeli\u00f3n del M\u00e9xico bronco.<\/p>\n<p>La reforma al Poder Judicial se ubic\u00f3 en el ojo del hurac\u00e1n pol\u00edtico en M\u00e9xico, Estados Unidos y Canad\u00e1 que forman parte del Tratado de Libre Comercio del cual resulta violatoria, adem\u00e1s de que otras 55 naciones que mantienen tratados comerciales con M\u00e9xico tambi\u00e9n han pegado el grito en el cielo y exigen que se pare porque no garantiza ninguna certidumbre jur\u00eddica para inversionistas.<\/p>\n<p>Por lo pronto, Donald Trump advierte que si gana la presidencia de los \u201cyunaites\u201d impondr\u00e1 aranceles a los productos mexicanos, mientras que el embajador norteamericano en M\u00e9xico, Ken Salazar, reapareci\u00f3, pero ya muy mansito despu\u00e9s de las agrias cr\u00edticas al gobierno de L\u00f3pez Obrador, advirtiendo que su reforma al Poder Judicial atenta contra la democracia que no garantiza el combate a la corrupci\u00f3n y que abre el camino para que los juzgadores sean electos por los grupos criminales. Eso motiv\u00f3 que AMLO le aplicar\u00e1 al diplom\u00e1tico la ley del hielo.<\/p>\n<p>En caso de que la Presidenta cient\u00edfica desacate la orden de la jueza Nancy Ju\u00e1rez, la andanada de cr\u00edticas contra la demencial reforma del Poder Judicial no se har\u00e1 esperar provocando que sus bonos pol\u00edticos se vayan a la lona, pero si acata las resoluciones, Claudia se agigantar\u00e1. All\u00e1 ella qu\u00e9 camino escoger\u00e1.<\/p>\n<p><em><a href=\"mailto:info@agenciamn.com\" target=\"_blank\" rel=\"noopener noreferrer\">info@agenciamn.com<\/a><\/em><\/p>\n","protected":false},"excerpt":{"rendered":"<p><span style=\"color: #005497;\"><strong>Alberto Vieyra G.<\/strong><\/span><\/p>\n","protected":false},"author":3,"featured_media":0,"comment_status":"open","ping_status":"open","sticky":false,"template":"","format":"standard","meta":{"_monsterinsights_skip_tracking":false,"_monsterinsights_sitenote_active":false,"_monsterinsights_sitenote_note":"","_monsterinsights_sitenote_category":0,"footnotes":""},"categories":[4596],"tags":[43697,4597,43674],"class_list":["post-637752","post","type-post","status-publish","format-standard","hentry","category-alberto-vieyra-g","tag-alberto-vieyra-g","tag-de-pe-a-pa","tag-opinion"],"_links":{"self":[{"href":"https:\/\/www.diarioimagen.net\/index.php?rest_route=\/wp\/v2\/posts\/637752","targetHints":{"allow":["GET"]}}],"collection":[{"href":"https:\/\/www.diarioimagen.net\/index.php?rest_route=\/wp\/v2\/posts"}],"about":[{"href":"https:\/\/www.diarioimagen.net\/index.php?rest_route=\/wp\/v2\/types\/post"}],"author":[{"embeddable":true,"href":"https:\/\/www.diarioimagen.net\/index.php?rest_route=\/wp\/v2\/users\/3"}],"replies":[{"embeddable":true,"href":"https:\/\/www.diarioimagen.net\/index.php?rest_route=%2Fwp%2Fv2%2Fcomments&post=637752"}],"version-history":[{"count":0,"href":"https:\/\/www.diarioimagen.net\/index.php?rest_route=\/wp\/v2\/posts\/637752\/revisions"}],"wp:attachment":[{"href":"https:\/\/www.diarioimagen.net\/index.php?rest_route=%2Fwp%2Fv2%2Fmedia&parent=637752"}],"wp:term":[{"taxonomy":"category","embeddable":true,"href":"https:\/\/www.diarioimagen.net\/index.php?rest_route=%2Fwp%2Fv2%2Fcategories&post=637752"},{"taxonomy":"post_tag","embeddable":true,"href":"https:\/\/www.diarioimagen.net\/index.php?rest_route=%2Fwp%2Fv2%2Ftags&post=637752"}],"curies":[{"name":"wp","href":"https:\/\/api.w.org\/{rel}","templated":true}]}}