{"id":637782,"date":"2024-10-21T00:12:03","date_gmt":"2024-10-21T06:12:03","guid":{"rendered":"https:\/\/www.diarioimagen.net\/?p=637782"},"modified":"2024-10-22T01:57:53","modified_gmt":"2024-10-22T07:57:53","slug":"provoca-sheinbaum-el-rompimiento-del-funcionamiento-del-estado","status":"publish","type":"post","link":"https:\/\/www.diarioimagen.net\/?p=637782","title":{"rendered":"\u00bfProvoca Sheinbaum el rompimiento del funcionamiento\u00a0del\u00a0Estado?"},"content":{"rendered":"<h2>Tras la puerta del poder<\/h2>\n<h5>Roberto Vizca\u00edno<\/h5>\n<p>&nbsp;<\/p>\n<p>Basada en el apoyo de muchos millones de mexicanos, que ella sabe no comprenden la importancia del Estado de Derecho, que creen en lo que ella les dice, la presidenta <strong>Claudia Sheinbaum<\/strong> podr\u00eda estar provocando adrede el rompimiento del Estado.<\/p>\n<p>Esta es la percepci\u00f3n de un importante segmento de ministros, magistrados y jueces, y agrupaciones, barras y despachos de abogados que ven en la negativa p\u00fablica de la mandataria a acatar la suspensi\u00f3n judicial para que baje del <em>Diario Oficial de la Federaci\u00f3n<\/em> el Decreto de la Reforma al Poder Judicial, un intento de ir al choque entre Poderes y llevar este problema a las calles y plazas del pa\u00eds para lanzar a sus bases sociales en contra de un Poder Judicial muy debilitado y sin credibilidad.<\/p>\n<p>Ser\u00eda darle la puntilla a lo que hoy es ya una Suprema Corte y una red territorial de magistrados y jueces muy muy disminuidos en el \u00e1nimo del grueso de la poblaci\u00f3n, indican analistas y expertos pol\u00edticos.<\/p>\n<p>Para el magistrado <strong>Juan Pablo G\u00f3mez Fierro<\/strong>, que fue el eje del enojo y diatribas del ex presidente <strong>Andr\u00e9s Manuel L\u00f3pez Obrador<\/strong> en no pocas de sus ma\u00f1aneras, luego de dictar suspensiones a algunas de sus reformas emblem\u00e1ticas \u2014como la energ\u00e9tica\u2014 la presidenta <strong>Claudia Sheinbaum<\/strong> vive hoy el desaf\u00edo de frente al Poder Judicial.<\/p>\n<p>En lugar de acudir al proceso legal de presentar su inconformidad por la v\u00eda institucional en contra de la suspensi\u00f3n de una jueza de Distrito a la reforma al Poder Judicial, se va directo al rompimiento y confrontaci\u00f3n de poderes al calificar sin sustento jur\u00eddico a esa suspensi\u00f3n, como un invento, y una ocurrencia de la Juez.<\/p>\n<p>Y en lugar de que su Jur\u00eddico interponga un recurso ante un tribunal colegiado para que decida si la jueza actu\u00f3 conforme al marco constitucional legal, anuncia simplemente \u201cque no lo acatar\u00e1\u201d.<\/p>\n<p>Para el magistrado <strong>G\u00f3mez Fierro<\/strong> \u2014entrevistado por <strong>Carmen Aristegui<\/strong> en CNN\u2014, M\u00e9xico ya vive la crisis constitucional porque en varias instancias desde la propia Presidencia de la Rep\u00fablica no se est\u00e1n ejecutando las suspensiones dictadas por jueces.<\/p>\n<p>\u201c\u2026 a m\u00ed me parece que la crisis constitucional ya existe\u201d en M\u00e9xico\u2026 el desacato a un mandato judicial revela precisamente que estamos en una crisis constitucional, est\u00e1 en riesgo el Estado de Derecho y la certeza jur\u00eddica\u2026 est\u00e1 por romperse <strong>el funcionamiento de los Poderes del Estado\u201d, dijo.<\/strong><\/p>\n<p>En este punto, el magistrado <strong>G\u00f3mez Fierro<\/strong>, como otros muchos que operan y creen en el Estado de Derecho, en la divisi\u00f3n de Poderes y la importancia de respetar y mantener sus pesos y contrapesos, podr\u00edamos estar ya en M\u00e9xico en un camino sin retorno en el que todo se decidir\u00e1<strong> en un gran movimiento de bases sociales<\/strong> impulsado y manipulado desde la Presidencia v\u00eda percepciones y no razonamientos.<\/p>\n<p>En este contexto, no existe futuro para una resoluci\u00f3n de la actual Suprema Corte en que 8 ministros dictaminen contra 3 la suspensi\u00f3n o anulaci\u00f3n de la reforma al Poder Judicial.<\/p>\n<p>Ser\u00eda una resoluci\u00f3n que por m\u00e1s que tuviese una base constitucional, se decidiera en medio del m\u00e1s peligroso y explosivo ambiente de confrontaci\u00f3n social.<\/p>\n<p>Ni qu\u00e9 decir que hay bases para una resoluci\u00f3n de ese tama\u00f1o: decenas de vicios en el procedimiento pol\u00edtico, electoral y legislativo; una sobrerrepresentaci\u00f3n legislativas evidentemente inconstitucional y anti\u00e9tica \u2014en la cual el 54% del voto se convirti\u00f3 en 74% de curules\u2014, y sin ir al fondo de si esta Reforma es antidemocr\u00e1tica.<\/p>\n<p>No estamos lejos de ver si esto avanza o no por este camino.<\/p>\n<p style=\"text-align: center;\"><strong>Mientras, en el Senado impulsan inversiones<\/strong><\/p>\n<p>En este contexto, diversas comisiones del Senado \u2014la de Relaciones Exteriores Asia-Pac\u00edfico, encabezada por <strong>Yeidckol Polevnsky<\/strong>; la de Econom\u00eda, de <strong>Emmanuel Reyes<\/strong>; la de Hacienda, liderada por<strong> Cuauht\u00e9moc Ochoa<\/strong>\u2014 <strong>han recibido a Nirmala Sitharaman<\/strong>, ministra de Finanzas y Asuntos Corporativos de la India, pa\u00eds que es el tercer comprador de petr\u00f3leo mexicano y que comienza a abrirse paso como un importante inversor en M\u00e9xico.<\/p>\n<p>La senadora morenista <strong>Yeidckol Polevnsky le indic\u00f3 <\/strong>que M\u00e9xico est\u00e1 \u201cmuy interesado\u201d en hacer negocios con la India y que exista un flujo de inversiones entre empresarios de ambas naciones. Y le record\u00f3 que M\u00e9xico comparte m\u00e1s de tres mil kil\u00f3metros de frontera con Estados Unidos, una zona hoy privilegiada por la relocalizaci\u00f3n de empresas o nearshoring.<\/p>\n<p>El senador <strong>Reyes Carmona<\/strong> afirm\u00f3, por su parte, que ya M\u00e9xico es el principal socio de la India en Am\u00e9rica Latina y que esta naci\u00f3n figura en la lista de los 10 principales pa\u00edses con el que existe un intercambio comercial.<\/p>\n<p>El senador <strong>Ochoa<\/strong> consider\u00f3 que la India es el tercer comprador de petr\u00f3leo mexicano y afirm\u00f3 que nuestro territorio es un espacio importante para la inversi\u00f3n, por la ubicaci\u00f3n estrat\u00e9gica y los tratados comerciales que sostenemos con Estados Unidos y Canad\u00e1.<\/p>\n<p>La senadora priista <strong>Cristina Ruiz Sandoval<\/strong> record\u00f3 que, desde 1950, M\u00e9xico y la India mantienen una relaci\u00f3n de di\u00e1logo, cooperaci\u00f3n e intercambio comercial, lo que ha permitido el crecimiento de las compa\u00f1\u00edas de ambos estados.<\/p>\n<p><strong>Nirmala Shitharaman, <\/strong>ministra de Finanzas y Asuntos Corporativos de la India, confirm\u00f3 que su visita a M\u00e9xico busca fortalecer su sociedad comercial y las relaciones entre los parlamentos de ambas naciones.<\/p>\n<p>Record\u00f3 a los legisladores mexicanos que la India realiz\u00f3 recientemente reformas en la infraestructura, sistemas bancarios, pol\u00edticas comerciales, y para promover la inversi\u00f3n y facilitar los negocios.<\/p>\n<p>El gobierno de la India, dijo, est\u00e1 listo para seguir colaborando con M\u00e9xico hacia esta meta de crear un mejor mundo.<\/p>\n<p>X: <em><a href=\"https:\/\/x.com\/_rvizcaino\" target=\"_blank\" rel=\"noopener noreferrer\">@_RVizcaino<\/a><a href=\"mailto:rvizcainoa@gmail.com\" target=\"_blank\" rel=\"noopener noreferrer\"><br \/>\n<\/a><a href=\"https:\/\/www.facebook.com\/rvizcainoa\" target=\"_blank\" rel=\"noopener noreferrer\">facebook.com\/rvizcainoa<\/a><\/em><\/p>\n","protected":false},"excerpt":{"rendered":"<p><span style=\"color: #005497;\"><strong>Roberto Vizca\u00edno<\/strong><\/span><\/p>\n","protected":false},"author":3,"featured_media":0,"comment_status":"open","ping_status":"open","sticky":false,"template":"","format":"standard","meta":{"_monsterinsights_skip_tracking":false,"_monsterinsights_sitenote_active":false,"_monsterinsights_sitenote_note":"","_monsterinsights_sitenote_category":0,"footnotes":""},"categories":[136],"tags":[43674,93,94],"class_list":["post-637782","post","type-post","status-publish","format-standard","hentry","category-roberto-vizcaino-opinion","tag-opinion","tag-roberto-vizcaino","tag-tras-la-puerta-del-poder"],"_links":{"self":[{"href":"https:\/\/www.diarioimagen.net\/index.php?rest_route=\/wp\/v2\/posts\/637782","targetHints":{"allow":["GET"]}}],"collection":[{"href":"https:\/\/www.diarioimagen.net\/index.php?rest_route=\/wp\/v2\/posts"}],"about":[{"href":"https:\/\/www.diarioimagen.net\/index.php?rest_route=\/wp\/v2\/types\/post"}],"author":[{"embeddable":true,"href":"https:\/\/www.diarioimagen.net\/index.php?rest_route=\/wp\/v2\/users\/3"}],"replies":[{"embeddable":true,"href":"https:\/\/www.diarioimagen.net\/index.php?rest_route=%2Fwp%2Fv2%2Fcomments&post=637782"}],"version-history":[{"count":0,"href":"https:\/\/www.diarioimagen.net\/index.php?rest_route=\/wp\/v2\/posts\/637782\/revisions"}],"wp:attachment":[{"href":"https:\/\/www.diarioimagen.net\/index.php?rest_route=%2Fwp%2Fv2%2Fmedia&parent=637782"}],"wp:term":[{"taxonomy":"category","embeddable":true,"href":"https:\/\/www.diarioimagen.net\/index.php?rest_route=%2Fwp%2Fv2%2Fcategories&post=637782"},{"taxonomy":"post_tag","embeddable":true,"href":"https:\/\/www.diarioimagen.net\/index.php?rest_route=%2Fwp%2Fv2%2Ftags&post=637782"}],"curies":[{"name":"wp","href":"https:\/\/api.w.org\/{rel}","templated":true}]}}