{"id":638083,"date":"2024-10-23T00:06:44","date_gmt":"2024-10-23T06:06:44","guid":{"rendered":"https:\/\/www.diarioimagen.net\/?p=638083"},"modified":"2024-10-23T03:07:05","modified_gmt":"2024-10-23T09:07:05","slug":"atrae-el-gobierno-de-edomex-inversion-de-1200-millones-de-pesos-a-texcoco","status":"publish","type":"post","link":"https:\/\/www.diarioimagen.net\/?p=638083","title":{"rendered":"Atrae el gobierno de Edomex inversi\u00f3n de 1,200\u00a0millones de pesos a Texcoco"},"content":{"rendered":"<p>&nbsp;<\/p>\n<h2 style=\"text-align: center;\">Mil empleos m\u00e1s en la zona oriente<\/h2>\n<p>&nbsp;<\/p>\n<ul>\n<li><strong><em>Tecnolog\u00eda del CEDIS de Coppel permitir\u00e1 suministrar 225 mil productos diarios a 235 tiendas<\/em><\/strong><\/li>\n<\/ul>\n<p><strong>\u00a0<\/strong><\/p>\n<div id=\"attachment_638212\" style=\"width: 470px\" class=\"wp-caption aligncenter\"><a href=\"https:\/\/www.diarioimagen.net\/?attachment_id=638212\" rel=\"attachment wp-att-638212\"><img loading=\"lazy\" decoding=\"async\" aria-describedby=\"caption-attachment-638212\" class=\"size-full wp-image-638212\" src=\"https:\/\/www.diarioimagen.net\/wp-content\/uploads\/2024\/10\/atrae-gobierno-edomex.jpg\" alt=\"\" width=\"460\" height=\"270\" srcset=\"https:\/\/www.diarioimagen.net\/wp-content\/uploads\/2024\/10\/atrae-gobierno-edomex.jpg 460w, https:\/\/www.diarioimagen.net\/wp-content\/uploads\/2024\/10\/atrae-gobierno-edomex-240x141.jpg 240w\" sizes=\"auto, (max-width: 460px) 100vw, 460px\" \/><\/a><p id=\"caption-attachment-638212\" class=\"wp-caption-text\">La gobernadora Delfina G\u00f3mez \u00c1lvarez, y Agust\u00edn Coppel Luken, Director General de Grupo Coppel, inauguraron el Centro de Distribuci\u00f3n de esta empresa en Texcoco, el cual es su mayor CEDIS en el pa\u00eds, equipado con la \u00faltima tecnolog\u00eda del sector.<\/p><\/div>\n<p>&nbsp;<\/p>\n<p><strong>Texcoco, Estado de M\u00e9xico.\u2014<\/strong> Con una inversi\u00f3n de m\u00e1s de mil 200 millones de pesos y la generaci\u00f3n de mil empleos formales, la gobernadora del Estado de M\u00e9xico, Delfina G\u00f3mez \u00c1lvarez, y Agust\u00edn Coppel Luken, Director General de Grupo Coppel, inauguraron el Centro de Distribuci\u00f3n de esta empresa en el municipio de Texcoco, el cual es su mayor CEDIS en el pa\u00eds, equipado con la \u00faltima tecnolog\u00eda del sector.<\/p>\n<p>\u201cCon una inversi\u00f3n de mil 200 millones de pesos se construy\u00f3 este Centro de Distribuci\u00f3n Log\u00edstica, brindando con ello un cambio con rumbo, con origen y con destino al pueblo mexiquense. Hoy el bienestar no se concentra en una sola zona, gracias a la generaci\u00f3n de empleos dignos y al desarrollo con justicia social\u201d, asegur\u00f3 la Gobernadora Delfina G\u00f3mez \u00c1lvarez.<\/p>\n<p>Desde que inici\u00f3 la actual administraci\u00f3n, atraer la inversi\u00f3n al Estado de M\u00e9xico ha sido uno de los compromisos de la Maestra Delfina G\u00f3mez \u00c1lvarez, por ello a los empresarios se les ha dado acompa\u00f1amiento y certeza, generando confianza para instalarse en la entidad, generando una derrama econ\u00f3mica y nuevos empleos con cifras sin precedente en los \u00faltimos 27 a\u00f1os.<\/p>\n<p>\u201cEl trabajo que de manera conjunta realizamos con los empresarios, con los gobiernos municipales para crear nuevos espacios laborales en este primer a\u00f1o de gobierno, nos ubic\u00f3 como la primera entidad a nivel nacional en la creaci\u00f3n de empleos\u201d, puntualiz\u00f3 la gobernadora Delfina G\u00f3mez \u00c1lvarez.<\/p>\n<p>Al respecto, Laura Gonz\u00e1lez Hern\u00e1ndez, titular de la Secretar\u00eda de Desarrollo Econ\u00f3mico (Sedeco), refiri\u00f3 que el Estado de M\u00e9xico ocupa el primer lugar a nivel nacional en Centros de Distribuci\u00f3n, con 389 que representan el 13 por ciento del total nacional, esta inversi\u00f3n se aterriza en la Zona Oriente del Estado lo que marca significativamente el camino que tomar\u00e1 el desarrollo de proyectos de inversi\u00f3n que detonar\u00e1n m\u00e1s y mejores empleos en esta regi\u00f3n prioritaria para la entidad.<\/p>\n<p>Precis\u00f3 que la encomienda de la actual administraci\u00f3n es regresar la confianza de los ciudadanos y de los empresarios que han visto a la entidad como un destino de inversi\u00f3n y generaci\u00f3n de empleos, por ello se ha puesto en marcha una estrategia de promoci\u00f3n a la inversi\u00f3n, se ha avanzado de manera significativa en la llegada de inversiones nacionales y extranjeras, generaci\u00f3n de empleo formal y crecimiento de sectores fundamentales para que el Estado siga siendo un motor econ\u00f3mico del pa\u00eds.<\/p>\n<p>Durante el evento de inauguraci\u00f3n, Agust\u00edn Coppel Luken, Director General y Presidente de Grupo Coppel coment\u00f3: \u201cEl CEDIS Texcoco nos permitir\u00e1 cumplir con nuestros clientes con m\u00e1s rapidez y eficacia; asimismo, ampliar\u00e1 la variedad de productos disponibles para el e-commerce y acortar\u00e1 los tiempos de respuesta para la entrega a domicilio\u201d.<\/p>\n<p>Apunt\u00f3 que \u201ctodos nuestros colaboradores est\u00e1n altamente capacitados para utilizar la tecnolog\u00eda de punta que incorporamos en este CEDIS, con lo que lograremos ser m\u00e1s productivos y generar ahorros, a la vez que abrimos oportunidades de desarrollo personal en tareas especializadas\u201d.<\/p>\n<p>Coppel eligi\u00f3 al Estado de M\u00e9xico para construir su quinto CEDIS en la entidad por ser un punto estrat\u00e9gico de conectividad log\u00edstica en el centro del pa\u00eds, cercano a las principales rutas de comercio, el Aeropuerto Internacional Felipe \u00c1ngeles (AIFA) y proveedores en la cadena productiva.<\/p>\n<p>El nuevo centro de distribuci\u00f3n cuenta con una superficie de 124 mil metros cuadrados, equivalente a dos explanadas del z\u00f3calo capitalino, tiene la capacidad de almacenar m\u00e1s de 10 millones de productos y abastecer a tiendas de siete estados: Estado de M\u00e9xico, Ciudad de M\u00e9xico, Hidalgo, Morelos, Tlaxcala, Puebla y Veracruz.<\/p>\n<p>Las instalaciones en Texcoco tienen la capacidad de suministrar m\u00e1s de 225 mil productos diarios a 235 tiendas en 35 ciudades del pa\u00eds. Adem\u00e1s, cuenta con una flota primaria de 49 tractocamiones y 118 remolques.<\/p>\n<p>El CEDIS Texcoco tambi\u00e9n es amigable con el medio ambiente, tiene la capacidad de reciclar m\u00e1s de mil 350 toneladas de residuos, equivalente a la reducci\u00f3n de emisiones de m\u00e1s de 33 mil \u00e1rboles por a\u00f1o, as\u00ed como un sistema de tratamiento de agua de lluvia y generaci\u00f3n de energ\u00eda el\u00e9ctrica desde paneles solares.<\/p>\n<p>En la inauguraci\u00f3n del CEDIS estuvieron Horacio Duarte Olivares, Secretario General de Gobierno; Carlos Jes\u00fas Maza Lara, Secretario de Desarrollo Urbano e Infraestructura; Juan Carlos Gonz\u00e1lez Romero, Secretario de Bienestar; Hilda Salazar Gil, Secretaria de la Contralor\u00eda; Elizabeth Guadalupe Terrazas, Presidenta Municipal de Texcoco; Nazario Guti\u00e9rrez Mart\u00ednez, Presidente Electo de este municipio; representantes empresariales y colaboradores de Grupo Coppel.<\/p>\n","protected":false},"excerpt":{"rendered":"<p>Con una inversi\u00f3n de m\u00e1s de mil 200 millones de pesos y la generaci\u00f3n de mil empleos formales, la gobernadora del Estado de M\u00e9xico, Delfina G\u00f3mez \u00c1lvarez, y Agust\u00edn Coppel Luken, Director General de Grupo Coppel, inauguraron el Centro de Distribuci\u00f3n de esta empresa en el municipio de Texcoco, el cual es su mayor CEDIS en el pa\u00eds, equipado con la \u00faltima tecnolog\u00eda del sector.<\/p>\n","protected":false},"author":3,"featured_media":638212,"comment_status":"open","ping_status":"open","sticky":false,"template":"","format":"standard","meta":{"_monsterinsights_skip_tracking":false,"_monsterinsights_sitenote_active":false,"_monsterinsights_sitenote_note":"","_monsterinsights_sitenote_category":0,"footnotes":""},"categories":[5,99730],"tags":[101080,57859,5247],"class_list":["post-638083","post","type-post","status-publish","format-standard","has-post-thumbnail","hentry","category-estado-de-mexico","category-edomex","tag-agustin-coppel-luken","tag-delfina-gomez-alvarez","tag-inversion"],"_links":{"self":[{"href":"https:\/\/www.diarioimagen.net\/index.php?rest_route=\/wp\/v2\/posts\/638083","targetHints":{"allow":["GET"]}}],"collection":[{"href":"https:\/\/www.diarioimagen.net\/index.php?rest_route=\/wp\/v2\/posts"}],"about":[{"href":"https:\/\/www.diarioimagen.net\/index.php?rest_route=\/wp\/v2\/types\/post"}],"author":[{"embeddable":true,"href":"https:\/\/www.diarioimagen.net\/index.php?rest_route=\/wp\/v2\/users\/3"}],"replies":[{"embeddable":true,"href":"https:\/\/www.diarioimagen.net\/index.php?rest_route=%2Fwp%2Fv2%2Fcomments&post=638083"}],"version-history":[{"count":0,"href":"https:\/\/www.diarioimagen.net\/index.php?rest_route=\/wp\/v2\/posts\/638083\/revisions"}],"wp:featuredmedia":[{"embeddable":true,"href":"https:\/\/www.diarioimagen.net\/index.php?rest_route=\/wp\/v2\/media\/638212"}],"wp:attachment":[{"href":"https:\/\/www.diarioimagen.net\/index.php?rest_route=%2Fwp%2Fv2%2Fmedia&parent=638083"}],"wp:term":[{"taxonomy":"category","embeddable":true,"href":"https:\/\/www.diarioimagen.net\/index.php?rest_route=%2Fwp%2Fv2%2Fcategories&post=638083"},{"taxonomy":"post_tag","embeddable":true,"href":"https:\/\/www.diarioimagen.net\/index.php?rest_route=%2Fwp%2Fv2%2Ftags&post=638083"}],"curies":[{"name":"wp","href":"https:\/\/api.w.org\/{rel}","templated":true}]}}