{"id":638085,"date":"2024-10-23T00:05:31","date_gmt":"2024-10-23T06:05:31","guid":{"rendered":"https:\/\/www.diarioimagen.net\/?p=638085"},"modified":"2024-10-23T23:08:40","modified_gmt":"2024-10-24T05:08:40","slug":"fortalece-delfina-gomez-la-educacion-indigena-normalista","status":"publish","type":"post","link":"https:\/\/www.diarioimagen.net\/?p=638085","title":{"rendered":"Fortalece Delfina G\u00f3mez la educaci\u00f3n ind\u00edgena normalista"},"content":{"rendered":"<p>&nbsp;<\/p>\n<ul>\n<li><em><strong>Instalaciones para la Unidad de Desarrollo Profesional en Jiquipilco<\/strong><\/em><\/li>\n<\/ul>\n<p><strong>\u00a0<\/strong><\/p>\n<div id=\"attachment_638201\" style=\"width: 470px\" class=\"wp-caption aligncenter\"><a href=\"https:\/\/www.diarioimagen.net\/?attachment_id=638201\" rel=\"attachment wp-att-638201\"><img loading=\"lazy\" decoding=\"async\" aria-describedby=\"caption-attachment-638201\" class=\"size-full wp-image-638201\" src=\"https:\/\/www.diarioimagen.net\/wp-content\/uploads\/2024\/10\/fortalece-delfina-gomez.jpg\" alt=\"\" width=\"460\" height=\"270\" srcset=\"https:\/\/www.diarioimagen.net\/wp-content\/uploads\/2024\/10\/fortalece-delfina-gomez.jpg 460w, https:\/\/www.diarioimagen.net\/wp-content\/uploads\/2024\/10\/fortalece-delfina-gomez-240x141.jpg 240w\" sizes=\"auto, (max-width: 460px) 100vw, 460px\" \/><\/a><p id=\"caption-attachment-638201\" class=\"wp-caption-text\">El gobierno encabezado por la maestra Delfina G\u00f3mez \u00c1lvarez construye un nuevo plantel para la Unidad de Desarrollo Profesional de Jiquipilco, que pertenece a la Escuela Normal Superior del Valle de Toluca.<\/p><\/div>\n<p>&nbsp;<\/p>\n<p><strong>Jiquipilco, Estado de M\u00e9xico.\u2014 <\/strong>En un esfuerzo por fortalecer la educaci\u00f3n ind\u00edgena normalista en el Estado de M\u00e9xico, el gobierno encabezado por la Maestra Delfina G\u00f3mez \u00c1lvarez construye un nuevo plantel para la Unidad de Desarrollo Profesional de Jiquipilco, que pertenece a la Escuela Normal Superior del Valle de Toluca.<\/p>\n<p>Esta instituci\u00f3n, dedicada a la formaci\u00f3n de docentes con un enfoque en la educaci\u00f3n ind\u00edgena, actualmente ofrece las licenciaturas en Educaci\u00f3n Preescolar Intercultural Pluriling\u00fce y Comunitaria, as\u00ed como Educaci\u00f3n Primaria.<\/p>\n<p>Miguel \u00c1ngel Hern\u00e1ndez Espejel, titular de la Secretar\u00eda de Educaci\u00f3n, Ciencia, Tecnolog\u00eda e Innovaci\u00f3n (SECTI), subray\u00f3 la importancia de esta obra, ya que la unidad ha operado en instalaciones prestadas.<\/p>\n<p>\u201cCon El Poder de Servir, la administraci\u00f3n estatal est\u00e1 comprometida con la creaci\u00f3n de entornos educativos adecuados para garantizar la formaci\u00f3n de los futuros docentes en un espacio propio y con las mejores condiciones\u201d, mencion\u00f3.<\/p>\n<p>Hern\u00e1ndez Espejel destac\u00f3 que la Unidad de Desarrollo Profesional de Jiquipilco alberga una matr\u00edcula de 110 estudiantes y cuenta con un docente hablante de otom\u00ed, lo que refuerza su compromiso con la educaci\u00f3n pluriling\u00fce y la preservaci\u00f3n de las lenguas originarias.<\/p>\n<p>El nuevo plantel contar\u00e1 con aulas equipadas y se construir\u00e1 en etapas, gracias a la colaboraci\u00f3n del Ayuntamiento de Jiquipilco, que adquiri\u00f3 el terreno para su edificaci\u00f3n.<\/p>\n<p>Se\u00f1al\u00f3 que durante el primer a\u00f1o de gesti\u00f3n de la Gobernadora Delfina G\u00f3mez \u00c1lvarez se atendieron a m\u00e1s de 34 mil estudiantes de educaci\u00f3n ind\u00edgena en el estado, y se puso en marcha la Universidad Intercultural de Temoaya para ampliar la oferta educativa.<\/p>\n<p>En el marco de una gira de trabajo por Jiquipilco, el Secretario supervis\u00f3 tambi\u00e9n la construcci\u00f3n de la Direcci\u00f3n, barda perimetral y rampa de acceso del Jard\u00edn de Ni\u00f1os \u201cLuz Mar\u00eda Serradell\u201d, obra que cont\u00f3 con una inversi\u00f3n de 2 millones 216 mil pesos.<\/p>\n<p>Asimismo, visit\u00f3 el Centro de Atenci\u00f3n M\u00faltiple No. 63, que atiende a 86 estudiantes con necesidades educativas especiales y la Escuela Primaria \u201cAlma de la Patria\u201d y el CECyTEM Plantel Jiquipilco.<\/p>\n","protected":false},"excerpt":{"rendered":"<p>En un esfuerzo por fortalecer la educaci\u00f3n ind\u00edgena normalista en el Estado de M\u00e9xico, el gobierno encabezado por la Maestra Delfina G\u00f3mez \u00c1lvarez construye un nuevo plantel para la Unidad de Desarrollo Profesional de Jiquipilco, que pertenece a la Escuela Normal Superior del Valle de Toluca.<\/p>\n","protected":false},"author":3,"featured_media":638201,"comment_status":"open","ping_status":"open","sticky":false,"template":"","format":"standard","meta":{"_monsterinsights_skip_tracking":false,"_monsterinsights_sitenote_active":false,"_monsterinsights_sitenote_note":"","_monsterinsights_sitenote_category":0,"footnotes":""},"categories":[5,99730],"tags":[57859,43675,6773],"class_list":["post-638085","post","type-post","status-publish","format-standard","has-post-thumbnail","hentry","category-estado-de-mexico","category-edomex","tag-delfina-gomez-alvarez","tag-estado-de-mexico","tag-jiquipilco"],"_links":{"self":[{"href":"https:\/\/www.diarioimagen.net\/index.php?rest_route=\/wp\/v2\/posts\/638085","targetHints":{"allow":["GET"]}}],"collection":[{"href":"https:\/\/www.diarioimagen.net\/index.php?rest_route=\/wp\/v2\/posts"}],"about":[{"href":"https:\/\/www.diarioimagen.net\/index.php?rest_route=\/wp\/v2\/types\/post"}],"author":[{"embeddable":true,"href":"https:\/\/www.diarioimagen.net\/index.php?rest_route=\/wp\/v2\/users\/3"}],"replies":[{"embeddable":true,"href":"https:\/\/www.diarioimagen.net\/index.php?rest_route=%2Fwp%2Fv2%2Fcomments&post=638085"}],"version-history":[{"count":0,"href":"https:\/\/www.diarioimagen.net\/index.php?rest_route=\/wp\/v2\/posts\/638085\/revisions"}],"wp:featuredmedia":[{"embeddable":true,"href":"https:\/\/www.diarioimagen.net\/index.php?rest_route=\/wp\/v2\/media\/638201"}],"wp:attachment":[{"href":"https:\/\/www.diarioimagen.net\/index.php?rest_route=%2Fwp%2Fv2%2Fmedia&parent=638085"}],"wp:term":[{"taxonomy":"category","embeddable":true,"href":"https:\/\/www.diarioimagen.net\/index.php?rest_route=%2Fwp%2Fv2%2Fcategories&post=638085"},{"taxonomy":"post_tag","embeddable":true,"href":"https:\/\/www.diarioimagen.net\/index.php?rest_route=%2Fwp%2Fv2%2Ftags&post=638085"}],"curies":[{"name":"wp","href":"https:\/\/api.w.org\/{rel}","templated":true}]}}