{"id":638093,"date":"2024-10-23T00:04:36","date_gmt":"2024-10-23T06:04:36","guid":{"rendered":"https:\/\/www.diarioimagen.net\/?p=638093"},"modified":"2024-10-23T03:04:29","modified_gmt":"2024-10-23T09:04:29","slug":"mega-jornada-de-salud-gratuita-en-cuautitlan-izcalli","status":"publish","type":"post","link":"https:\/\/www.diarioimagen.net\/?p=638093","title":{"rendered":"Mega jornada de salud gratuita en Cuautitl\u00e1n Izcalli"},"content":{"rendered":"<p>&nbsp;<\/p>\n<div id=\"attachment_638208\" style=\"width: 470px\" class=\"wp-caption aligncenter\"><a href=\"https:\/\/www.diarioimagen.net\/?attachment_id=638208\" rel=\"attachment wp-att-638208\"><img loading=\"lazy\" decoding=\"async\" aria-describedby=\"caption-attachment-638208\" class=\"size-full wp-image-638208\" src=\"https:\/\/www.diarioimagen.net\/wp-content\/uploads\/2024\/10\/mega-jornada-de-salud-1.jpg\" alt=\"\" width=\"460\" height=\"270\" srcset=\"https:\/\/www.diarioimagen.net\/wp-content\/uploads\/2024\/10\/mega-jornada-de-salud-1.jpg 460w, https:\/\/www.diarioimagen.net\/wp-content\/uploads\/2024\/10\/mega-jornada-de-salud-1-240x141.jpg 240w\" sizes=\"auto, (max-width: 460px) 100vw, 460px\" \/><\/a><p id=\"caption-attachment-638208\" class=\"wp-caption-text\">El alcalde Pedro Rodr\u00edguez Villegas y el Teniente de Nav\u00edo Fabi\u00e1n Ricardo G\u00f3mez Calc\u00e1neo lograron consolidar una corporaci\u00f3n al servicio de la ciudadan\u00eda, con resultados reflejados en encuestas como la ENSU.<\/p><\/div>\n<p>&nbsp;<\/p>\n<p><strong>Cuautitl\u00e1n Izcalli, Estado de M\u00e9xico.\u2014<\/strong> El gobierno de esta localidad, que encabeza Karla Fiesco, en colaboraci\u00f3n con la Secretar\u00eda de Salud y el Instituto de Salud del Estado de M\u00e9xico, llevar\u00e1n a cabo la Jornada de Salud para Servir este viernes 25 de octubre a partir de las 9:00 am en la Explanada Municipal, donde se podr\u00e1n encontrar una gran variedad de servicios como consulta m\u00e9dica, vacunaci\u00f3n universal, salud bucal, colposcopias, mastograf\u00edas, detecci\u00f3n de diabetes, hipertensi\u00f3n y triglic\u00e9ridos.<\/p>\n<p>Para la colposcopia, es importante que las mujeres acudan ba\u00f1adas, sin ninguna aplicaci\u00f3n de medicamento vaginal y sin sangrado menstrual, en caso de la mastograf\u00eda deber\u00e1n tener rasuradas las axilas y sin ning\u00fan tipo de desodorante. Asimismo, hay servicios de salud para mascotas, como esterilizaciones y vacunaci\u00f3n antirr\u00e1bica.<\/p>\n<p>&nbsp;<\/p>\n","protected":false},"excerpt":{"rendered":"<p>El gobierno de esta localidad, que encabeza Karla Fiesco, en colaboraci\u00f3n con la Secretar\u00eda de Salud y el Instituto de Salud del Estado de M\u00e9xico, llevar\u00e1n a cabo la Jornada de Salud para Servir este viernes 25 de octubre a partir de las 9:00 am en la Explanada Municipal, donde se podr\u00e1n encontrar una gran variedad de servicios como consulta m\u00e9dica, vacunaci\u00f3n universal, salud bucal, colposcopias, mastograf\u00edas, detecci\u00f3n de diabetes, hipertensi\u00f3n y triglic\u00e9ridos.<\/p>\n","protected":false},"author":3,"featured_media":638208,"comment_status":"open","ping_status":"open","sticky":false,"template":"","format":"standard","meta":{"_monsterinsights_skip_tracking":false,"_monsterinsights_sitenote_active":false,"_monsterinsights_sitenote_note":"","_monsterinsights_sitenote_category":0,"footnotes":""},"categories":[18863],"tags":[101081,971,43675,66111],"class_list":["post-638093","post","type-post","status-publish","format-standard","has-post-thumbnail","hentry","category-salud-edomex","tag-colposcopia","tag-cuautitlan-izcalli","tag-estado-de-mexico","tag-mastografia"],"_links":{"self":[{"href":"https:\/\/www.diarioimagen.net\/index.php?rest_route=\/wp\/v2\/posts\/638093","targetHints":{"allow":["GET"]}}],"collection":[{"href":"https:\/\/www.diarioimagen.net\/index.php?rest_route=\/wp\/v2\/posts"}],"about":[{"href":"https:\/\/www.diarioimagen.net\/index.php?rest_route=\/wp\/v2\/types\/post"}],"author":[{"embeddable":true,"href":"https:\/\/www.diarioimagen.net\/index.php?rest_route=\/wp\/v2\/users\/3"}],"replies":[{"embeddable":true,"href":"https:\/\/www.diarioimagen.net\/index.php?rest_route=%2Fwp%2Fv2%2Fcomments&post=638093"}],"version-history":[{"count":0,"href":"https:\/\/www.diarioimagen.net\/index.php?rest_route=\/wp\/v2\/posts\/638093\/revisions"}],"wp:featuredmedia":[{"embeddable":true,"href":"https:\/\/www.diarioimagen.net\/index.php?rest_route=\/wp\/v2\/media\/638208"}],"wp:attachment":[{"href":"https:\/\/www.diarioimagen.net\/index.php?rest_route=%2Fwp%2Fv2%2Fmedia&parent=638093"}],"wp:term":[{"taxonomy":"category","embeddable":true,"href":"https:\/\/www.diarioimagen.net\/index.php?rest_route=%2Fwp%2Fv2%2Fcategories&post=638093"},{"taxonomy":"post_tag","embeddable":true,"href":"https:\/\/www.diarioimagen.net\/index.php?rest_route=%2Fwp%2Fv2%2Ftags&post=638093"}],"curies":[{"name":"wp","href":"https:\/\/api.w.org\/{rel}","templated":true}]}}