{"id":638110,"date":"2024-10-23T00:01:01","date_gmt":"2024-10-23T06:01:01","guid":{"rendered":"https:\/\/www.diarioimagen.net\/?p=638110"},"modified":"2024-10-25T01:02:00","modified_gmt":"2024-10-25T07:02:00","slug":"la-decision-de-mexico-no-ser-pais-socio-en-la-feria-internacional-de-turismo-2025","status":"publish","type":"post","link":"https:\/\/www.diarioimagen.net\/?p=638110","title":{"rendered":"La decisi\u00f3n de M\u00e9xico, no ser Pa\u00eds Socio en la Feria\u00a0Internacional de Turismo 2025"},"content":{"rendered":"<h2>De cinco estrellas<\/h2>\n<h5>Victoria Gonz\u00e1lez Prado<\/h5>\n<p>&nbsp;<\/p>\n<ul>\n<li><strong><em>Los Cabos se prepara para celebrar el D\u00eda de Muertos<\/em><\/strong><\/li>\n<\/ul>\n<p>&nbsp;<\/p>\n<div id=\"attachment_638192\" style=\"width: 440px\" class=\"wp-caption aligncenter\"><a href=\"https:\/\/www.diarioimagen.net\/?attachment_id=638192\" rel=\"attachment wp-att-638192\"><img loading=\"lazy\" decoding=\"async\" aria-describedby=\"caption-attachment-638192\" class=\"wp-image-638192\" src=\"https:\/\/www.diarioimagen.net\/wp-content\/uploads\/2024\/10\/turismo.jpg\" alt=\"\" width=\"430\" height=\"430\" srcset=\"https:\/\/www.diarioimagen.net\/wp-content\/uploads\/2024\/10\/turismo.jpg 460w, https:\/\/www.diarioimagen.net\/wp-content\/uploads\/2024\/10\/turismo-240x240.jpg 240w, https:\/\/www.diarioimagen.net\/wp-content\/uploads\/2024\/10\/turismo-270x270.jpg 270w, https:\/\/www.diarioimagen.net\/wp-content\/uploads\/2024\/10\/turismo-150x150.jpg 150w, https:\/\/www.diarioimagen.net\/wp-content\/uploads\/2024\/10\/turismo-50x50.jpg 50w, https:\/\/www.diarioimagen.net\/wp-content\/uploads\/2024\/10\/turismo-75x75.jpg 75w, https:\/\/www.diarioimagen.net\/wp-content\/uploads\/2024\/10\/turismo-70x70.jpg 70w\" sizes=\"auto, (max-width: 430px) 100vw, 430px\" \/><\/a><p id=\"caption-attachment-638192\" class=\"wp-caption-text\">M\u00e9xico no ser\u00e1 Pa\u00eds Socio en la Fitur 2025.<\/p><\/div>\n<p>&nbsp;<\/p>\n<p>Ya ha sido muy trillada la decisi\u00f3n de que M\u00e9xico no ser\u00e1 Pa\u00eds Socio en la Fitur 2025, a\u00f1o en el que la Feria celebra su 45 aniversario. Parece que a ning\u00fan gobierno le interesa el turismo. No ha sido ni antes ni ahora considerarlo como industria limpia que es de las que m\u00e1s aporta al Producto Interno Bruto (PIB) del pa\u00eds e insisten en echar abajo todo lo que signifique promoci\u00f3n.<\/p>\n<p>A tres meses de la Feria Internacional de Turismo (Fitur 2025) en Madrid, M\u00e9xico dice no vamos como Pa\u00eds Socio y Brasil toma la estafeta, del 22 al 26 de enero. La imagen que con esto da M\u00e9xico al mundo no es la mejor.<\/p>\n<p>Todo empez\u00f3 como secreto a voces antes del nuevo gobierno \u201cM\u00e9xico no ser\u00e1 anfitri\u00f3n en la Fitur\u201d sin embargo, ese \u201csecreto a voces\u201d lo confirm\u00f3 la titular de la Secretar\u00eda de Turismo federal, <strong>Josefina Rodr\u00edguez Zamora<\/strong>, quien asegur\u00f3 que M\u00e9xico participar\u00e1 en la feria de Espa\u00f1a, pero no ser\u00e1 sino hasta el 2026 que sea Pa\u00eds Socio de la Fitur y lo da a conocer ahora, tres meses antes, cuando ya estaba todo listo.<\/p>\n<p>El cambio se atribuye a las recientes tensiones entre los gobiernos de M\u00e9xico y Espa\u00f1a, pero tambi\u00e9n a la falta de dinero pues cada entidad del pa\u00eds tendr\u00eda que poner cierta suma para lograr un mill\u00f3n de d\u00f3lares que es lo que cuesta ser Pa\u00eds Socio en la Fitur, una de las fiestas tur\u00edsticas m\u00e1s importantes del mundo.<\/p>\n<p>Pero si la falta de dinero es la raz\u00f3n, eso se sab\u00eda desde el sexenio pasado, \u00bfpor qu\u00e9 retractarse ahora a 90 d\u00edas de la celebraci\u00f3n, \u00bfSer\u00eda que sin el \u201csuper peso\u201d se elev\u00f3 la cantidad que cada entidad tendr\u00eda que poner?<\/p>\n<p>La funcionaria de Turismo federal confirm\u00f3 que M\u00e9xico ser\u00e1 anfitri\u00f3n hasta el 2026, sin embargo los organizadores de la Feria Internacional de Turismo todav\u00eda no han dicho si se acepta o no la propuesta.<\/p>\n<p>Para entonces, 2026, \u00bfse lograr\u00e1 reunir el mill\u00f3n de euros?, \u00bfel gobierno aportar\u00e1 alguna cantidad?, \u00bfLa Fitur aceptar\u00e1 la propuesta de M\u00e9xico conociendo los antecedentes de cancelar tres meses antes? O quiz\u00e1 se olvide el tema o haya cualquier otro \u201ccontratiempo\u201d.<\/p>\n<p>Cabe recordar que el Caribe Mexicano hab\u00eda confirmado por medio del titular de la Sedetur, <strong>Bernardo Cueto<\/strong>, que la participaci\u00f3n de M\u00e9xico como Pa\u00eds Socio estaba confirmada y con ello todo el Caribe Mexicano tendr\u00eda como siempre gran presencia.<\/p>\n<p>Tambi\u00e9n asegur\u00f3 que los recursos que se requer\u00edan ya estaban previstos y que cada estado estaba dando 300 mil pesos promedio, dirigidos por la Uni\u00f3n de Secretarios de Turismo (Sedetur).<\/p>\n<p>Esta noticia, para el turismo en general no es buena pero, como dice el dicho \u201cdonde manda capit\u00e1n no gobierna marinero\u201d, y debemos recordar que <strong>Miguel Torruco<\/strong>, ex titular de la dependencia advirti\u00f3 que el Gobierno Federal, no pondr\u00eda ni un solo peso.<\/p>\n<p>Por el momento no ha habido reacci\u00f3n en torno a este cambio en el sector tur\u00edstico privado, que seguramente estar\u00e1 muy feliz con la decisi\u00f3n. As\u00ed la IP tur\u00edstica se mantiene a la expectativa de lo que suceder\u00e1 realmente con la promoci\u00f3n de M\u00e9xico en esta administraci\u00f3n, pues la titular de Turismo no ha manifestado tener plan definido, y no se ha comprometido con dar al pa\u00eds el impulso o la promoci\u00f3n que permita que los viajeros no lleguen a otros destinos y elijan M\u00e9xico para disfrutar de vacaciones y esto genere divisas al pa\u00eds.<\/p>\n<p>\u2730\u2730\u2730\u2730\u2730 Los Cabos se prepara para celebrar el D\u00eda de Muertos, una de las festividades m\u00e1s emblem\u00e1ticas de M\u00e9xico, con eventos que combinan la rica tradici\u00f3n cultural con el ambiente cosmopolita del destino. Desde desfiles llenos de vida hasta altares que honran a los seres queridos, esta festividad ofrece experiencia \u00fanica tanto para locales como para visitantes.<\/p>\n<p>De los eventos destacados sobresale el concurso de ofrendas en la Plaza <strong>Amelia Wilkes<\/strong>, en el coraz\u00f3n de Cabo San Lucas, se llevar\u00e1 a cabo el tradicional concurso de ofrendas, donde los participantes competir\u00e1n por crear la ofrenda m\u00e1s representativa y vistosa. Este evento es competencia y oportunidad para que las familias compartan sus historias y tradiciones con la comunidad y los turistas.<\/p>\n<p>Caminara en San Jos\u00e9 del Cabo. Recorrido por las calles hist\u00f3ricas adornadas con cempas\u00fachil y altares, permitir\u00e1 a los asistentes sumergirse en la esencia del D\u00eda de Muertos. Se podr\u00e1n apreciar las ofrendas elaboradas por los residentes locales, cada una con su propio toque personal y significado especial.<\/p>\n<p>Concurso de Catrinas en Plaza Mijares. Es uno de los eventos m\u00e1s esperados durante las celebraciones del D\u00eda de Muertos. Este colorido certamen destaca por la creatividad y el detalle con que se elaboran los atuendos inspirados en la ic\u00f3nica figura mexicana. Las Catrinas desfilan por la plaza, mostrando impresionantes trajes llenos de simbolog\u00eda, flores y maquillaje art\u00edstico que evocan la riqueza cultural de M\u00e9xico.<\/p>\n<p>Rituales Hol\u00edsticos. Diversos spas y centros de bienestar ofrecer\u00e1n rituales inspirados en las tradiciones ancestrales mexicanas, brindando experiencia de renovaci\u00f3n y conexi\u00f3n espiritual. Incluir\u00e1n temazcales y masajes con hierbas tradicionales, dise\u00f1ados para honrar a los ancestros y promover el bienestar integral.<\/p>\n<p>M\u00fasica en vivo. Conciertos y m\u00fasica tradicional mexicana se llevar\u00e1n a cabo en distintos puntos del destino, creando ambiente festivo y lleno de alegr\u00eda. Los visitantes podr\u00e1n disfrutar de mariachis, bandas de viento y grupos de danza folcl\u00f3rica.<\/p>\n<p>Degustaci\u00f3n de vinos. Los visitantes podr\u00e1n disfrutar de catas de vinos locales, maridados con platillos t\u00edpicos de la regi\u00f3n, en entorno que celebra la vida y la muerte de manera \u00fanica. Esta actividad permitir\u00e1 a los asistentes explorar los sabores de Baja California Sur mientras aprenden sobre la historia y la cultura vin\u00edcola de la regi\u00f3n.<\/p>\n<p>Fiesta en Playa Grande Resort, el 30 de octubre, se crea ambiente vibrante y lleno de m\u00fasica; mezcla perfecta entre diversi\u00f3n y vistas inigualables del atardecer, creando experiencia festiva ideal para quienes buscan celebrar estas fechas de misticismo junto al mar.<\/p>\n<p><strong>Rodrigo Esponda<\/strong>, director general del Fideicomiso de Turismo de Los Cabos (Fiturca), coment\u00f3: \u201cel D\u00eda de Muertos en Los Cabos es una celebraci\u00f3n que refleja nuestra identidad cultural y nuestra capacidad de innovar. Invitamos a todos a vivir esta experiencia que combina tradici\u00f3n y modernidad en un entorno inigualable. Es una oportunidad para que los visitantes se conecten con nuestras ra\u00edces y descubran la riqueza de nuestras costumbres.\u201d<\/p>\n<p>Adem\u00e1s de las actividades mencionadas, los hoteles y restaurantes tambi\u00e9n se sumar\u00e1n a la celebraci\u00f3n con men\u00fas especiales, decoraciones tem\u00e1ticas y eventos privados que permitir\u00e1n a los hu\u00e9spedes disfrutar de la festividad en ambiente m\u00e1s \u00edntimo y personalizado.<\/p>\n<p>&nbsp;<\/p>\n<blockquote>\n<p style=\"text-align: right;\">\u201c<strong>El<\/strong> <strong>\u00e1ngel de la fama tiene sus alas hechas de papel&#8230; peri\u00f3dico\u201d.<br \/>\n<\/strong><\/p>\n<\/blockquote>\n<p>&nbsp;<\/p>\n<p><em><span class=\"Apple-converted-space\"><a href=\"mailto:victoriagprado@gmail.com\" target=\"_blank\" rel=\"noopener noreferrer\">victoriagprado@gmail.com<\/a><br \/>\nX: <a href=\"https:\/\/twitter.com\/victoriagprado\" target=\"_blank\" rel=\"noopener noreferrer\">@victoriagprado<\/a><\/span><\/em><\/p>\n","protected":false},"excerpt":{"rendered":"<p>Ya ha sido muy trillada la decisi\u00f3n de que M\u00e9xico no ser\u00e1 Pa\u00eds Socio en la Fitur 2025, a\u00f1o en el que la Feria celebra su 45 aniversario. Parece que a ning\u00fan gobierno le interesa el turismo. No ha sido ni antes ni ahora considerarlo como industria limpia que es de las que m\u00e1s aporta al Producto Interno Bruto (PIB) del pa\u00eds e insisten en echar abajo todo lo que signifique promoci\u00f3n.<\/p>\n","protected":false},"author":3,"featured_media":638193,"comment_status":"open","ping_status":"open","sticky":false,"template":"","format":"standard","meta":{"_monsterinsights_skip_tracking":false,"_monsterinsights_sitenote_active":false,"_monsterinsights_sitenote_note":"","_monsterinsights_sitenote_category":0,"footnotes":""},"categories":[11],"tags":[107,43674,43681,106],"class_list":["post-638110","post","type-post","status-publish","format-standard","has-post-thumbnail","hentry","category-turismo","tag-de-cinco-estrellas","tag-opinion","tag-turismo","tag-victoria-gonzalez-prado"],"_links":{"self":[{"href":"https:\/\/www.diarioimagen.net\/index.php?rest_route=\/wp\/v2\/posts\/638110","targetHints":{"allow":["GET"]}}],"collection":[{"href":"https:\/\/www.diarioimagen.net\/index.php?rest_route=\/wp\/v2\/posts"}],"about":[{"href":"https:\/\/www.diarioimagen.net\/index.php?rest_route=\/wp\/v2\/types\/post"}],"author":[{"embeddable":true,"href":"https:\/\/www.diarioimagen.net\/index.php?rest_route=\/wp\/v2\/users\/3"}],"replies":[{"embeddable":true,"href":"https:\/\/www.diarioimagen.net\/index.php?rest_route=%2Fwp%2Fv2%2Fcomments&post=638110"}],"version-history":[{"count":0,"href":"https:\/\/www.diarioimagen.net\/index.php?rest_route=\/wp\/v2\/posts\/638110\/revisions"}],"wp:featuredmedia":[{"embeddable":true,"href":"https:\/\/www.diarioimagen.net\/index.php?rest_route=\/wp\/v2\/media\/638193"}],"wp:attachment":[{"href":"https:\/\/www.diarioimagen.net\/index.php?rest_route=%2Fwp%2Fv2%2Fmedia&parent=638110"}],"wp:term":[{"taxonomy":"category","embeddable":true,"href":"https:\/\/www.diarioimagen.net\/index.php?rest_route=%2Fwp%2Fv2%2Fcategories&post=638110"},{"taxonomy":"post_tag","embeddable":true,"href":"https:\/\/www.diarioimagen.net\/index.php?rest_route=%2Fwp%2Fv2%2Ftags&post=638110"}],"curies":[{"name":"wp","href":"https:\/\/api.w.org\/{rel}","templated":true}]}}