{"id":638129,"date":"2024-10-23T00:13:36","date_gmt":"2024-10-23T06:13:36","guid":{"rendered":"https:\/\/www.diarioimagen.net\/?p=638129"},"modified":"2024-10-23T02:32:40","modified_gmt":"2024-10-23T08:32:40","slug":"en-el-nombre-de","status":"publish","type":"post","link":"https:\/\/www.diarioimagen.net\/?p=638129","title":{"rendered":"En el nombre de&#8230;"},"content":{"rendered":"<h2>Se comenta s\u00f3lo con\u2026<\/h2>\n<h5>Carlos Ramos Padilla<\/h5>\n<p>&nbsp;<\/p>\n<p>Nueve sacerdotes han sido asesinados en los \u00faltimos cinco a\u00f1os en nuestro pa\u00eds, reporta la Iglesia cat\u00f3lica. Uno de los cr\u00edmenes m\u00e1s impactantes y medi\u00e1ticos que despert\u00f3 severas cr\u00edticas dentro y fuera del pa\u00eds fue el de los sacerdotes jesuitas Javier Campos Morales y Joaqu\u00edn C\u00e9sar Mora Salazar, el 20 de junio de 2022, en el estado de Chihuahua.<\/p>\n<p>Este domingo, el crimen contra el padre Marcelo P\u00e9rez P\u00e9rez, en San Crist\u00f3bal, Chiapas, representa uno de los ataques m\u00e1s arteros del crimen organizado atribuido inicialmente a una c\u00e9lula delincuencial conocida como los <em>Motonetos, <\/em>por practicar sus atentados en motocicletas.<\/p>\n<p>Monse\u00f1or Arizmendi ha sido muy claro en ello y denuncia que los delincuentes tienen el absoluto control del Estado. La extorsi\u00f3n a comerciantes y a migrantes les ha dejado ya m\u00e1s dinero que el propio trasiego de la droga.<\/p>\n<p>Marcelo P\u00e9rez era un activista reconocido en la regi\u00f3n de Los Altos, donde naci\u00f3 y esto ha provocado la ira de los representantes de los pueblos originarios. Se le vio activo durante una manifestaci\u00f3n contra la violencia en septiembre pasado.<\/p>\n<p>Ah\u00ed declar\u00f3: \u201cChiapas es una bomba de tiempo. Si no se toman medidas, va a estar sometido, esclavizado, al crimen organizado\u201d. Palabras que coinciden plenamente con el Obispo Arizmendi y que coloca bajo la lupa a personajes como Manuel Velasco quien fuera gobernador.<\/p>\n<p>En la Frontera Central y la Sierra Mariscal, grupos delincuenciales asociados a el C\u00e1rtel de Sinaloa y a el C\u00e1rtel Jalisco Nueva Generaci\u00f3n emprenden confrontaciones sangrientas por el control de rutas y poblados llegando a extremos de la compraventa de armas y la trata de personas.<\/p>\n<p>La extorsi\u00f3n a los locatarios del mercado local ha sido permanentemente denunciada. El n\u00famero de desplazados se multiplica en la selva Lacandona y en Los Altos desde el conflicto en el 94 con el EZLN y hasta estos d\u00edas.<\/p>\n<p>A mediados de este mes, los miembros zapatistas de la comunidad 6 de octubre acusaron a los vecinos de Nueva Palestina de ligarse con bandas criminales para apoderarse de sus propiedades.<\/p>\n<p>\u201cUrge el desarme, desmantelamiento y desarticulaci\u00f3n inmediata de los grupos criminales que imperan en la entidad y sus redes aliadas nacionales e internacionales, interesadas en el despojo y el control territorial\u201d, dicta un documento p\u00fablico de la Di\u00f3cesis de San Crist\u00f3bal.<\/p>\n<p>Desde el Vaticano se han pronunciado sobre lo que ocurre en M\u00e9xico y concretamente con los asesinatos de los cl\u00e9rigos. Han aprendido las declaraciones de las autoridades mexicanas que intentan disfrazar o minimizar los hechos.<\/p>\n<p>AMLO, en una ma\u00f1anera, coment\u00f3 que si la sociedad esperaba que corrieran tras los criminales de los jesuitas. Y ahora Sheinbaum anticipa y copia los mismos discursos que ya tienen harta a la sociedad: \u201cIniciamos una investigaci\u00f3n para que este crimen no quede impune\u201d.<\/p>\n<p>Los \u00faltimos momentos del padre P\u00e9rez fueron al concluir su homil\u00eda y salir del templo para ah\u00ed ser acribillado. Por supuesto no hay detenidos y se ignorar\u00e1, como siempre, la autor\u00eda intelectual y el m\u00f3vil.<\/p>\n<p>Este evento enciende una vez m\u00e1s la mecha para que la poblaci\u00f3n inicie una serie de actos por justicia propia, llegando incluso a los linchamientos, dado que las autoridades locales argumentan que no hacen nada porque los matones est\u00e1n mejor armados.<\/p>\n<p><a href=\"https:\/\/twitter.com\/cramospadilla?ref_src=twsrc%5Egoogle%7Ctwcamp%5Eserp%7Ctwgr%5Eauthor\" target=\"_blank\" rel=\"noopener\"><em>@cramospadilla<\/em><\/a><\/p>\n","protected":false},"excerpt":{"rendered":"<p><span style=\"color: #005497;\"><strong>Carlos Ramos Padilla<\/strong><\/span><\/p>\n","protected":false},"author":3,"featured_media":0,"comment_status":"open","ping_status":"open","sticky":false,"template":"","format":"standard","meta":{"_monsterinsights_skip_tracking":false,"_monsterinsights_sitenote_active":false,"_monsterinsights_sitenote_note":"","_monsterinsights_sitenote_category":0,"footnotes":""},"categories":[97109],"tags":[97108,43674,97107],"class_list":["post-638129","post","type-post","status-publish","format-standard","hentry","category-carlos-ramos-padilla","tag-carlos-ramos-padilla","tag-opinion","tag-se-comenta-solo-con"],"_links":{"self":[{"href":"https:\/\/www.diarioimagen.net\/index.php?rest_route=\/wp\/v2\/posts\/638129","targetHints":{"allow":["GET"]}}],"collection":[{"href":"https:\/\/www.diarioimagen.net\/index.php?rest_route=\/wp\/v2\/posts"}],"about":[{"href":"https:\/\/www.diarioimagen.net\/index.php?rest_route=\/wp\/v2\/types\/post"}],"author":[{"embeddable":true,"href":"https:\/\/www.diarioimagen.net\/index.php?rest_route=\/wp\/v2\/users\/3"}],"replies":[{"embeddable":true,"href":"https:\/\/www.diarioimagen.net\/index.php?rest_route=%2Fwp%2Fv2%2Fcomments&post=638129"}],"version-history":[{"count":0,"href":"https:\/\/www.diarioimagen.net\/index.php?rest_route=\/wp\/v2\/posts\/638129\/revisions"}],"wp:attachment":[{"href":"https:\/\/www.diarioimagen.net\/index.php?rest_route=%2Fwp%2Fv2%2Fmedia&parent=638129"}],"wp:term":[{"taxonomy":"category","embeddable":true,"href":"https:\/\/www.diarioimagen.net\/index.php?rest_route=%2Fwp%2Fv2%2Fcategories&post=638129"},{"taxonomy":"post_tag","embeddable":true,"href":"https:\/\/www.diarioimagen.net\/index.php?rest_route=%2Fwp%2Fv2%2Ftags&post=638129"}],"curies":[{"name":"wp","href":"https:\/\/api.w.org\/{rel}","templated":true}]}}