{"id":638133,"date":"2024-10-23T00:03:14","date_gmt":"2024-10-23T06:03:14","guid":{"rendered":"https:\/\/www.diarioimagen.net\/?p=638133"},"modified":"2024-10-23T02:43:14","modified_gmt":"2024-10-23T08:43:14","slug":"salarios-en-el-poder-judicial-y-de-los-militares","status":"publish","type":"post","link":"https:\/\/www.diarioimagen.net\/?p=638133","title":{"rendered":"Salarios\u00a0en\u00a0el\u00a0Poder\u00a0Judicial,  \u00bfy\u00a0de\u00a0los\u00a0militares?"},"content":{"rendered":"<h2>Espacio Electoral<\/h2>\n<h5>Eleazar Flores<\/h5>\n<p>&nbsp;<\/p>\n<p><strong>EL PLEITO NO ES ECON\u00d3MICO-.<\/strong> Entrados en gastos y salarios de ministros-as, magistrados-as y jueces-as federales, bueno ser\u00eda hurgar en las n\u00f3minas del PUEBLO ARMADO, pues la bandera presidencial de que en el Poder Judicial algunos-as ganan m\u00e1s que LA PRESIDENTA, el argumento palidecer\u00eda.<\/p>\n<p>Esto debido a que los m\u00e1s de cien mil pesos mensuales del salario presidencial quedan muy por debajo de los m\u00e1s de quinientos mil pesos que devengan los altos mandos de la Secretar\u00eda de la Defensa Nacional, bajo las denominaciones de HABERES, ascenso y dem\u00e1s est\u00edmulos.<\/p>\n<p>\u00bfLo duda?, le recomiendo el programa DE LARGO ALIENTO de la periodista Sabina Berman transmitido har\u00e1 cosa de un a\u00f1o, -pero experto en redes, usted lo puede consultar en internet- en el Canal Once, donde la escritora, periodista y en esta caso conductora, cont\u00f3 con las aportaciones informativas de C\u00e9sar Guti\u00e9rrez Priego, experto en asuntos de seguridad y del escritor y periodista, ex de <em>Proceso<\/em>, Jos\u00e9 Reveles.<\/p>\n<p>Lo lamentable de las BATER\u00cdAS ENEMIGAS lanzadas contra personal de la Suprema Corte de Justicia de la Naci\u00f3n, las lanza en su cargo temporal de secretaria de Gobernaci\u00f3n, quien seguir\u00e1 siendo periodista por siempre, Rosa Icela Rodr\u00edguez. Claramente se ve que lo hace por instrucciones superiores de la comandanta suprema de nuestras gloriosas fuerzas armadas.<\/p>\n<p>Para cerrar el tema, se justifican los altos salarios de los jefes militares -y seguramente marinos tambi\u00e9n-, por los HABERES que van acumulando los uniformados, por estudios, ascensos y dem\u00e1s servicios, dentro y fuera de sus instituciones, justificados por los riesgos que corren.<\/p>\n<p><strong>CHIAPAS-.<\/strong> \u201cDio la vida por sus hermanos como Jesucristo, por eso ponemos la vida del padre Marcelo P\u00e9rez con Cristo, para que sea una ofrenda agradable a nuestro padre Dios, para que traiga a Chiapas la paz, la justicia que tanto necesitamos\u201d, dijo en una parte de su homil\u00eda en la misa de cuerpo presente de este lunes, el hoy cardenal Felpe Arizmendi.<\/p>\n<p>Fue justamente el mexiquense Felipe Arizmendi quien, siendo obispo de la Di\u00f3cesis de Chiapas, orden\u00f3 sacerdote al seminarista-di\u00e1cono ind\u00edgena Marcelo P\u00e9rez. La ordenaci\u00f3n sacerdotal de Marcelo P\u00e9rez P\u00e9rez fue en 2022, hace apenas veinte a\u00f1os.<\/p>\n<p>En algo que podr\u00eda ser una NOTA DE COLOR, la misa de cuerpo presente fue muy concurrida en la plaza principal de San Andr\u00e9s Larr\u00e1inzar, donde se improvis\u00f3 un altar para la celebraci\u00f3n del oficio religioso que \u201cnos uni\u00f3 y ha hecho unirnos m\u00e1s hoy\u201d, dijo el actual obispo de San Crist\u00f3bal de las Casas, monse\u00f1or Rodrigo Aguilar Mart\u00ednez con\u00a0 su \u00faltimo llamado<\/p>\n<p>\u201cRectifiquen, tienen a\u00fan tiempo ustedes actores de la maldad, que est\u00e1n escuchando, transformen su coraz\u00f3n.<\/p>\n<p>Ojal\u00e1 y no haya o\u00eddos sordos ante el llamado del obispo chiapaneco, que vale para otros lugares con violencia.<\/p>\n<p><em><a href=\"mailto:elefa44@gmail.com\" target=\"_blank\" rel=\"noopener noreferrer\">elefa44@gmail.com<\/a><\/em><\/p>\n","protected":false},"excerpt":{"rendered":"<p><span style=\"color: #005497;\"><strong>Eleazar Flores<\/strong><\/span><\/p>\n","protected":false},"author":3,"featured_media":0,"comment_status":"open","ping_status":"open","sticky":false,"template":"","format":"standard","meta":{"_monsterinsights_skip_tracking":false,"_monsterinsights_sitenote_active":false,"_monsterinsights_sitenote_note":"","_monsterinsights_sitenote_category":0,"footnotes":""},"categories":[81743],"tags":[81744,81776,43674],"class_list":["post-638133","post","type-post","status-publish","format-standard","hentry","category-eleazar-flores","tag-eleazar-flores","tag-espacio-electoral","tag-opinion"],"_links":{"self":[{"href":"https:\/\/www.diarioimagen.net\/index.php?rest_route=\/wp\/v2\/posts\/638133","targetHints":{"allow":["GET"]}}],"collection":[{"href":"https:\/\/www.diarioimagen.net\/index.php?rest_route=\/wp\/v2\/posts"}],"about":[{"href":"https:\/\/www.diarioimagen.net\/index.php?rest_route=\/wp\/v2\/types\/post"}],"author":[{"embeddable":true,"href":"https:\/\/www.diarioimagen.net\/index.php?rest_route=\/wp\/v2\/users\/3"}],"replies":[{"embeddable":true,"href":"https:\/\/www.diarioimagen.net\/index.php?rest_route=%2Fwp%2Fv2%2Fcomments&post=638133"}],"version-history":[{"count":0,"href":"https:\/\/www.diarioimagen.net\/index.php?rest_route=\/wp\/v2\/posts\/638133\/revisions"}],"wp:attachment":[{"href":"https:\/\/www.diarioimagen.net\/index.php?rest_route=%2Fwp%2Fv2%2Fmedia&parent=638133"}],"wp:term":[{"taxonomy":"category","embeddable":true,"href":"https:\/\/www.diarioimagen.net\/index.php?rest_route=%2Fwp%2Fv2%2Fcategories&post=638133"},{"taxonomy":"post_tag","embeddable":true,"href":"https:\/\/www.diarioimagen.net\/index.php?rest_route=%2Fwp%2Fv2%2Ftags&post=638133"}],"curies":[{"name":"wp","href":"https:\/\/api.w.org\/{rel}","templated":true}]}}