{"id":638236,"date":"2024-10-24T00:01:18","date_gmt":"2024-10-24T06:01:18","guid":{"rendered":"https:\/\/www.diarioimagen.net\/?p=638236"},"modified":"2024-10-24T23:36:00","modified_gmt":"2024-10-25T05:36:00","slug":"sheinbaum-anuncia-330-mil-lugares-para-educacion-superior","status":"publish","type":"post","link":"https:\/\/www.diarioimagen.net\/?p=638236","title":{"rendered":"Sheinbaum anuncia 330 mil lugares para\u00a0educaci\u00f3n superior"},"content":{"rendered":"<p>&nbsp;<\/p>\n<h2 style=\"text-align: center;\">\u201cVamos a ir llenando de universidades al pa\u00eds\u201d<\/h2>\n<p><em>\u00a0<\/em><\/p>\n<ul>\n<li><em><strong>Presenta la SEP los lineamientos para ampliar la oferta educativa<\/strong> <\/em><\/li>\n<\/ul>\n<p>&nbsp;<\/p>\n<div id=\"attachment_638331\" style=\"width: 470px\" class=\"wp-caption aligncenter\"><a href=\"https:\/\/www.diarioimagen.net\/?attachment_id=638331\" rel=\"attachment wp-att-638331\"><img loading=\"lazy\" decoding=\"async\" aria-describedby=\"caption-attachment-638331\" class=\"size-full wp-image-638331\" src=\"https:\/\/www.diarioimagen.net\/wp-content\/uploads\/2024\/10\/sheinbaum-anuncia.jpg\" alt=\"\" width=\"460\" height=\"270\" srcset=\"https:\/\/www.diarioimagen.net\/wp-content\/uploads\/2024\/10\/sheinbaum-anuncia.jpg 460w, https:\/\/www.diarioimagen.net\/wp-content\/uploads\/2024\/10\/sheinbaum-anuncia-240x141.jpg 240w\" sizes=\"auto, (max-width: 460px) 100vw, 460px\" \/><\/a><p id=\"caption-attachment-638331\" class=\"wp-caption-text\">Porque la educaci\u00f3n es un derecho y no una mercanc\u00eda, la Presidenta Constitucional de los Estados Unidos Mexicanos, Claudia Sheinbaum Pardo, anunci\u00f3 la creaci\u00f3n de 330 mil nuevos lugares para estudiantes en educaci\u00f3n superior.<\/p><\/div>\n<p>&nbsp;<\/p>\n<p>La presidenta Claudia Sheinbaum Pardo anunci\u00f3 que en su gobierno se aumentar\u00e1n en 330 mil nuevos lugares en universidades p\u00fablicas, por lo que el compromiso de su gobierno es ir llenando de universidades p\u00fablicas a todo el pa\u00eds.<\/p>\n<p>\u201cSon 330 mil lugares nuevos para universitarios en todo el pa\u00eds, y se van a distribuir de esta manera: en la Universidad Nacional \u2018Rosario Castellanos\u2019 -as\u00ed le vamos a nombrar-, son 150 mil espacios nuevos a lo largo del sexenio; en la Universidad de la Salud, 25 mil lugares nuevos; en las Universidades para el Bienestar \u00b4Benito Ju\u00e1rez\u00b4, al menos 40 mil, aunque tiene posibilidad de m\u00e1s; el Tecnol\u00f3gico Nacional de M\u00e9xico, 85 mil y en el Polit\u00e9cnico Nacional, 30 mil, se\u00f1al\u00f3.<\/p>\n<p>La jefa del Ejecutivo federal reproch\u00f3 que durante el llamado periodo neoliberal se cerraron los espacios para universidades p\u00fablicas, pues este modelo neoliberal, acus\u00f3, no consideraba a la educaci\u00f3n como un derecho sino como un privilegio y una mercanc\u00eda.<\/p>\n<p>\u201cEs decir, que seg\u00fan esto solamente aquellos que pasaran un examen de admisi\u00f3n ten\u00edan la posibilidad de estudiar en la universidad o en un instituto polit\u00e9cnico. En realidad los ex\u00e1menes de admisi\u00f3n no eran m\u00e1s que un embudo y no es que los estudiantes no estuvieran preparados porque les da un certificado de que est\u00e1n preparados.<\/p>\n<p>\u201cVamos a ir llenando de universidades nuestro pa\u00eds. Educaci\u00f3n, educaci\u00f3n p\u00fablica. La educaci\u00f3n es un derecho no un privilegio ni una mercanc\u00eda Este es el compromiso\u201d, dijo.<\/p>\n<p>La Presidenta agreg\u00f3 que dialogar\u00e1n con centros educativos aut\u00f3nomos, como la Universidad Nacional Aut\u00f3noma de M\u00e9xico (UNAM), para \u201cavanzar en la gratuidad\u201d y en la creaci\u00f3n de vacantes.<\/p>\n<p>\u201cLas universidades aut\u00f3nomas de los estados, incluida la UNAM, se entrar\u00e1 en contacto con ellas para ver qu\u00e9 capacidad tienen de crecer, poniendo los recursos dedicados a la docencia. Que la mayor\u00eda de los recursos, el 99 por ciento vaya al desarrollo de nuevos espacios\u201d, dijo.<\/p>\n<p style=\"text-align: center;\"><strong>Los lineamientos<\/strong><\/p>\n<p>Mario Delgado Carrillo, titular de la Secretar\u00eda de Educaci\u00f3n P\u00fablica, detall\u00f3 que la Universidad Rosario Castellanos buscar\u00e1 aumentar en 150,000 lugares. Adem\u00e1s de que se planea la apertura de 30 nuevas sedes, con una capacidad para recibir entre 3,000 y 7,000 estudiantes cada una.<\/p>\n<p>\u201c(Los alumnos nuevos) sumados a los que actualmente tiene ya esta universidad aqu\u00ed en la ciudad de M\u00e9xico, pues va a llegar a un total de 206,000\u201d, precis\u00f3 Delgado Carrillo.<\/p>\n<p>Adem\u00e1s, el titular de la Secretar\u00eda de Educaci\u00f3n P\u00fablica indic\u00f3 que se buscar\u00e1 que dicha instituci\u00f3n sea una universidad nacional, al igual que la Universidad de la Salud, la cual tiene el objetivo de crecer en 25,000 nuevos lugares, los cuales se albergar\u00e1 en 10 nuevos planteles.<\/p>\n<p>Por otro lado, se precis\u00f3 que las universidades del Bienestar Benito Ju\u00e1rez continuar\u00e1n expandi\u00e9ndose con 50 nuevas sedes que permitir\u00e1n la creaci\u00f3n de 40,000 nuevos lugares para estudiantes de zonas marginadas donde, seg\u00fan el funcionario, no existen opciones educativas de nivel superior. Esto elevar\u00e1 la matr\u00edcula total de este sistema a 110,000 estudiantes.<\/p>\n<p>Mientras que el Tecnol\u00f3gico Nacional de M\u00e9xico se comprometi\u00f3, a trav\u00e9s de su director Ram\u00f3n Jim\u00e9nez, a aumentar la matr\u00edcula en 85,000 nuevos lugares, alcanzando un total de 660,000 estudiantes.<\/p>\n<p>Por su parte, el Instituto Polit\u00e9cnico Nacional pasar\u00e1 a tener 30,000 nuevos lugares para estudiantes.<\/p>\n<p style=\"text-align: center;\"><strong>Universidades y polos del bienestar<\/strong><\/p>\n<p>Rosaura Ruiz Guti\u00e9rrez, secretaria de Ciencia, Humanidades, Tecnolog\u00eda e Innovaci\u00f3n indic\u00f3 que las nuevas instituciones de la Universidad Rosario Castellanos se realizar\u00e1n de acuerdo a los polos del bienestar; aunque adelant\u00f3 que se iniciar\u00e1 por Comit\u00e1n, Chiapas, donde se pondr\u00e1 la primera unidad fuera de CDMX donde existen seis. Adem\u00e1s, indic\u00f3 que se planea que un segundo plantel ser\u00e1 en Tijuana.<\/p>\n<p>En cuanto a la Universidad de la Salud, explic\u00f3 que el objetivo \u201ces formar profesionales de enfermer\u00eda familiar, de medicina general y comunitaria, en l\u00edmites complejos y cambiantes que proporcionen servicios integrales en el primer nivel de atenci\u00f3n m\u00e9dica con base en evidencias cient\u00edficas\u201d.<\/p>\n<p>Las convocatorias para profesores y alumnos comenzar\u00e1n a partir de noviembre.<\/p>\n<p style=\"text-align: center;\"><strong>Fomento a la inversi\u00f3n de IP complementada con la p\u00fablica<\/strong><\/p>\n<p>Al comentar sobre la reuni\u00f3n que sostuvo con el empresario Carlos Slim, la presidenta Claudia Sheinbaum dijo que tuvieron una conversaci\u00f3n sobre las inversiones privadas en M\u00e9xico para el pr\u00f3ximo a\u00f1o, \u201cno hablamos en particular de sus empresas\u201d.<\/p>\n<p>Indic\u00f3 que le plante\u00f3 el programa de impulso a la orientaci\u00f3n que se pretende dar a la relocalizaci\u00f3n de empresas, a efecto de que sea una forma de impulsar el bienestar en la poblaci\u00f3n. \u201cFue una pl\u00e1tica de cortes\u00eda y particularmente que nos ayude a impulsar este proyecto de fomentar la inversi\u00f3n privada complementada con la inversi\u00f3n p\u00fablica\u201d que realizar\u00e1 su gobierno.<\/p>\n","protected":false},"excerpt":{"rendered":"<p>La presidenta Claudia Sheinbaum Pardo anunci\u00f3 que en su gobierno se aumentar\u00e1n en 330 mil nuevos lugares en universidades p\u00fablicas, por lo que el compromiso de su gobierno es ir llenando de universidades p\u00fablicas a todo el pa\u00eds.<\/p>\n","protected":false},"author":3,"featured_media":638331,"comment_status":"open","ping_status":"open","sticky":false,"template":"","format":"standard","meta":{"_monsterinsights_skip_tracking":false,"_monsterinsights_sitenote_active":false,"_monsterinsights_sitenote_note":"","_monsterinsights_sitenote_category":0,"footnotes":""},"categories":[17,3],"tags":[72207,7858,62960,459],"class_list":["post-638236","post","type-post","status-publish","format-standard","has-post-thumbnail","hentry","category-especiales","category-nacional","tag-claudia-sheinbaum-pardo","tag-educacion-superior","tag-lugares","tag-sep"],"_links":{"self":[{"href":"https:\/\/www.diarioimagen.net\/index.php?rest_route=\/wp\/v2\/posts\/638236","targetHints":{"allow":["GET"]}}],"collection":[{"href":"https:\/\/www.diarioimagen.net\/index.php?rest_route=\/wp\/v2\/posts"}],"about":[{"href":"https:\/\/www.diarioimagen.net\/index.php?rest_route=\/wp\/v2\/types\/post"}],"author":[{"embeddable":true,"href":"https:\/\/www.diarioimagen.net\/index.php?rest_route=\/wp\/v2\/users\/3"}],"replies":[{"embeddable":true,"href":"https:\/\/www.diarioimagen.net\/index.php?rest_route=%2Fwp%2Fv2%2Fcomments&post=638236"}],"version-history":[{"count":0,"href":"https:\/\/www.diarioimagen.net\/index.php?rest_route=\/wp\/v2\/posts\/638236\/revisions"}],"wp:featuredmedia":[{"embeddable":true,"href":"https:\/\/www.diarioimagen.net\/index.php?rest_route=\/wp\/v2\/media\/638331"}],"wp:attachment":[{"href":"https:\/\/www.diarioimagen.net\/index.php?rest_route=%2Fwp%2Fv2%2Fmedia&parent=638236"}],"wp:term":[{"taxonomy":"category","embeddable":true,"href":"https:\/\/www.diarioimagen.net\/index.php?rest_route=%2Fwp%2Fv2%2Fcategories&post=638236"},{"taxonomy":"post_tag","embeddable":true,"href":"https:\/\/www.diarioimagen.net\/index.php?rest_route=%2Fwp%2Fv2%2Ftags&post=638236"}],"curies":[{"name":"wp","href":"https:\/\/api.w.org\/{rel}","templated":true}]}}