{"id":638247,"date":"2024-10-24T00:08:03","date_gmt":"2024-10-24T06:08:03","guid":{"rendered":"https:\/\/www.diarioimagen.net\/?p=638247"},"modified":"2024-10-25T01:59:51","modified_gmt":"2024-10-25T07:59:51","slug":"contribuira-uaemex-al-fortalecimiento-de-la-libertad-de-expresion","status":"publish","type":"post","link":"https:\/\/www.diarioimagen.net\/?p=638247","title":{"rendered":"Contribuir\u00e1 UAEM\u00e9x al fortalecimiento de la libertad de expresi\u00f3n"},"content":{"rendered":"<p>&nbsp;<\/p>\n<ul>\n<li><strong><em>De periodistas y personas defensoras de los derechos humanos<\/em><\/strong><\/li>\n<\/ul>\n<p>&nbsp;<\/p>\n<div id=\"attachment_638335\" style=\"width: 470px\" class=\"wp-caption aligncenter\"><a href=\"https:\/\/www.diarioimagen.net\/?attachment_id=638335\" rel=\"attachment wp-att-638335\"><img loading=\"lazy\" decoding=\"async\" aria-describedby=\"caption-attachment-638335\" class=\"size-full wp-image-638335\" src=\"https:\/\/www.diarioimagen.net\/wp-content\/uploads\/2024\/10\/uaem-contribuira.jpg\" alt=\"\" width=\"460\" height=\"270\" srcset=\"https:\/\/www.diarioimagen.net\/wp-content\/uploads\/2024\/10\/uaem-contribuira.jpg 460w, https:\/\/www.diarioimagen.net\/wp-content\/uploads\/2024\/10\/uaem-contribuira-240x141.jpg 240w\" sizes=\"auto, (max-width: 460px) 100vw, 460px\" \/><\/a><p id=\"caption-attachment-638335\" class=\"wp-caption-text\">La UAEM\u00e9x y el Mecanismo para la Protecci\u00f3n Integral de Periodistas y Personas Defensoras de los Derechos Humanos del Estado de M\u00e9xico firmaron un Convenio de Coordinaci\u00f3n Interinstitucional en la Sala \u201cBenito Ju\u00e1rez Garc\u00eda\u201d del Edificio de Rector\u00eda.<\/p><\/div>\n<p>&nbsp;<\/p>\n<p><strong>Toluca, Estado de M\u00e9xico.<\/strong>\u2014 Con el prop\u00f3sito de consolidar la libre expresi\u00f3n y contar con sociedades justas y democr\u00e1ticas, la Universidad Aut\u00f3noma del Estado de M\u00e9xico (UAEM\u00e9x) y el Mecanismo para la Protecci\u00f3n Integral de Periodistas y Personas Defensoras de los Derechos Humanos del Estado de M\u00e9xico firmaron un Convenio de Coordinaci\u00f3n Interinstitucional, en la Sala \u201cBenito Ju\u00e1rez Garc\u00eda\u201d del Edificio de Rector\u00eda.<\/p>\n<p>El rector de la UAEM\u00e9x, Carlos Eduardo Barrera D\u00edaz, acompa\u00f1ado del consejero jur\u00eddico del Gobierno del Estado de M\u00e9xico, Jes\u00fas George Zamora, asever\u00f3 que una actividad prioritaria del Estado es la creaci\u00f3n de espacios seguros para todas y todos, por ello, se cre\u00f3 este Mecanismo, que se coordina con las dependencias y los organismos auxiliares de la administraci\u00f3n p\u00fablica estatal, poderes legislativo y judicial, as\u00ed como municipios y organismos aut\u00f3nomos para garantizar el cumplimiento de los derechos humanos.<\/p>\n<p>Frente al coordinador ejecutivo y secretario ejecutivo de la Junta de Gobierno, Luis Miguel Carriedo T\u00e9llez y la presidenta del Consejo Consultivo, Sara Razo Montoya; resalt\u00f3 que la signa de este documento es un motivo de gran alegr\u00eda para la Aut\u00f3noma mexiquense, pues permitir\u00e1 colaborar en materia de actualizaci\u00f3n y especializaci\u00f3n acad\u00e9mica y profesional, investigaci\u00f3n, publicaciones conjuntas de difusi\u00f3n y promoci\u00f3n de los derechos humanos, as\u00ed como servicio social y pr\u00e1cticas profesionales para su comunidad universitaria.<\/p>\n<p>Barrera D\u00edaz detall\u00f3 que, adem\u00e1s, aliarse con la academia permitir\u00e1 mejorar la calidad de la informaci\u00f3n y productos de los medios de comunicaci\u00f3n, pues fortalecer\u00e1 el derecho a la informaci\u00f3n, con la misi\u00f3n conjunta de lograr una sociedad verdaderamente abierta, democr\u00e1tica, libre, justa y soberana.<\/p>\n<p>En tanto, George Zamora explic\u00f3 que la libertad de expresi\u00f3n es un asunto de inter\u00e9s p\u00fablico, pues representa un paso para lograr comunidades democr\u00e1ticas, por lo que la administraci\u00f3n de la gobernadora Delfina G\u00f3mez \u00c1lvarez refrenda su vocaci\u00f3n de trabajar en el fortalecimiento de una sociedad que garantice espacios libres y seguros para todas las personas periodistas y defensoras de los derechos humanos.<\/p>\n<p>El funcionario estatal destac\u00f3 que trabajar coordinadamente con la UAEM\u00e9x permitir\u00e1 consolidar un estado de derecho en el que todas las personas puedan desempe\u00f1arse dentro de un entorno de paz y seguridad, impulsando la promoci\u00f3n del estudio, an\u00e1lisis, investigaci\u00f3n y desarrollo de estrategias y acciones que incorporen las mejores pr\u00e1cticas de prevenci\u00f3n y protecci\u00f3n de estos sectores.<\/p>\n<p>Durante su intervenci\u00f3n, la directora General de Comunicaci\u00f3n Universitaria, Ginarely Valencia Alc\u00e1ntara, asever\u00f3 que la libre expresi\u00f3n permite consolidar sociedades m\u00e1s equitativas, cr\u00edticas, participativas y mejor informadas, por lo que este convenio establecer\u00e1 acciones conjuntas para el fortalecimiento de una cultura de la defensa y protecci\u00f3n de periodistas y personas defensoras de los derechos humanos, logrando un impacto positivo no solo entre ambas instituciones, sino para toda la sociedad.<\/p>\n<p>Al acto asistieron, por parte de la UAEM\u00e9x, la abogada General, Luz Mar\u00eda Jaimes Legorreta; el secretario de Extensi\u00f3n y Vinculaci\u00f3n, Francisco Zepeda Mondrag\u00f3n; integrantes del Gabinete Universitario y del Colegio de Directores, as\u00ed como la comunidad universitaria.<\/p>\n","protected":false},"excerpt":{"rendered":"<p>Con el prop\u00f3sito de consolidar la libre expresi\u00f3n y contar con sociedades justas y democr\u00e1ticas, la Universidad Aut\u00f3noma del Estado de M\u00e9xico (UAEM\u00e9x) y el Mecanismo para la Protecci\u00f3n Integral de Periodistas y Personas Defensoras de los Derechos Humanos del Estado de M\u00e9xico firmaron un Convenio de Coordinaci\u00f3n Interinstitucional, en la Sala \u201cBenito Ju\u00e1rez Garc\u00eda\u201d del Edificio de Rector\u00eda.<\/p>\n","protected":false},"author":3,"featured_media":638335,"comment_status":"open","ping_status":"open","sticky":false,"template":"","format":"standard","meta":{"_monsterinsights_skip_tracking":false,"_monsterinsights_sitenote_active":false,"_monsterinsights_sitenote_note":"","_monsterinsights_sitenote_category":0,"footnotes":""},"categories":[5],"tags":[2205,67878],"class_list":["post-638247","post","type-post","status-publish","format-standard","has-post-thumbnail","hentry","category-estado-de-mexico","tag-libertad-de-expresion","tag-uaemex"],"_links":{"self":[{"href":"https:\/\/www.diarioimagen.net\/index.php?rest_route=\/wp\/v2\/posts\/638247","targetHints":{"allow":["GET"]}}],"collection":[{"href":"https:\/\/www.diarioimagen.net\/index.php?rest_route=\/wp\/v2\/posts"}],"about":[{"href":"https:\/\/www.diarioimagen.net\/index.php?rest_route=\/wp\/v2\/types\/post"}],"author":[{"embeddable":true,"href":"https:\/\/www.diarioimagen.net\/index.php?rest_route=\/wp\/v2\/users\/3"}],"replies":[{"embeddable":true,"href":"https:\/\/www.diarioimagen.net\/index.php?rest_route=%2Fwp%2Fv2%2Fcomments&post=638247"}],"version-history":[{"count":0,"href":"https:\/\/www.diarioimagen.net\/index.php?rest_route=\/wp\/v2\/posts\/638247\/revisions"}],"wp:featuredmedia":[{"embeddable":true,"href":"https:\/\/www.diarioimagen.net\/index.php?rest_route=\/wp\/v2\/media\/638335"}],"wp:attachment":[{"href":"https:\/\/www.diarioimagen.net\/index.php?rest_route=%2Fwp%2Fv2%2Fmedia&parent=638247"}],"wp:term":[{"taxonomy":"category","embeddable":true,"href":"https:\/\/www.diarioimagen.net\/index.php?rest_route=%2Fwp%2Fv2%2Fcategories&post=638247"},{"taxonomy":"post_tag","embeddable":true,"href":"https:\/\/www.diarioimagen.net\/index.php?rest_route=%2Fwp%2Fv2%2Ftags&post=638247"}],"curies":[{"name":"wp","href":"https:\/\/api.w.org\/{rel}","templated":true}]}}