{"id":638249,"date":"2024-10-24T00:06:39","date_gmt":"2024-10-24T06:06:39","guid":{"rendered":"https:\/\/www.diarioimagen.net\/?p=638249"},"modified":"2024-10-24T23:47:22","modified_gmt":"2024-10-25T05:47:22","slug":"alistan-la-reubicacion-de-75-familias-afectadas-por-las-lluvias-en-tejupilco","status":"publish","type":"post","link":"https:\/\/www.diarioimagen.net\/?p=638249","title":{"rendered":"Alistan la reubicaci\u00f3n de 75 familias\u00a0afectadas por\u00a0las\u00a0lluvias\u00a0en\u00a0Tejupilco"},"content":{"rendered":"<p>&nbsp;<\/p>\n<h2 style=\"text-align: center;\">Recorrido de Delfina G\u00f3mez en<br \/>\nEl Nuevo Mamey San Lucas<\/h2>\n<p>&nbsp;<\/p>\n<ul>\n<li><strong><em>La gobernadora, autoridades municipales y habitantes recorren el predio donde se ubicar\u00e1n las nuevas viviendas<\/em><\/strong><\/li>\n<\/ul>\n<p>&nbsp;<\/p>\n<div id=\"attachment_638359\" style=\"width: 470px\" class=\"wp-caption aligncenter\"><a href=\"https:\/\/www.diarioimagen.net\/?attachment_id=638359\" rel=\"attachment wp-att-638359\"><img loading=\"lazy\" decoding=\"async\" aria-describedby=\"caption-attachment-638359\" class=\"size-full wp-image-638359\" src=\"https:\/\/www.diarioimagen.net\/wp-content\/uploads\/2024\/10\/alistan-la-reubicacion.jpg\" alt=\"\" width=\"460\" height=\"270\" srcset=\"https:\/\/www.diarioimagen.net\/wp-content\/uploads\/2024\/10\/alistan-la-reubicacion.jpg 460w, https:\/\/www.diarioimagen.net\/wp-content\/uploads\/2024\/10\/alistan-la-reubicacion-240x141.jpg 240w\" sizes=\"auto, (max-width: 460px) 100vw, 460px\" \/><\/a><p id=\"caption-attachment-638359\" class=\"wp-caption-text\">Delfina G\u00f3mez \u00c1lvarez supervis\u00f3 la comunidad El Nuevo Mamey San Lucas, donde ser\u00e1n reubicadas 75 familias cuyas viviendas fueron afectadas por las lluvias en Tejupilco.<\/p><\/div>\n<p>&nbsp;<\/p>\n<p><strong>Tejupilco, Estado de M\u00e9xico.\u2014<\/strong> La Gobernadora del Estado de M\u00e9xico, Delfina G\u00f3mez \u00c1lvarez supervis\u00f3 la comunidad El Nuevo Mamey San Lucas, donde ser\u00e1n reubicadas 75 familias cuyas viviendas fueron afectadas por las lluvias en Tejupilco.<\/p>\n<p>\u201cEsta tarde visit\u00e9 la Comunidad El Nuevo Mamey San Lucas en #Tejupilco, donde reubicaremos a las familias afectadas por las lluvias, ah\u00ed encontrar\u00e1n seguridad, tranquilidad y bienestar. Expreso mi reconocimiento y agradecimiento a las familias, al Gobierno de M\u00e9xico y municipal, a las dependencias de seguridad, protecci\u00f3n civil y al Ej\u00e9rcito Mexicano por su disposici\u00f3n y colaboraci\u00f3n.<\/p>\n<p>\u201cComo dijo el alcalde, cuando se trabaja en equipo, los problemas se resuelven con mayor facilidad. Gracias por la suma de voluntades y por contribuir a la transformaci\u00f3n social para quienes m\u00e1s lo necesitan. \u00a1Que la solidaridad siga siendo el distintivo de la Comunidad El Nuevo Mamey! #ElPoderDeServir,\u201d inform\u00f3 la Gobernadora Delfina G\u00f3mez \u00c1lvarez en sus redes sociales.<\/p>\n<p>Desde hace m\u00e1s de un mes los habitantes de esta localidad salieron de sus casas debido al surgimiento de grietas, provocadas por derrumbes y hundimientos de tierra; por ello se lleg\u00f3 a un acuerdo con los Bienes Comunales de San Lucas del Ma\u00edz, quienes donaron un terreno para la reubicaci\u00f3n de las 75 viviendas afectadas, adem\u00e1s de tres escuelas y una iglesia.<\/p>\n<p>Al recorrer la zona, la Gobernadora Delfina G\u00f3mez \u00c1lvarez se\u00f1al\u00f3 que la seguridad de los habitantes es prioridad y destac\u00f3 que con la reubicaci\u00f3n se pretende apoyarlos para tener una vivienda digna. \u201cTenemos que regresar a ver c\u00f3mo va la supervisi\u00f3n de las obras, yo creo que esto apenas es parte de lo que es el inicio porque hay que regresar y hago votos para que sea r\u00e1pido para que ustedes puedan tener una vida digna\u201d, se\u00f1al\u00f3 la Gobernadora Delfina G\u00f3mez \u00c1lvarez.<\/p>\n<p>Adem\u00e1s, inform\u00f3 que se trabajar\u00e1 para mejorar la movilidad en la zona sur del Estado con la rehabilitaci\u00f3n de vialidades, como la carretera que va de Temascaltepec a Tejupilco. Asimismo, agradeci\u00f3 a las Secretar\u00edas de la Defensa Nacional, de la Marina, Guardia Nacional y a las autoridades estatales y municipales que trabajaron de forma coordinada para apoyar a las familias afectadas.<\/p>\n<p>En este recorrido, la Gobernadora estuvo acompa\u00f1ada por Crist\u00f3bal Casta\u00f1eda Camarillo, Secretario de Seguridad; Adri\u00e1n Hern\u00e1ndez Romero, Coordinador General de Protecci\u00f3n Civil y Gesti\u00f3n Integral del Riesgo; Rigoberto L\u00f3pez Rivera, Presidente Municipal de Tejupilco, as\u00ed como vecinos de la comunidad.<\/p>\n","protected":false},"excerpt":{"rendered":"<p>La Gobernadora del Estado de M\u00e9xico, Delfina G\u00f3mez \u00c1lvarez supervis\u00f3 la comunidad El Nuevo Mamey San Lucas, donde ser\u00e1n reubicadas 75 familias cuyas viviendas fueron afectadas por las lluvias en Tejupilco.<\/p>\n","protected":false},"author":3,"featured_media":638359,"comment_status":"open","ping_status":"open","sticky":false,"template":"","format":"standard","meta":{"_monsterinsights_skip_tracking":false,"_monsterinsights_sitenote_active":false,"_monsterinsights_sitenote_note":"","_monsterinsights_sitenote_category":0,"footnotes":""},"categories":[5,99730],"tags":[16411,1849,66781,6987],"class_list":["post-638249","post","type-post","status-publish","format-standard","has-post-thumbnail","hentry","category-estado-de-mexico","category-edomex","tag-familias","tag-lluvias","tag-reubican","tag-tejupilco"],"_links":{"self":[{"href":"https:\/\/www.diarioimagen.net\/index.php?rest_route=\/wp\/v2\/posts\/638249","targetHints":{"allow":["GET"]}}],"collection":[{"href":"https:\/\/www.diarioimagen.net\/index.php?rest_route=\/wp\/v2\/posts"}],"about":[{"href":"https:\/\/www.diarioimagen.net\/index.php?rest_route=\/wp\/v2\/types\/post"}],"author":[{"embeddable":true,"href":"https:\/\/www.diarioimagen.net\/index.php?rest_route=\/wp\/v2\/users\/3"}],"replies":[{"embeddable":true,"href":"https:\/\/www.diarioimagen.net\/index.php?rest_route=%2Fwp%2Fv2%2Fcomments&post=638249"}],"version-history":[{"count":0,"href":"https:\/\/www.diarioimagen.net\/index.php?rest_route=\/wp\/v2\/posts\/638249\/revisions"}],"wp:featuredmedia":[{"embeddable":true,"href":"https:\/\/www.diarioimagen.net\/index.php?rest_route=\/wp\/v2\/media\/638359"}],"wp:attachment":[{"href":"https:\/\/www.diarioimagen.net\/index.php?rest_route=%2Fwp%2Fv2%2Fmedia&parent=638249"}],"wp:term":[{"taxonomy":"category","embeddable":true,"href":"https:\/\/www.diarioimagen.net\/index.php?rest_route=%2Fwp%2Fv2%2Fcategories&post=638249"},{"taxonomy":"post_tag","embeddable":true,"href":"https:\/\/www.diarioimagen.net\/index.php?rest_route=%2Fwp%2Fv2%2Ftags&post=638249"}],"curies":[{"name":"wp","href":"https:\/\/api.w.org\/{rel}","templated":true}]}}