{"id":638252,"date":"2024-10-24T00:05:24","date_gmt":"2024-10-24T06:05:24","guid":{"rendered":"https:\/\/www.diarioimagen.net\/?p=638252"},"modified":"2024-10-24T23:47:13","modified_gmt":"2024-10-25T05:47:13","slug":"entrega-codhem-el-premio-estatal-contra-la-discriminacion-2024","status":"publish","type":"post","link":"https:\/\/www.diarioimagen.net\/?p=638252","title":{"rendered":"Entrega Codhem el Premio Estatal Contra la Discriminaci\u00f3n 2024"},"content":{"rendered":"<p>&nbsp;<\/p>\n<div id=\"attachment_638355\" style=\"width: 470px\" class=\"wp-caption aligncenter\"><a href=\"https:\/\/www.diarioimagen.net\/?attachment_id=638355\" rel=\"attachment wp-att-638355\"><img loading=\"lazy\" decoding=\"async\" aria-describedby=\"caption-attachment-638355\" class=\"size-full wp-image-638355\" src=\"https:\/\/www.diarioimagen.net\/wp-content\/uploads\/2024\/10\/entrega-codhem.jpg\" alt=\"\" width=\"460\" height=\"270\" srcset=\"https:\/\/www.diarioimagen.net\/wp-content\/uploads\/2024\/10\/entrega-codhem.jpg 460w, https:\/\/www.diarioimagen.net\/wp-content\/uploads\/2024\/10\/entrega-codhem-240x141.jpg 240w\" sizes=\"auto, (max-width: 460px) 100vw, 460px\" \/><\/a><p id=\"caption-attachment-638355\" class=\"wp-caption-text\">Myrna Araceli Garc\u00eda Mor\u00f3n, presidenta de la Codhem, entreg\u00f3 el Premio Estatal Contra la Discriminaci\u00f3n 2024 a activistas, asociaciones, defensoras y defensores de derechos humanos.<\/p><\/div>\n<p>&nbsp;<\/p>\n<p><strong>Toluca, Estado de M\u00e9xico.\u2014<\/strong> La presidenta de la Comisi\u00f3n de Derechos Humanos del Estado de M\u00e9xico (Codhem), Myrna Araceli Garc\u00eda Mor\u00f3n, entreg\u00f3 el Premio Estatal Contra la Discriminaci\u00f3n 2024 a activistas, asociaciones, defensoras y defensores de derechos humanos, quienes \u201ca trav\u00e9s de sus acciones han desafiado la indiferencia, el prejuicio y las barreras invisibles que separan y que marginan todav\u00eda a tantas y a tantas personas en nuestra sociedad\u201d.<\/p>\n<p>Las, les y los galardonados son:<\/p>\n<p><strong>\u00ac<\/strong> Alfredo Mart\u00ednez Ben\u00edtez, por garantizar la igualdad de oportunidades para personas adultas mayores;<\/p>\n<p><strong>\u00ac<\/strong> M\u00f3nica Mondrag\u00f3n Segundo, por garantizar la igualdad de oportunidades para la poblaci\u00f3n ind\u00edgena y afrodescendiente;<\/p>\n<p><strong>\u00ac<\/strong> Ayuntamiento de Valle de Bravo a trav\u00e9s de la alcaldesa Michelle N\u00fa\u00f1ez Ponce, por fomentar la igualdad y la no discriminaci\u00f3n en el \u00e1mbito laboral;<\/p>\n<p><strong>\u00ac<\/strong> Ver\u00f3nica G\u00f3mez Cer\u00f3n, por fomentar la igualdad de oportunidades para ni\u00f1as ni\u00f1os y adolescentes;<\/p>\n<p><strong>\u00ac<\/strong> Dafne Denisse Dur\u00e1n Gardu\u00f1o, por garantizar la igualdad de oportunidades para personas con VIH o sida;<\/p>\n<p><strong>\u00ac<\/strong> Carlos Alberto Leal Reyes, por promover y defender los derechos humanos de la poblaci\u00f3n LGBTTTI+.<\/p>\n<p>Ante integrantes del Consejo Consultivo y del Consejo Ciudadano para la Prevenci\u00f3n y Eliminaci\u00f3n de la Discriminaci\u00f3n de la CODHEM, representantes de colectivos y asociaciones civiles, estudiantes del COBAEM Plantel 6 de Toluca y de la Universidad Atenea, Garc\u00eda Mor\u00f3n subray\u00f3 que el compromiso con la dignidad humana, su labor constante en defensa de los derechos de los m\u00e1s vulnerables y su valent\u00eda para alzar la voz ante las injusticias, son ejemplos poderosos de lo que significa ser materialmente Defensores de Derechos Humanos, en el sentido m\u00e1s noble de la palabra.<\/p>\n<p>Este premio, dijo, reconoce no solo su trabajo, sino que destaca algo mucho m\u00e1s profundo: el poder potencialmente transformador de la empat\u00eda en un mundo donde tantas veces nos sentimos desconectados unos de los otros.<\/p>\n","protected":false},"excerpt":{"rendered":"<p>La presidenta de la Comisi\u00f3n de Derechos Humanos del Estado de M\u00e9xico (Codhem), Myrna Araceli Garc\u00eda Mor\u00f3n, entreg\u00f3 el Premio Estatal Contra la Discriminaci\u00f3n 2024 a activistas, asociaciones, defensoras y defensores de derechos humanos, quienes \u201ca trav\u00e9s de sus acciones han desafiado la indiferencia, el prejuicio y las barreras invisibles que separan y que marginan todav\u00eda a tantas y a tantas personas en nuestra sociedad\u201d.<\/p>\n","protected":false},"author":3,"featured_media":638355,"comment_status":"open","ping_status":"open","sticky":false,"template":"","format":"standard","meta":{"_monsterinsights_skip_tracking":false,"_monsterinsights_sitenote_active":false,"_monsterinsights_sitenote_note":"","_monsterinsights_sitenote_category":0,"footnotes":""},"categories":[5,99730],"tags":[53774,43675,101087,452],"class_list":["post-638252","post","type-post","status-publish","format-standard","has-post-thumbnail","hentry","category-estado-de-mexico","category-edomex","tag-codhem","tag-estado-de-mexico","tag-premio-estatal-contra-la-discriminacion","tag-toluca"],"_links":{"self":[{"href":"https:\/\/www.diarioimagen.net\/index.php?rest_route=\/wp\/v2\/posts\/638252","targetHints":{"allow":["GET"]}}],"collection":[{"href":"https:\/\/www.diarioimagen.net\/index.php?rest_route=\/wp\/v2\/posts"}],"about":[{"href":"https:\/\/www.diarioimagen.net\/index.php?rest_route=\/wp\/v2\/types\/post"}],"author":[{"embeddable":true,"href":"https:\/\/www.diarioimagen.net\/index.php?rest_route=\/wp\/v2\/users\/3"}],"replies":[{"embeddable":true,"href":"https:\/\/www.diarioimagen.net\/index.php?rest_route=%2Fwp%2Fv2%2Fcomments&post=638252"}],"version-history":[{"count":0,"href":"https:\/\/www.diarioimagen.net\/index.php?rest_route=\/wp\/v2\/posts\/638252\/revisions"}],"wp:featuredmedia":[{"embeddable":true,"href":"https:\/\/www.diarioimagen.net\/index.php?rest_route=\/wp\/v2\/media\/638355"}],"wp:attachment":[{"href":"https:\/\/www.diarioimagen.net\/index.php?rest_route=%2Fwp%2Fv2%2Fmedia&parent=638252"}],"wp:term":[{"taxonomy":"category","embeddable":true,"href":"https:\/\/www.diarioimagen.net\/index.php?rest_route=%2Fwp%2Fv2%2Fcategories&post=638252"},{"taxonomy":"post_tag","embeddable":true,"href":"https:\/\/www.diarioimagen.net\/index.php?rest_route=%2Fwp%2Fv2%2Ftags&post=638252"}],"curies":[{"name":"wp","href":"https:\/\/api.w.org\/{rel}","templated":true}]}}