{"id":638254,"date":"2024-10-24T00:01:05","date_gmt":"2024-10-24T06:01:05","guid":{"rendered":"https:\/\/www.diarioimagen.net\/?p=638254"},"modified":"2024-10-24T02:00:58","modified_gmt":"2024-10-24T08:00:58","slug":"debe-haber-una-mayor-atencion-en-salud-mental-para-infantes-y-jovenes-anuar-azar-figueroa","status":"publish","type":"post","link":"https:\/\/www.diarioimagen.net\/?p=638254","title":{"rendered":"Debe haber una mayor atenci\u00f3n en salud\u00a0mental para infantes y j\u00f3venes: Anuar\u00a0Azar\u00a0Figueroa"},"content":{"rendered":"<p>&nbsp;<\/p>\n<ul>\n<li><em><strong>Consecuencia de la pandemia por Covid<\/strong><\/em><\/li>\n<\/ul>\n<p>&nbsp;<\/p>\n<div id=\"attachment_638366\" style=\"width: 470px\" class=\"wp-caption aligncenter\"><a href=\"https:\/\/www.diarioimagen.net\/?attachment_id=638366\" rel=\"attachment wp-att-638366\"><img loading=\"lazy\" decoding=\"async\" aria-describedby=\"caption-attachment-638366\" class=\"size-full wp-image-638366\" src=\"https:\/\/www.diarioimagen.net\/wp-content\/uploads\/2024\/10\/debe-haber-mayor-atencion.jpg\" alt=\"\" width=\"460\" height=\"270\" srcset=\"https:\/\/www.diarioimagen.net\/wp-content\/uploads\/2024\/10\/debe-haber-mayor-atencion.jpg 460w, https:\/\/www.diarioimagen.net\/wp-content\/uploads\/2024\/10\/debe-haber-mayor-atencion-240x141.jpg 240w\" sizes=\"auto, (max-width: 460px) 100vw, 460px\" \/><\/a><p id=\"caption-attachment-638366\" class=\"wp-caption-text\">El diputados Anuar Azar Figueroa pide que autoridades estatales y municipales adopten medidas especiales para brindar acompa\u00f1amiento psicol\u00f3gico a menores en situaci\u00f3n de orfandad.<\/p><\/div>\n<p>&nbsp;<\/p>\n<p><strong>Toluca, Estado de M\u00e9xico.\u2014<\/strong> Los diputados Anuar Azar Figueroa y Pablo Fern\u00e1ndez De Cevallos, en tribuna del Congreso mexiquense, pidieron que autoridades estatales y municipales adopten medidas especiales para que brinden acompa\u00f1amiento psicol\u00f3gico a menores en situaci\u00f3n de orfandad, as\u00ed como atenci\u00f3n de su salud f\u00edsica y mental, para evitar su deserci\u00f3n escolar y apoyar su aprendizaje.<\/p>\n<p>Anuar Azar expuso que debido a la pandemia por Covid-19, 13 mil menores mexiquenses quedaron hu\u00e9rfanos y que a junio de 2023 se calculan dos mil 129 menores hu\u00e9rfanos a causa de feminicidios y desaparici\u00f3n.<\/p>\n<p>\u201cCon esta iniciativa para reformar la Ley de los Derechos de Ni\u00f1as, Ni\u00f1os y Adolescentes estatal, se establece que las autoridades referidas dise\u00f1en e implementen programas y pol\u00edticas p\u00fablicas integrales para garantizar el bienestar de quienes se encuentren en esta situaci\u00f3n\u201d, dijo.<\/p>\n<p>El tambi\u00e9n dirigente estatal de Acci\u00f3n Nacional reconoci\u00f3 que el gobierno estatal cuenta con el programa \u201cValentina\u201d para la atenci\u00f3n de estos menores, el cual, de avalarse la iniciativa, podr\u00eda reforzarse y ser permanente, con un padr\u00f3n p\u00fablico y pueda ampliarse m\u00e1s all\u00e1 del apoyo econ\u00f3mico que hoy otorga. Expres\u00f3 que la falta de atenci\u00f3n integral a estos menores, provoca la deserci\u00f3n escolar y muchos de ellos terminan en manos de la delincuencia.<\/p>\n<p>A\u00f1adi\u00f3 que la propuesta atiende con pol\u00edticas profundas la inseguridad que aqueja a la entidad y pidi\u00f3 que ante la pr\u00f3xima discusi\u00f3n del paquete fiscal para el ejercicio 2025 las y los legisladores tengan la sensibilidad para tomar en cuenta este tema.<\/p>\n","protected":false},"excerpt":{"rendered":"<p>Los diputados Anuar Azar Figueroa y Pablo Fern\u00e1ndez De Cevallos, en tribuna del Congreso mexiquense, pidieron que autoridades estatales y municipales adopten medidas especiales para que brinden acompa\u00f1amiento psicol\u00f3gico a menores en situaci\u00f3n de orfandad, as\u00ed como atenci\u00f3n de su salud f\u00edsica y mental, para evitar su deserci\u00f3n escolar y apoyar su aprendizaje.<\/p>\n","protected":false},"author":3,"featured_media":638366,"comment_status":"open","ping_status":"open","sticky":false,"template":"","format":"standard","meta":{"_monsterinsights_skip_tracking":false,"_monsterinsights_sitenote_active":false,"_monsterinsights_sitenote_note":"","_monsterinsights_sitenote_category":0,"footnotes":""},"categories":[5],"tags":[93709,966,43692],"class_list":["post-638254","post","type-post","status-publish","format-standard","has-post-thumbnail","hentry","category-estado-de-mexico","tag-anuar-azar-figueroa","tag-congreso-mexiquense","tag-salud"],"_links":{"self":[{"href":"https:\/\/www.diarioimagen.net\/index.php?rest_route=\/wp\/v2\/posts\/638254","targetHints":{"allow":["GET"]}}],"collection":[{"href":"https:\/\/www.diarioimagen.net\/index.php?rest_route=\/wp\/v2\/posts"}],"about":[{"href":"https:\/\/www.diarioimagen.net\/index.php?rest_route=\/wp\/v2\/types\/post"}],"author":[{"embeddable":true,"href":"https:\/\/www.diarioimagen.net\/index.php?rest_route=\/wp\/v2\/users\/3"}],"replies":[{"embeddable":true,"href":"https:\/\/www.diarioimagen.net\/index.php?rest_route=%2Fwp%2Fv2%2Fcomments&post=638254"}],"version-history":[{"count":0,"href":"https:\/\/www.diarioimagen.net\/index.php?rest_route=\/wp\/v2\/posts\/638254\/revisions"}],"wp:featuredmedia":[{"embeddable":true,"href":"https:\/\/www.diarioimagen.net\/index.php?rest_route=\/wp\/v2\/media\/638366"}],"wp:attachment":[{"href":"https:\/\/www.diarioimagen.net\/index.php?rest_route=%2Fwp%2Fv2%2Fmedia&parent=638254"}],"wp:term":[{"taxonomy":"category","embeddable":true,"href":"https:\/\/www.diarioimagen.net\/index.php?rest_route=%2Fwp%2Fv2%2Fcategories&post=638254"},{"taxonomy":"post_tag","embeddable":true,"href":"https:\/\/www.diarioimagen.net\/index.php?rest_route=%2Fwp%2Fv2%2Ftags&post=638254"}],"curies":[{"name":"wp","href":"https:\/\/api.w.org\/{rel}","templated":true}]}}