{"id":638256,"date":"2024-10-24T00:02:03","date_gmt":"2024-10-24T06:02:03","guid":{"rendered":"https:\/\/www.diarioimagen.net\/?p=638256"},"modified":"2024-10-24T01:56:29","modified_gmt":"2024-10-24T07:56:29","slug":"amplian-en-4-5-millones-de-pesos-los-recursos-para-el-bacheo-en-naucalpan","status":"publish","type":"post","link":"https:\/\/www.diarioimagen.net\/?p=638256","title":{"rendered":"Ampl\u00edan en 4.5 millones de pesos los recursos para el bacheo en Naucalpan"},"content":{"rendered":"<p>&nbsp;<\/p>\n<ul>\n<li><em><strong>Acciones hasta el \u00fatimo d\u00eda de gesti\u00f3n de Ang\u00e9lica Moya<\/strong><\/em><\/li>\n<\/ul>\n<p>&nbsp;<\/p>\n<div id=\"attachment_638361\" style=\"width: 470px\" class=\"wp-caption aligncenter\"><a href=\"https:\/\/www.diarioimagen.net\/?attachment_id=638361\" rel=\"attachment wp-att-638361\"><img loading=\"lazy\" decoding=\"async\" aria-describedby=\"caption-attachment-638361\" class=\"size-full wp-image-638361\" src=\"https:\/\/www.diarioimagen.net\/wp-content\/uploads\/2024\/10\/amplian-en-4-5-millones.jpg\" alt=\"\" width=\"460\" height=\"270\" srcset=\"https:\/\/www.diarioimagen.net\/wp-content\/uploads\/2024\/10\/amplian-en-4-5-millones.jpg 460w, https:\/\/www.diarioimagen.net\/wp-content\/uploads\/2024\/10\/amplian-en-4-5-millones-240x141.jpg 240w\" sizes=\"auto, (max-width: 460px) 100vw, 460px\" \/><\/a><p id=\"caption-attachment-638361\" class=\"wp-caption-text\">El gobierno de Naucalpan ampli\u00f3 en 4.5 millones de pesos el recurso destinado a las acciones de bacheo, luego de que las recientes lluvias afectaron la superficie de rodamiento de las vialidades.<\/p><\/div>\n<p>&nbsp;<\/p>\n<p><strong>Naucalpan, Estado de M\u00ebxico.\u2014<\/strong> Para cumplir la instrucci\u00f3n de la alcaldesa Ang\u00e9lica Moya Mar\u00edn, de seguir trabajando hasta el \u00faltimo d\u00eda de gesti\u00f3n, el gobierno\u00a0 ampli\u00f3 en 4.5 millones de pesos el recurso destinado a las acciones de bacheo, luego de que las recientes lluvias afectaron la superficie de rodamiento de las vialidades. Durante el ejercicio de Rendici\u00f3n de Cuentas del programa \u201cMartes Ciudadano\u201d, realizado en Ampliaci\u00f3n Los Fresnos, la presidenta municipal Moya Mar\u00edn agradeci\u00f3 a vecinos de distintas comunidades su colaboraci\u00f3n en las acciones de gobierno.<\/p>\n<p>Ah\u00ed, Moya Mar\u00edn dijo: \u201cAprovecho para comentarles que hemos incrementado el recurso destinado para bacheo, ya que las lluvias extraordinarias que tuvimos en d\u00edas pasados penetraron el asfalto, que es muy viejo, y lo da\u00f1aron; ahora que ya est\u00e1 pasando la temporada, hay que aprovechar y trabajar muy fuerte para que podamos cerrar con la menor cantidad de baches posible\u201d. Sobre la recolecci\u00f3n de basura, uno de los temas que los vecinos pusieron en la mesa, el director general de Servicios P\u00fablicos, An\u00edbal Bram Falc\u00f3n, indic\u00f3 que hace dos semanas la Procuradur\u00eda de Protecci\u00f3n al Ambiente del Estado de M\u00e9xico (Propaem), visit\u00f3 el relleno sanitario de Rinc\u00f3n Verde y determin\u00f3 la clausura temporal, ya que faltaba una cubierta de tepetate sobre los residuos s\u00f3lidos urbanos.<\/p>\n<p>\u201cDebido a que el trayecto hasta el relleno sanitario de Tepojaco, en Cuautitl\u00e1n Izcalli, donde se depositan temporalmente los desechos, es de una hora y media, el servicio de recolecci\u00f3n se ha ralentizado, pero no se ha suspendido, y una vez que se hayan hecho los trabajos de remediaci\u00f3n ordenados por la autoridad ambiental a la empresa que opera Rinc\u00f3n Verde, se regularizar\u00e1\u201d, apunt\u00f3.<\/p>\n<p>La coordinadora de Gabinete, Sandra Herrera Flores, inform\u00f3 que en el \u201cMartes Ciudadano\u201d que se efectu\u00f3 hace unos meses en Ampliaci\u00f3n Los Fresnos se recibieron 238 tickets de esta comunidad y de Cumbres de San Mateo, Los \u00c1lamos, Los Fresnos, Misiones, Valle de San Mateo y Jardines de Boulevares.<\/p>\n<p>Explic\u00f3 que, con corte al d\u00eda 18 de octubre, el 85.9 por ciento de estas peticiones fueran resueltas, 9.9 se encuentran pendientes, 3.1 est\u00e1n abiertas y 1 por ciento fueron canceladas. Las principales solicitudes que se recibieron corresponden a alumbrado p\u00fablico, movilidad y bacheo.<\/p>\n","protected":false},"excerpt":{"rendered":"<p>Para cumplir la instrucci\u00f3n de la alcaldesa Ang\u00e9lica Moya Mar\u00edn, de seguir trabajando hasta el \u00faltimo d\u00eda de gesti\u00f3n, el gobierno\u00a0 ampli\u00f3 en 4.5 millones de pesos el recurso destinado a las acciones de bacheo, luego de que las recientes lluvias afectaron la superficie de rodamiento de las vialidades. Durante el ejercicio de Rendici\u00f3n de Cuentas del programa \u201cMartes Ciudadano\u201d, realizado en Ampliaci\u00f3n Los Fresnos, la presidenta municipal Moya Mar\u00edn agradeci\u00f3 a vecinos de distintas comunidades su colaboraci\u00f3n en las acciones de gobierno.<\/p>\n","protected":false},"author":3,"featured_media":638361,"comment_status":"open","ping_status":"open","sticky":false,"template":"","format":"standard","meta":{"_monsterinsights_skip_tracking":false,"_monsterinsights_sitenote_active":false,"_monsterinsights_sitenote_note":"","_monsterinsights_sitenote_category":0,"footnotes":""},"categories":[5],"tags":[93139,47890,43675,970,20477],"class_list":["post-638256","post","type-post","status-publish","format-standard","has-post-thumbnail","hentry","category-estado-de-mexico","tag-angelica-moya-marin","tag-bacheo","tag-estado-de-mexico","tag-naucalpan","tag-recursos"],"_links":{"self":[{"href":"https:\/\/www.diarioimagen.net\/index.php?rest_route=\/wp\/v2\/posts\/638256","targetHints":{"allow":["GET"]}}],"collection":[{"href":"https:\/\/www.diarioimagen.net\/index.php?rest_route=\/wp\/v2\/posts"}],"about":[{"href":"https:\/\/www.diarioimagen.net\/index.php?rest_route=\/wp\/v2\/types\/post"}],"author":[{"embeddable":true,"href":"https:\/\/www.diarioimagen.net\/index.php?rest_route=\/wp\/v2\/users\/3"}],"replies":[{"embeddable":true,"href":"https:\/\/www.diarioimagen.net\/index.php?rest_route=%2Fwp%2Fv2%2Fcomments&post=638256"}],"version-history":[{"count":0,"href":"https:\/\/www.diarioimagen.net\/index.php?rest_route=\/wp\/v2\/posts\/638256\/revisions"}],"wp:featuredmedia":[{"embeddable":true,"href":"https:\/\/www.diarioimagen.net\/index.php?rest_route=\/wp\/v2\/media\/638361"}],"wp:attachment":[{"href":"https:\/\/www.diarioimagen.net\/index.php?rest_route=%2Fwp%2Fv2%2Fmedia&parent=638256"}],"wp:term":[{"taxonomy":"category","embeddable":true,"href":"https:\/\/www.diarioimagen.net\/index.php?rest_route=%2Fwp%2Fv2%2Fcategories&post=638256"},{"taxonomy":"post_tag","embeddable":true,"href":"https:\/\/www.diarioimagen.net\/index.php?rest_route=%2Fwp%2Fv2%2Ftags&post=638256"}],"curies":[{"name":"wp","href":"https:\/\/api.w.org\/{rel}","templated":true}]}}