{"id":638258,"date":"2024-10-24T00:03:38","date_gmt":"2024-10-24T06:03:38","guid":{"rendered":"https:\/\/www.diarioimagen.net\/?p=638258"},"modified":"2024-10-24T01:57:46","modified_gmt":"2024-10-24T07:57:46","slug":"el-pan-partido-que-busca-tener-un-mejor-pais-agustin-belgodere","status":"publish","type":"post","link":"https:\/\/www.diarioimagen.net\/?p=638258","title":{"rendered":"El PAN, partido que busca tener un mejor pa\u00eds: Agust\u00edn Belgodere"},"content":{"rendered":"<p>&nbsp;<\/p>\n<ul>\n<li><em><strong>Confianza en Jorge Romero<\/strong><\/em><\/li>\n<\/ul>\n<p><strong>\u00a0<\/strong><\/p>\n<h6>Arturo Baena<\/h6>\n<p>&nbsp;<\/p>\n<div id=\"attachment_638364\" style=\"width: 470px\" class=\"wp-caption aligncenter\"><a href=\"https:\/\/www.diarioimagen.net\/?attachment_id=638364\" rel=\"attachment wp-att-638364\"><img loading=\"lazy\" decoding=\"async\" aria-describedby=\"caption-attachment-638364\" class=\"size-full wp-image-638364\" src=\"https:\/\/www.diarioimagen.net\/wp-content\/uploads\/2024\/10\/pan-partido-busca-tener.jpg\" alt=\"\" width=\"460\" height=\"270\" srcset=\"https:\/\/www.diarioimagen.net\/wp-content\/uploads\/2024\/10\/pan-partido-busca-tener.jpg 460w, https:\/\/www.diarioimagen.net\/wp-content\/uploads\/2024\/10\/pan-partido-busca-tener-240x141.jpg 240w\" sizes=\"auto, (max-width: 460px) 100vw, 460px\" \/><\/a><p id=\"caption-attachment-638364\" class=\"wp-caption-text\">El regidor David Agust\u00edn Belgodere se\u00f1\u00e1l\u00f3 que Acci\u00f3n Nacional mantendr\u00e1 su postura de ser un partido, preocupado y ocupado por tener un mejor pa\u00eds.<\/p><\/div>\n<p>&nbsp;<\/p>\n<p><strong>Valle de Mexico.\u2014<\/strong> El proceso electoral interno del Partido Acci\u00f3n Nacional (PAN) culminar\u00e1 el pr\u00f3ximo 10 de noviembre, cuando poco m\u00e1s de 300 mil militantes voten por la persona que dirigir\u00e1 el destino del mayor partido de oposici\u00f3n en la actualidad y sin duda lo encabezar\u00e1 Jorge Romero, quien mantendr\u00e1 la unidad y fortalecimiento de nuestro partido.<\/p>\n<p>Afirmaron lo anterior panistas mexiquenses, en voz del regidor David Agust\u00ednn Belgodere, al tiempo de puntualizar que \u201cel de Acci\u00f3n Nacional, mantendr\u00e1 su postura de ser un partido, preocupado y ocupado por tener un mejor pa\u00eds\u201d.<\/p>\n<p>El panista asegur\u00f3 que Acci\u00f3n Nacional est\u00e1 m\u00e1s vivo que nunca y de la mano de Jorge Romero, regresar\u00e1n en el 2027 para recuperar distritos y municipios, por ello enfatiz\u00f3, se necesita estar en contacto directo con los miembros del partido y dejar atr\u00e1s la \u00faltima elecci\u00f3n.<\/p>\n<p>El representante popular reiter\u00f3 en la necesidad de prepararse rumbo al 2027, estar en las calles y poder transmitirle a la gente el por qu\u00e9 el PAN es la mejor opci\u00f3n no sin antes puntualizar que, \u201cefectivamente,\u00a0 no cuenta con una estrategia clara en materias como seguridad, salud y econom\u00eda\u201d.<\/p>\n<p>Mientras tanto, el blanquiazul convoc\u00f3 a sus 302 mil 982 militantes a participar mediante un voto en urnas distribuidas en 1,600 casillas por todo el pa\u00eds el pr\u00f3ximo 10 de noviembre.<\/p>\n<p>\u201cSin duda alguna, la elecci\u00f3n del pr\u00f3ximo dirigente nacional del Acci\u00f3n Nacional ser\u00e1 un ejemplo del proceso democr\u00e1tico en nuestro pa\u00eds \u201c, concluy\u00f3.<\/p>\n","protected":false},"excerpt":{"rendered":"<p>El proceso electoral interno del Partido Acci\u00f3n Nacional (PAN) culminar\u00e1 el pr\u00f3ximo 10 de noviembre, cuando poco m\u00e1s de 300 mil militantes voten por la persona que dirigir\u00e1 el destino del mayor partido de oposici\u00f3n en la actualidad y sin duda lo encabezar\u00e1 Jorge Romero, quien mantendr\u00e1 la unidad y fortalecimiento de nuestro partido.<\/p>\n","protected":false},"author":3,"featured_media":638364,"comment_status":"open","ping_status":"open","sticky":false,"template":"","format":"standard","meta":{"_monsterinsights_skip_tracking":false,"_monsterinsights_sitenote_active":false,"_monsterinsights_sitenote_note":"","_monsterinsights_sitenote_category":0,"footnotes":""},"categories":[5],"tags":[101088,91,4590],"class_list":["post-638258","post","type-post","status-publish","format-standard","has-post-thumbnail","hentry","category-estado-de-mexico","tag-encabezara","tag-pan","tag-proceso"],"_links":{"self":[{"href":"https:\/\/www.diarioimagen.net\/index.php?rest_route=\/wp\/v2\/posts\/638258","targetHints":{"allow":["GET"]}}],"collection":[{"href":"https:\/\/www.diarioimagen.net\/index.php?rest_route=\/wp\/v2\/posts"}],"about":[{"href":"https:\/\/www.diarioimagen.net\/index.php?rest_route=\/wp\/v2\/types\/post"}],"author":[{"embeddable":true,"href":"https:\/\/www.diarioimagen.net\/index.php?rest_route=\/wp\/v2\/users\/3"}],"replies":[{"embeddable":true,"href":"https:\/\/www.diarioimagen.net\/index.php?rest_route=%2Fwp%2Fv2%2Fcomments&post=638258"}],"version-history":[{"count":0,"href":"https:\/\/www.diarioimagen.net\/index.php?rest_route=\/wp\/v2\/posts\/638258\/revisions"}],"wp:featuredmedia":[{"embeddable":true,"href":"https:\/\/www.diarioimagen.net\/index.php?rest_route=\/wp\/v2\/media\/638364"}],"wp:attachment":[{"href":"https:\/\/www.diarioimagen.net\/index.php?rest_route=%2Fwp%2Fv2%2Fmedia&parent=638258"}],"wp:term":[{"taxonomy":"category","embeddable":true,"href":"https:\/\/www.diarioimagen.net\/index.php?rest_route=%2Fwp%2Fv2%2Fcategories&post=638258"},{"taxonomy":"post_tag","embeddable":true,"href":"https:\/\/www.diarioimagen.net\/index.php?rest_route=%2Fwp%2Fv2%2Ftags&post=638258"}],"curies":[{"name":"wp","href":"https:\/\/api.w.org\/{rel}","templated":true}]}}