{"id":638260,"date":"2024-10-24T00:04:03","date_gmt":"2024-10-24T06:04:03","guid":{"rendered":"https:\/\/www.diarioimagen.net\/?p=638260"},"modified":"2024-10-24T01:57:03","modified_gmt":"2024-10-24T07:57:03","slug":"ofertaran-mas-de-mil-500-empleos-en-huixquilucan","status":"publish","type":"post","link":"https:\/\/www.diarioimagen.net\/?p=638260","title":{"rendered":"Ofertar\u00e1n m\u00e1s de mil 500 empleos en Huixquilucan"},"content":{"rendered":"<p>&nbsp;<\/p>\n<p><a href=\"https:\/\/www.diarioimagen.net\/?attachment_id=638330\" rel=\"attachment wp-att-638330\"><img loading=\"lazy\" decoding=\"async\" class=\"aligncenter size-full wp-image-638330\" src=\"https:\/\/www.diarioimagen.net\/wp-content\/uploads\/2024\/10\/ofertaran-mas-de-mil-500.jpg\" alt=\"\" width=\"460\" height=\"270\" srcset=\"https:\/\/www.diarioimagen.net\/wp-content\/uploads\/2024\/10\/ofertaran-mas-de-mil-500.jpg 460w, https:\/\/www.diarioimagen.net\/wp-content\/uploads\/2024\/10\/ofertaran-mas-de-mil-500-240x141.jpg 240w\" sizes=\"auto, (max-width: 460px) 100vw, 460px\" \/><\/a><\/p>\n<p>&nbsp;<\/p>\n<p><strong>Huixquilucan, Estado de M\u00e9xico.\u2014 <\/strong>Este jueves 24 de octubre m\u00e1s de 80 empresas se concentrar\u00e1n en un mismo lugar para ofertar m\u00e1s de mil 500 vacantes laborales, desde el nivel operativo hasta gerencial, como parte de la \u201cSegunda Feria del Empleo 2024\u201d; evento que organizar\u00e1 el gobierno de Huixquilucan para vincular a decenas de personas con el mercado laboral.<\/p>\n<p>La presidenta municipal Romina Contreras Carrasco se\u00f1al\u00f3 que el objetivo de esta Feria, que se realizar\u00e1 en la Avenida Palo Solo No.160 y a trav\u00e9s de la Direcci\u00f3n General de Desarrollo Econ\u00f3mico y Empresarial de Huixquilucan, es apoyar la econom\u00eda de las familias al facilitar la b\u00fasqueda de empleos formales, as\u00ed como brindar oportunidades a las personas que desean cambiar de trabajo para mejorar sus ingresos y, de esta manera, construir una sociedad con un mejor nivel de vida.<\/p>\n","protected":false},"excerpt":{"rendered":"<p>Este jueves 24 de octubre m\u00e1s de 80 empresas se concentrar\u00e1n en un mismo lugar para ofertar m\u00e1s de mil 500 vacantes laborales, desde el nivel operativo hasta gerencial, como parte de la \u201cSegunda Feria del Empleo 2024\u201d; evento que organizar\u00e1 el gobierno de Huixquilucan para vincular a decenas de personas con el mercado laboral.<\/p>\n","protected":false},"author":3,"featured_media":638330,"comment_status":"open","ping_status":"open","sticky":false,"template":"","format":"standard","meta":{"_monsterinsights_skip_tracking":false,"_monsterinsights_sitenote_active":false,"_monsterinsights_sitenote_note":"","_monsterinsights_sitenote_category":0,"footnotes":""},"categories":[5],"tags":[5557,43675,16411,1097],"class_list":["post-638260","post","type-post","status-publish","format-standard","has-post-thumbnail","hentry","category-estado-de-mexico","tag-empleos","tag-estado-de-mexico","tag-familias","tag-huixquilucan"],"_links":{"self":[{"href":"https:\/\/www.diarioimagen.net\/index.php?rest_route=\/wp\/v2\/posts\/638260","targetHints":{"allow":["GET"]}}],"collection":[{"href":"https:\/\/www.diarioimagen.net\/index.php?rest_route=\/wp\/v2\/posts"}],"about":[{"href":"https:\/\/www.diarioimagen.net\/index.php?rest_route=\/wp\/v2\/types\/post"}],"author":[{"embeddable":true,"href":"https:\/\/www.diarioimagen.net\/index.php?rest_route=\/wp\/v2\/users\/3"}],"replies":[{"embeddable":true,"href":"https:\/\/www.diarioimagen.net\/index.php?rest_route=%2Fwp%2Fv2%2Fcomments&post=638260"}],"version-history":[{"count":0,"href":"https:\/\/www.diarioimagen.net\/index.php?rest_route=\/wp\/v2\/posts\/638260\/revisions"}],"wp:featuredmedia":[{"embeddable":true,"href":"https:\/\/www.diarioimagen.net\/index.php?rest_route=\/wp\/v2\/media\/638330"}],"wp:attachment":[{"href":"https:\/\/www.diarioimagen.net\/index.php?rest_route=%2Fwp%2Fv2%2Fmedia&parent=638260"}],"wp:term":[{"taxonomy":"category","embeddable":true,"href":"https:\/\/www.diarioimagen.net\/index.php?rest_route=%2Fwp%2Fv2%2Fcategories&post=638260"},{"taxonomy":"post_tag","embeddable":true,"href":"https:\/\/www.diarioimagen.net\/index.php?rest_route=%2Fwp%2Fv2%2Ftags&post=638260"}],"curies":[{"name":"wp","href":"https:\/\/api.w.org\/{rel}","templated":true}]}}