{"id":638275,"date":"2024-10-24T00:04:47","date_gmt":"2024-10-24T06:04:47","guid":{"rendered":"https:\/\/www.diarioimagen.net\/?p=638275"},"modified":"2024-10-24T02:03:43","modified_gmt":"2024-10-24T08:03:43","slug":"el-diablo-tiene-otros-datos-regresa-por-corta-temporada","status":"publish","type":"post","link":"https:\/\/www.diarioimagen.net\/?p=638275","title":{"rendered":"\u201cEl diablo tiene otros datos\u201d regresa por corta\u00a0temporada"},"content":{"rendered":"<p>&nbsp;<\/p>\n<h2 style=\"text-align: center;\">Bajo la direcci\u00f3n y dramaturgia de Hugo Alc\u00e1ntara<\/h2>\n<p><strong>\u00a0<\/strong><\/p>\n<ul>\n<li><strong><em>A partir del 1 de noviembre en el Teatro Tepeyac<\/em><\/strong><\/li>\n<\/ul>\n<p><strong>\u00a0<\/strong><\/p>\n<h6>Mitzi Fern\u00e1ndez<\/h6>\n<p>&nbsp;<\/p>\n<div id=\"attachment_638375\" style=\"width: 470px\" class=\"wp-caption aligncenter\"><a href=\"https:\/\/www.diarioimagen.net\/?attachment_id=638375\" rel=\"attachment wp-att-638375\"><img loading=\"lazy\" decoding=\"async\" aria-describedby=\"caption-attachment-638375\" class=\"size-full wp-image-638375\" src=\"https:\/\/www.diarioimagen.net\/wp-content\/uploads\/2024\/10\/el-diablo-tiene.jpg\" alt=\"\" width=\"460\" height=\"270\" srcset=\"https:\/\/www.diarioimagen.net\/wp-content\/uploads\/2024\/10\/el-diablo-tiene.jpg 460w, https:\/\/www.diarioimagen.net\/wp-content\/uploads\/2024\/10\/el-diablo-tiene-240x141.jpg 240w\" sizes=\"auto, (max-width: 460px) 100vw, 460px\" \/><\/a><p id=\"caption-attachment-638375\" class=\"wp-caption-text\">La obra cuenta con un elenco base que integra a La Chupitos, Pierre \u00c1ngelo, Adriana Moles, Yurem, Juan Frese, El Indio Brayan y m\u00e1s. (Foto: Mitzi Fern\u00e1ndez).<\/p><\/div>\n<p>&nbsp;<\/p>\n<p>La pastorela \u201cEl diablo tiene otros datos (Ah\u00ed te va la morena)\u201d regresa este a\u00f1o, con una obra mejorada, a partir del 1 de noviembre en el Teatro Tepeyac.<\/p>\n<p>Con un elenco base que integra a La Chupitos, Pierre \u00c1ngelo, Adriana Moles, Yurem, Juan Frese, El Indio Brayan, Jessica Segura, Mois\u00e9s Su\u00e1rez, La Vecina, Mafer Sainz, Quetzali Arriaga y Herson Andrade. Donde adem\u00e1s se integra Pocholo y contar\u00e1n con alternantes y algunos invitados.<\/p>\n<p>En conferencia de prensa donde asistieron algunos de los actores Pierre \u00c1ngelo coment\u00f3 \u201ces un trabajo padr\u00edsimo, estamos contentos de volver, si tenemos la base de la obra y la historia, pero siempre pasa que agregamos algo y no dejamos de divertirnos\u201d.<\/p>\n<p>El director y actor de la obra Hugo Alc\u00e1ntara, mejor conocido como El Indio Brayan agreg\u00f3 \u201cesta es una comedia que la puede ver quien est\u00e1 al d\u00eda de las noticias o quien sea, pues hay chistes para todos, saldr\u00e1n muy divertidos porque estamos m\u00e1s renovados, que el a\u00f1o pasado\u201d.<\/p>\n<p>En la obra se conocer\u00e1 al verdadero diablo, donde todos ser\u00e1n las v\u00edctimas, una pastorela tradicional, sin perder el sentido del humor.<\/p>\n<p>Aclararon que es una pastorela c\u00f3mica no es un ataque a ning\u00fan personaje, enfatizando que no hay manera de que nadie se ofenda.\u00a0 Son personajes dentro de otros personajes. Hugo Alc\u00e1ntara mencion\u00f3 \u201cest\u00e1 muy cuidado y todos tenemos humor y nos hemos re\u00eddo de cosas que no son pol\u00edticamente correctas, pero nos re\u00edmos del diablo, de los \u00e1ngeles\u201d.<\/p>\n<p>La Chupitos por su parte extern\u00f3 \u201cyo agradezco a los compa\u00f1eros y los invito de verdad se van a divertir mucho\u201d.<\/p>\n<p>La obra estar\u00e1 en funciones los d\u00edas viernes, s\u00e1bados y domingos, puedes estar al pendiente de las redes sociales para los horarios y pr\u00f3ximas presentaciones en diferentes lugares.<\/p>\n<p>Se planea tener algunas salidas cortas de temporada, a Texcoco, al teatro Royal el 11 de diciembre, a Ecatepec, Torres de Sat\u00e9lite para que personas de todos lados conozcan y disfruten la obra. As\u00ed lo confirm\u00f3 el elenco.<\/p>\n<p>Los boletos est\u00e1n a la venta en el sistema Ticketmaster o en la taquilla del Teatro Tepeyac<\/p>\n<p>&nbsp;<\/p>\n<blockquote><p><strong>\u201cEl diablo tiene otros datos (Ah\u00ed te va la morena)\u201d regresa este a\u00f1o, con una obra mejorada, a partir del 1 de noviembre en el Teatro Tepeyac. Los boletos est\u00e1n a la venta en el sistema Ticketmaster o en la taquilla del teatro<\/strong><\/p><\/blockquote>\n","protected":false},"excerpt":{"rendered":"<p>La pastorela \u201cEl diablo tiene otros datos (Ah\u00ed te va la morena)\u201d regresa este a\u00f1o, con una obra mejorada, a partir del 1 de noviembre en el Teatro Tepeyac.<\/p>\n","protected":false},"author":3,"featured_media":638375,"comment_status":"open","ping_status":"open","sticky":false,"template":"","format":"standard","meta":{"_monsterinsights_skip_tracking":false,"_monsterinsights_sitenote_active":false,"_monsterinsights_sitenote_note":"","_monsterinsights_sitenote_category":0,"footnotes":""},"categories":[12],"tags":[101090,666,14426,37380],"class_list":["post-638275","post","type-post","status-publish","format-standard","has-post-thumbnail","hentry","category-espectaculos","tag-el-diablo-tiene-otros-datos","tag-teatro","tag-teatro-tepeyac","tag-temporada"],"_links":{"self":[{"href":"https:\/\/www.diarioimagen.net\/index.php?rest_route=\/wp\/v2\/posts\/638275","targetHints":{"allow":["GET"]}}],"collection":[{"href":"https:\/\/www.diarioimagen.net\/index.php?rest_route=\/wp\/v2\/posts"}],"about":[{"href":"https:\/\/www.diarioimagen.net\/index.php?rest_route=\/wp\/v2\/types\/post"}],"author":[{"embeddable":true,"href":"https:\/\/www.diarioimagen.net\/index.php?rest_route=\/wp\/v2\/users\/3"}],"replies":[{"embeddable":true,"href":"https:\/\/www.diarioimagen.net\/index.php?rest_route=%2Fwp%2Fv2%2Fcomments&post=638275"}],"version-history":[{"count":0,"href":"https:\/\/www.diarioimagen.net\/index.php?rest_route=\/wp\/v2\/posts\/638275\/revisions"}],"wp:featuredmedia":[{"embeddable":true,"href":"https:\/\/www.diarioimagen.net\/index.php?rest_route=\/wp\/v2\/media\/638375"}],"wp:attachment":[{"href":"https:\/\/www.diarioimagen.net\/index.php?rest_route=%2Fwp%2Fv2%2Fmedia&parent=638275"}],"wp:term":[{"taxonomy":"category","embeddable":true,"href":"https:\/\/www.diarioimagen.net\/index.php?rest_route=%2Fwp%2Fv2%2Fcategories&post=638275"},{"taxonomy":"post_tag","embeddable":true,"href":"https:\/\/www.diarioimagen.net\/index.php?rest_route=%2Fwp%2Fv2%2Ftags&post=638275"}],"curies":[{"name":"wp","href":"https:\/\/api.w.org\/{rel}","templated":true}]}}