{"id":638296,"date":"2024-10-24T00:03:42","date_gmt":"2024-10-24T06:03:42","guid":{"rendered":"https:\/\/www.diarioimagen.net\/?p=638296"},"modified":"2024-10-23T23:21:38","modified_gmt":"2024-10-24T05:21:38","slug":"sinaloa-sin-tantas-actividades","status":"publish","type":"post","link":"https:\/\/www.diarioimagen.net\/?p=638296","title":{"rendered":"Sinaloa, sin tantas actividades"},"content":{"rendered":"<h2>Espacio Electoral<\/h2>\n<h5>Eleazar Flores<\/h5>\n<p>&nbsp;<\/p>\n<p><strong>MOVIMIENTO A MEDIAS-.<\/strong> En el lapso de tres semanas -de los cuarenta d\u00edas inmerso en la violencia-, el estado de Sinaloa,\u00a0 especialmente su capital Culiac\u00e1n, ha disminuido acentuadamente sus actividades normales como las COMERCIALES DEPORTIVAS Y DE ESPECT\u00c1CULOS.<\/p>\n<p>Dentro de las primeras, el cierre de negocios a temprana hora \u20146 de la tarde\u2014, cuando que antes el mayor movimiento era por la noche; en relaci\u00f3n a las DEPORTIVAS, se han cancelado partidos de beisbol, y en futbol, Los Dorados, dirigidos hace algunos a\u00f1os por el m\u00edtico pibe DIEGO ARMANDO MARADONA, cambiar\u00e1\u00a0 de sede\u2026 y en cuanto a los ESPECT\u00c1CULOS.<\/p>\n<p>Ni m\u00e1s ni menos que se cancel\u00f3 la presentaci\u00f3n de Luis Miguel, cuyo calendario ten\u00eda agendada una en tierras sinaloenses hace dos semanas, por lo que sus cientos de FANS tuvieron que resignarse. Quienes m\u00e1s lo resintieron fueron los promotores y firmas concurrentes, por la venta de productos alimenticios y et\u00edlicos en establecimientos cercanos a lugares de los eventos.<\/p>\n<p>Usted dir\u00e1 con toda la raz\u00f3n del mundo que ante el panorama violento imperante en la tierra de los \u00edconos art\u00edsticos Pedro Infante, Lola Beltr\u00e1n, la banda El Recodo y boxeadores de la talla de Julio C\u00e9sar Ch\u00e1vez, la cancelaci\u00f3n del concierto de LUISMI deber\u00eda ser cosa menor, pero tur\u00edstica y econ\u00f3micamente no lo es tanto, pues las actividades l\u00edcitamente lucrativas tambi\u00e9n pararon.<\/p>\n<p>Del comercio informal ni hablar, pues podr\u00eda resultar ser el m\u00e1s afectado, dado que en las afueras de los lugares de los eventos deportivos y art\u00edsticos, son quienes atraen el mayor n\u00famero de clientes, urgidos de tacos, tortas, refrescos, \u201cchelas\u201d y dem\u00e1s bebidas espirituosas. Ni modo, ya vendr\u00e1n tiempos menos violentos\u2026 y ojal\u00e1 sea pronto.<\/p>\n<p><strong>VIOLENCIA CULICHI-.<\/strong> En honor a la verdad, se ha perdido la cifra exacta de p\u00e9rdida de vidas en Culiac\u00e1n y municipios circunvecinos, pues apenas el martes perdieron la vida \u201cSOLAMENTE\u201d 19 personas en distintos enfrentamientos entre grupos delincuenciales y miembros del Ej\u00e9rcito, la Marina y la Guardia Nacional.<\/p>\n<p>Las versiones a\u00f1aden a esta masacre que se trat\u00f3 de persecuciones en busca de elementos delincuenciales, sean del grupo de \u201cEl Mayo\u201d Zambada o de \u201cLos Chapitos\u201d.<\/p>\n<p>Todo lo anterior en cuanto a la p\u00e9rdida de vidas y b\u00fasqueda de delincuentes o trabajos de investigaci\u00f3n, de cuya presunci\u00f3n de culpabilidad nadie est\u00e1 exento, ha dicho, palabras m\u00e1s palabras menos, el gobernador Rub\u00e9n Rocha Moya, quien para algunos enterados del accionar de grupos involucrados en el mundo de las drogas, se turba un poco en sus declaraciones period\u00edsticas al abordar el tema.<\/p>\n<p>Pero tambi\u00e9n detr\u00e1s de la p\u00e9rdida de vidas hay registro de CUANTIOSAS P\u00c9RDIDAS MATERIALES, pues se documentan y difunden incendios de establecimientos comerciales y costosos veh\u00edculos nuevos, saqueo de tiendas de conveniencia y dem\u00e1s.<\/p>\n<p>\u00bfA cu\u00e1nto ascender\u00e1n las p\u00e9rdidas econ\u00f3micas?&#8230; y lo que desgraciadamente falta.<\/p>\n<p><em><a href=\"mailto:elefa44@gmail.com\" target=\"_blank\" rel=\"noopener noreferrer\">elefa44@gmail.com<\/a><\/em><\/p>\n","protected":false},"excerpt":{"rendered":"<p><span style=\"color: #005497;\"><strong>Eleazar Flores<\/strong><\/span><\/p>\n","protected":false},"author":3,"featured_media":0,"comment_status":"open","ping_status":"open","sticky":false,"template":"","format":"standard","meta":{"_monsterinsights_skip_tracking":false,"_monsterinsights_sitenote_active":false,"_monsterinsights_sitenote_note":"","_monsterinsights_sitenote_category":0,"footnotes":""},"categories":[81743],"tags":[81744,81776,43674],"class_list":["post-638296","post","type-post","status-publish","format-standard","hentry","category-eleazar-flores","tag-eleazar-flores","tag-espacio-electoral","tag-opinion"],"_links":{"self":[{"href":"https:\/\/www.diarioimagen.net\/index.php?rest_route=\/wp\/v2\/posts\/638296","targetHints":{"allow":["GET"]}}],"collection":[{"href":"https:\/\/www.diarioimagen.net\/index.php?rest_route=\/wp\/v2\/posts"}],"about":[{"href":"https:\/\/www.diarioimagen.net\/index.php?rest_route=\/wp\/v2\/types\/post"}],"author":[{"embeddable":true,"href":"https:\/\/www.diarioimagen.net\/index.php?rest_route=\/wp\/v2\/users\/3"}],"replies":[{"embeddable":true,"href":"https:\/\/www.diarioimagen.net\/index.php?rest_route=%2Fwp%2Fv2%2Fcomments&post=638296"}],"version-history":[{"count":0,"href":"https:\/\/www.diarioimagen.net\/index.php?rest_route=\/wp\/v2\/posts\/638296\/revisions"}],"wp:attachment":[{"href":"https:\/\/www.diarioimagen.net\/index.php?rest_route=%2Fwp%2Fv2%2Fmedia&parent=638296"}],"wp:term":[{"taxonomy":"category","embeddable":true,"href":"https:\/\/www.diarioimagen.net\/index.php?rest_route=%2Fwp%2Fv2%2Fcategories&post=638296"},{"taxonomy":"post_tag","embeddable":true,"href":"https:\/\/www.diarioimagen.net\/index.php?rest_route=%2Fwp%2Fv2%2Ftags&post=638296"}],"curies":[{"name":"wp","href":"https:\/\/api.w.org\/{rel}","templated":true}]}}