{"id":638305,"date":"2024-10-24T00:06:37","date_gmt":"2024-10-24T06:06:37","guid":{"rendered":"https:\/\/www.diarioimagen.net\/?p=638305"},"modified":"2024-10-29T00:24:39","modified_gmt":"2024-10-29T06:24:39","slug":"nueva-geopolitica","status":"publish","type":"post","link":"https:\/\/www.diarioimagen.net\/?p=638305","title":{"rendered":"Nueva geopol\u00edtica"},"content":{"rendered":"<h2>Aunque pese<\/h2>\n<h5>Salvador Mart\u00ednez Garc\u00eda<\/h5>\n<p>&nbsp;<\/p>\n<p>El poder\u00edo de los BRICS se mostr\u00f3 a plenitud en Kaz\u00e1n, ciudad rusa que alberg\u00f3 a representantes de cerca de 40 naciones que concentran el 35 por ciento de la econom\u00eda global, esto es m\u00e1s de la tercera parte.<\/p>\n<p>En su comunicado final, de 43 p\u00e1ginas, se destac\u00f3 el avance logrado en el establecimiento de un nuevo sistema de pago alternativo, con lo que se acaba el control del d\u00f3lar en las transacciones comerciales mundiales.<\/p>\n<p>Con la denominaci\u00f3n de BRICS Clear, se plantea una infraestructura independiente de liquidaci\u00f3n y dep\u00f3sitos transfronterizos para complementar el mercado financiero existente, a\u00fan con predominio del d\u00f3lar.<\/p>\n<p>Pero en el encuentro de estas naciones encabezadas por la anfitriona Rusia, seguida del poder\u00edo econ\u00f3mico de China e India y el potencial de Brasil, Sud\u00e1frica y m\u00e1s de 30 pa\u00edses adicionales, tambi\u00e9n se fij\u00f3 una posici\u00f3n contundente para exigir un alto al fuego en los conflictos b\u00e9licos de la Franja de Gaza y Cisjordania sobre los que se denunci\u00f3 los ataques israel\u00edes deshumanizados.<\/p>\n<p>Igualmente, se pidi\u00f3 acabar con la guerra en Ucrania, conflicto en que interviene tambi\u00e9n Rusia, pero en el que todos coincidieron, debe terminarse. \u201cApoyamos el di\u00e1logo y la diplomacia, no la guerra\u201d, dej\u00f3 en claro el primer ministro indio, Narendra Modi.<\/p>\n<p>A Washington y a Europa no les gust\u00f3 el encuentro de los BRICS porque muestran que poco o nada afectaron a Rusia con sus sanciones econ\u00f3micas y comerciales impuestas a ra\u00edz de la guerra de Ucrania; adem\u00e1s de que muestran que Washington ya no tiene el control global, ni pol\u00edtico ni comercial como lo tuvo hace una d\u00e9cada. Se vive hoy una nueva geopol\u00edtica con la que se acaba el control unipolar y se pasa al multilateralismo.<\/p>\n<p style=\"text-align: center;\"><strong>Susurros<\/strong><\/p>\n<p>Tras el colapso del sistema el\u00e9ctrico en Cuba estallado el 18 de octubre pasado, el gobierno de la presidenta Sheinbaum Pardo analiza enviar combustible a la isla.<\/p>\n<p>Igualmente, la Comisi\u00f3n Federal de Electricidad (CFE) ofreci\u00f3 su apoyo t\u00e9cnico para lograr el pronto restablecimiento de la energ\u00eda el\u00e9ctrica en Cuba.<\/p>\n<p>Este gesto, adem\u00e1s de humanitario, necesario e impostergable, tiene tambi\u00e9n un cariz pol\u00edtico al dar su respaldo a la \u00fanica naci\u00f3n que mantiene un gobierno socialista desde hace m\u00e1s de 60 a\u00f1os en Am\u00e9rica.<\/p>\n<p>Desde luego esto irrita a Washington, que por lo pronto nada har\u00e1 al estar sumido en el proceso electoral del pr\u00f3ximo noviembre, en el que a\u00fan no se puede predecir triunfador. \u00bfKamala o Trump?<\/p>\n<p><a href=\"mailto:salvadormartinez@visionmx.com\" target=\"_blank\" rel=\"noopener\"><em>salvadormartinez@visionmx.com<\/em><\/a><br \/>\n<strong>X<em>:<\/em><\/strong><a href=\"https:\/\/twitter.com\/salvador_mtz?lang=es\" target=\"_blank\" rel=\"noopener\"><em> @salvador_mtz<\/em><\/a><\/p>\n","protected":false},"excerpt":{"rendered":"<p><span style=\"color: #005497;\"><strong>Salvador Mart\u00ednez Garc\u00eda<\/strong><\/span><\/p>\n","protected":false},"author":3,"featured_media":0,"comment_status":"open","ping_status":"open","sticky":false,"template":"","format":"standard","meta":{"_monsterinsights_skip_tracking":false,"_monsterinsights_sitenote_active":false,"_monsterinsights_sitenote_note":"","_monsterinsights_sitenote_category":0,"footnotes":""},"categories":[96743],"tags":[96744,43674,96745],"class_list":["post-638305","post","type-post","status-publish","format-standard","hentry","category-salvador-martinez-garcia","tag-aunque-pese","tag-opinion","tag-salvador-martinez-garcia"],"_links":{"self":[{"href":"https:\/\/www.diarioimagen.net\/index.php?rest_route=\/wp\/v2\/posts\/638305","targetHints":{"allow":["GET"]}}],"collection":[{"href":"https:\/\/www.diarioimagen.net\/index.php?rest_route=\/wp\/v2\/posts"}],"about":[{"href":"https:\/\/www.diarioimagen.net\/index.php?rest_route=\/wp\/v2\/types\/post"}],"author":[{"embeddable":true,"href":"https:\/\/www.diarioimagen.net\/index.php?rest_route=\/wp\/v2\/users\/3"}],"replies":[{"embeddable":true,"href":"https:\/\/www.diarioimagen.net\/index.php?rest_route=%2Fwp%2Fv2%2Fcomments&post=638305"}],"version-history":[{"count":0,"href":"https:\/\/www.diarioimagen.net\/index.php?rest_route=\/wp\/v2\/posts\/638305\/revisions"}],"wp:attachment":[{"href":"https:\/\/www.diarioimagen.net\/index.php?rest_route=%2Fwp%2Fv2%2Fmedia&parent=638305"}],"wp:term":[{"taxonomy":"category","embeddable":true,"href":"https:\/\/www.diarioimagen.net\/index.php?rest_route=%2Fwp%2Fv2%2Fcategories&post=638305"},{"taxonomy":"post_tag","embeddable":true,"href":"https:\/\/www.diarioimagen.net\/index.php?rest_route=%2Fwp%2Fv2%2Ftags&post=638305"}],"curies":[{"name":"wp","href":"https:\/\/api.w.org\/{rel}","templated":true}]}}