{"id":638447,"date":"2024-10-25T00:02:55","date_gmt":"2024-10-25T06:02:55","guid":{"rendered":"https:\/\/www.diarioimagen.net\/?p=638447"},"modified":"2024-10-25T02:40:06","modified_gmt":"2024-10-25T08:40:06","slug":"chayanne-vuelve-a-mexico-con-su-gira-bailemos-otra-vez","status":"publish","type":"post","link":"https:\/\/www.diarioimagen.net\/?p=638447","title":{"rendered":"Chayanne vuelve a M\u00e9xico con su gira Bailemos Otra Vez"},"content":{"rendered":"<p>&nbsp;<\/p>\n<h2 style=\"text-align: center;\">Presentado por GNP Seguros<\/h2>\n<p>&nbsp;<\/p>\n<ul>\n<li><strong><em>El puertorrique\u00f1o demuestra que su m\u00fasica sigue siendo un fen\u00f3meno global<\/em><\/strong><\/li>\n<\/ul>\n<p>&nbsp;<\/p>\n<div id=\"attachment_638560\" style=\"width: 470px\" class=\"wp-caption aligncenter\"><a href=\"https:\/\/www.diarioimagen.net\/?attachment_id=638560\" rel=\"attachment wp-att-638560\"><img loading=\"lazy\" decoding=\"async\" aria-describedby=\"caption-attachment-638560\" class=\"size-full wp-image-638560\" src=\"https:\/\/www.diarioimagen.net\/wp-content\/uploads\/2024\/10\/chayanne.jpg\" alt=\"\" width=\"460\" height=\"270\" srcset=\"https:\/\/www.diarioimagen.net\/wp-content\/uploads\/2024\/10\/chayanne.jpg 460w, https:\/\/www.diarioimagen.net\/wp-content\/uploads\/2024\/10\/chayanne-240x141.jpg 240w\" sizes=\"auto, (max-width: 460px) 100vw, 460px\" \/><\/a><p id=\"caption-attachment-638560\" class=\"wp-caption-text\">A lo largo de su exitosa carrera, Chayanne ha demostrado ser uno de los artistas latinos m\u00e1s influyentes de todos los tiempos.<\/p><\/div>\n<p>&nbsp;<\/p>\n<p>\u00a1El regreso m\u00e1s esperado! Chayanne, el querido \u201cPap\u00e1 de M\u00e9xico\u201d, vuelve a casa despu\u00e9s de siete largos a\u00f1os de ausencia, con su gira Bailemos Otra Vez Tour 2025. El \u00eddolo de millones volver\u00e1 a encender los escenarios en las siguientes ciudades:<\/p>\n<p>31 de enero &#8211; Auditorio Telmex \u2013 Guadalajara<br \/>\n1 de febrero &#8211; Auditorio Telmex &#8211; Guadalajara<br \/>\n8 de febrero &#8211; Infield del Aut\u00f3dromo de Quer\u00e9taro \u2013 Quer\u00e9taro<br \/>\n11 de febrero &#8211; Estadio Alberto Romo \u2013 Aguascalientes<br \/>\n13 de febrero &#8211; Estadio Banorte \u2013 Monterrey<br \/>\n21 de febrero &#8211; Arena Potos\u00ed \u2013 San Lu\u00eds Potos\u00ed<br \/>\n25 de febrero &#8211; Estadio Hermanos Serd\u00e1n \u2013 Puebla<br \/>\n27 de febrero &#8211; Palacio de los Deportes \u2013 CDMX<br \/>\n28 de febrero &#8211; Palacio de los Deportes \u2013 CDMX<br \/>\n4 de marzo &#8211; Estadio Beto \u00c1vila \u2013 Veracruz<br \/>\n11 de marzo &#8211; Estadio Centenario &#8211; Villahermosa<br \/>\n13 de marzo &#8211; Estadio Carlos Iturralde \u2013 M\u00e9rida<br \/>\n15 de marzo &#8211; Estadio Beto \u00c1vila \u2013 Canc\u00fan.<\/p>\n<p>El int\u00e9rprete de \u201cTorero\u201d nos deleitar\u00e1 con su m\u00fasica y energ\u00eda que recorrer\u00e1 diversas ciudades de nuestro pa\u00eds, brind\u00e1ndonos una noche inolvidable llena de sus \u00e9xitos atemporales como \u201cDejar\u00eda Todo\u201d, \u201cY T\u00fa Te Vas\u201d, \u201cUn siglo sin ti\u201d y \u201cBailando Bachata\u201d, s\u00f3lo por mencionar algunos.<\/p>\n<p>OCESAFACT: A lo largo de su exitosa carrera, Chayanne ha demostrado ser uno de los artistas latinos m\u00e1s influyentes de todos los tiempos. Su talento ha sido reconocido a nivel mundial con prestigiosos premios como los Billboard y los Grammy Latinos, consolidando as\u00ed su lugar en la historia de la m\u00fasica latina.<\/p>\n<p>Chayanne, cuyo nombre real es Elmer Figueroa Arce, inici\u00f3 su carrera art\u00edstica desde muy joven como parte del grupo Los Chicos. Sin embargo, fue como solista que alcanz\u00f3 la fama mundial. Tras su debut con el \u00e1lbum Chayanne Es Mi Nombre, su popularidad creci\u00f3 exponencialmente con discos como Sangre Latina, Tiempo de Vals, Prov\u00f3came y su \u00faltimo material: Bailemos Otra Vez.<\/p>\n<p>Escucha en vivo al \u201cPap\u00e1 de M\u00e9xico\u201d, en sus pr\u00f3ximas presentaciones en los escenarios m\u00e1s emblem\u00e1ticos de la Rep\u00fablica Mexicana. Los boletos estar\u00e1n disponibles en Preventa Citibanamex el mi\u00e9rcoles 30 de octubre a las 11:00 AM, hora local y un d\u00eda despu\u00e9s a trav\u00e9s de Ticketmaster y en las taquillas del inmueble.<\/p>\n<p>&nbsp;<\/p>\n<blockquote><p><strong>El int\u00e9rprete de \u201cTorero\u201d nos deleitar\u00e1 con su m\u00fasica y energ\u00eda que recorrer\u00e1 diversas ciudades de nuestro pa\u00eds, brind\u00e1ndonos una noche inolvidable llena de sus \u00e9xitos atemporales como \u201cDejar\u00eda Todo\u201d o \u201cY T\u00fa Te Vas\u201d<\/strong><\/p><\/blockquote>\n","protected":false},"excerpt":{"rendered":"<p>\u00a1El regreso m\u00e1s esperado! Chayanne, el querido \u201cPap\u00e1 de M\u00e9xico\u201d, vuelve a casa despu\u00e9s de siete largos a\u00f1os de ausencia, con su gira Bailemos Otra Vez Tour 2025. El \u00eddolo de millones volver\u00e1 a encender los escenarios en las siguientes ciudades:<\/p>\n","protected":false},"author":3,"featured_media":638560,"comment_status":"open","ping_status":"open","sticky":false,"template":"","format":"standard","meta":{"_monsterinsights_skip_tracking":false,"_monsterinsights_sitenote_active":false,"_monsterinsights_sitenote_note":"","_monsterinsights_sitenote_category":0,"footnotes":""},"categories":[12],"tags":[3293,100124],"class_list":["post-638447","post","type-post","status-publish","format-standard","has-post-thumbnail","hentry","category-espectaculos","tag-chayanne","tag-gnp-seguros"],"_links":{"self":[{"href":"https:\/\/www.diarioimagen.net\/index.php?rest_route=\/wp\/v2\/posts\/638447","targetHints":{"allow":["GET"]}}],"collection":[{"href":"https:\/\/www.diarioimagen.net\/index.php?rest_route=\/wp\/v2\/posts"}],"about":[{"href":"https:\/\/www.diarioimagen.net\/index.php?rest_route=\/wp\/v2\/types\/post"}],"author":[{"embeddable":true,"href":"https:\/\/www.diarioimagen.net\/index.php?rest_route=\/wp\/v2\/users\/3"}],"replies":[{"embeddable":true,"href":"https:\/\/www.diarioimagen.net\/index.php?rest_route=%2Fwp%2Fv2%2Fcomments&post=638447"}],"version-history":[{"count":0,"href":"https:\/\/www.diarioimagen.net\/index.php?rest_route=\/wp\/v2\/posts\/638447\/revisions"}],"wp:featuredmedia":[{"embeddable":true,"href":"https:\/\/www.diarioimagen.net\/index.php?rest_route=\/wp\/v2\/media\/638560"}],"wp:attachment":[{"href":"https:\/\/www.diarioimagen.net\/index.php?rest_route=%2Fwp%2Fv2%2Fmedia&parent=638447"}],"wp:term":[{"taxonomy":"category","embeddable":true,"href":"https:\/\/www.diarioimagen.net\/index.php?rest_route=%2Fwp%2Fv2%2Fcategories&post=638447"},{"taxonomy":"post_tag","embeddable":true,"href":"https:\/\/www.diarioimagen.net\/index.php?rest_route=%2Fwp%2Fv2%2Ftags&post=638447"}],"curies":[{"name":"wp","href":"https:\/\/api.w.org\/{rel}","templated":true}]}}