{"id":638454,"date":"2024-10-25T00:02:59","date_gmt":"2024-10-25T06:02:59","guid":{"rendered":"https:\/\/www.diarioimagen.net\/?p=638454"},"modified":"2024-10-25T01:57:46","modified_gmt":"2024-10-25T07:57:46","slug":"a-morena-le-urge-dar-la-imagen-de-que-sheinbaum-es-una-presidenta-fuerte","status":"publish","type":"post","link":"https:\/\/www.diarioimagen.net\/?p=638454","title":{"rendered":"A Morena le urge dar la imagen\u00a0de\u00a0que\u00a0Sheinbaum es\u00a0una\u00a0Presidenta fuerte"},"content":{"rendered":"<h2>La Retaguardia<\/h2>\n<h5>Adriana Moreno Cordero<\/h5>\n<p>&nbsp;<\/p>\n<ul>\n<li><strong><em>\u201cJal\u00f3n de orejas\u201d por partida doble al verde Arturo Escobar<\/em><\/strong><\/li>\n<\/ul>\n<p>&nbsp;<\/p>\n<p>Si algo qued\u00f3 demostrado en la semana que concluye es que la mayor\u00eda de Morena y aliados en el Congreso de la Uni\u00f3n no s\u00f3lo trabajan \u201cfast-track\u201d, sino que tambi\u00e9n lo hacen aun antes de que en Palacio Nacional les tiren \u201cl\u00ednea\u201d, para eso est\u00e1n m\u00e1s que prestos y todo indica que la gran preocupaci\u00f3n en el oficialismo es dar la imagen de que <strong>Claudia Sheinbaum<\/strong> es una Presidenta fuerte; les urge no s\u00f3lo a nivel nacional, tambi\u00e9n m\u00e1s all\u00e1 de nuestras fronteras, porque de seguir en esa l\u00ednea de confrontarse, no se espera que pueda pasar mucho.<\/p>\n<p>Es que, sin duda, muy mal parada qued\u00f3 la jefa del Ejecutivo luego de la visita del ministro de la Suprema Corte de Justicia de la Naci\u00f3n, (SCJN), <strong>Alfredo Guti\u00e9rrez Ortiz Mena<\/strong>, a una de las m\u00e1s prestigiadas escuelas de Derecho en Harvard y tanto alumnos como maestros se rieron de los requisitos que tiene la controvertida reforma al Poder Judicial para que se pueda aspirar a ser juez o magistrado. \u201cY no es chiste\u201d, dijo en ingl\u00e9s el ministro Guti\u00e9rrez Ortiz Mena.<\/p>\n<p>Como se recordar\u00e1, unos d\u00edas despu\u00e9s, la presidenta Sheinbaum Pardo, en su ma\u00f1anera del pueblo quiso salir como una especie de superhero\u00edna para, visiblemente molesta, en un intento de ser contundente, se\u00f1alar que \u201cnadie se burla de M\u00e9xico\u201d.<\/p>\n<p>Habr\u00eda que aclararle a la mandataria de M\u00e9xico que las risas y la burla no fueron para el pa\u00eds sino, ni m\u00e1s ni menos, para Morena por lo que este instituto pol\u00edtico y sus r\u00e9moras deber\u00edan de recapacitar en que eso les pasa por hacer las cosas v\u00eda \u201cfast-track\u201d; por no enterarse de lo que votan y por caminar hacia el autoritarismo.<\/p>\n<p>El caso es que Sheinbaum Pardo no logr\u00f3 tomar la faceta de superhero\u00edna dispuesta a defender a su Patria y al pueblo \u201csabio y bueno\u201d. De plano no le hicieron caso en el vecino pa\u00eds del norte y menos pensar que la escuela de Derecho de Harvard vaya a iniciar una investigaci\u00f3n sobre la corrupci\u00f3n en el Poder Judicial en M\u00e9xico.<\/p>\n<p>Tambi\u00e9n ser\u00eda recomendable que por aquellos lares investigaran sobre la corrupci\u00f3n guinda que inici\u00f3 en la errada y llamada Cuarta Transformaci\u00f3n y en su segundo piso, todo indica que contin\u00faa.<\/p>\n<p>Por eso, ante este evidente fracaso el oficialismo ahora -para variar- le ha dado por arremeter contra el Poder Judicial y la SCJN. Cuesti\u00f3n de reparar en lo dicho por la senadora <strong>Mal\u00fa Micher<\/strong>, s\u00ed, la misma que ha sido af\u00edn al flamante secretario de Econom\u00eda, <strong>Marcelo Ebrard<\/strong>, que por estos d\u00edas anda de vacaciones por Jap\u00f3n y ahora, de manera por dem\u00e1s encendida, defiende a Sheinbaum Pardo.<\/p>\n<p>De mucho ingl\u00e9s y poca \u00e9tica y falta de respeto a las instituciones, fue como la senadora Micher calific\u00f3 al ministro Ortiz Mena, que no hizo m\u00e1s que dar a conocer los requisitos que esta errada y llamada Cuarta Transformaci\u00f3n, en su segundo piso, impone a las personas que aspiran a ser jueces o magistrados.<\/p>\n<p>\u201cTenemos a un ministro burl\u00f3n, poco \u00e9tico, antidemocr\u00e1tico y abusivo de sus poderes porque se larga a Harvard y se burla del Poder Ejecutivo y de este Poder Legislativo, vaya ustedes y conozcan ustedes a este se\u00f1or\u201d, dijo espec\u00edficamente Marta Luc\u00eda M\u00edcher a quien le va a dar algo por hacer tan entripado coraje, \u00bfser\u00eda para quedar bien con la presidenta Sheinbaum?<\/p>\n<p>No, definitivamente no hay punto de comparaci\u00f3n entre la senadora M\u00edcher y el ministro Guti\u00e9rrez Ortiz Mena, as\u00ed que la primera no deber\u00eda comprarse pleitos que no van a ning\u00fan lado y en los que no obtendr\u00e1 respuesta.<\/p>\n<p>Otro detalle que no hay que soslayar. En uno de sus gustad\u00edsimos \u201cstand-up\u201d ma\u00f1aneros, el ex presidente Andr\u00e9s Manuel L\u00f3pez Obrador hablaba sobre la revocaci\u00f3n de mandato cuando se refiri\u00f3 a quienes estudiaron en Universidades tan prestigiosas como la de Harvard.<\/p>\n<p>\u201cImag\u00ednense, los que han estudiado en Harvard o en otras universidades del extranjero y aprenden a robar, a eso van, o a ayudar a que roben otros y que ellos reciban migajas del bot\u00edn. \u00bfPara qu\u00e9 entonces estudiar en esas circunstancias? Pero existe esa mentalidad, es una mentalidad elitista, clasista, racista\u201d.<\/p>\n<p>Esa es pues otra de las herencias que le deja el tabasque\u00f1o a su sucesora, quien por lo visto no ser\u00e1 ella la que enfrentar\u00e1 por lo menos este pleito, pues a su gabinete, -hay que recordar-, ha incorporado a personas que han estudiado en universidades extranjeras como la de Harvard.<\/p>\n<p>Retomando el inicio, otra de las cosas que hicieron los legisladores de Morena en sus intentos por presentar a Sheinbaum Pardo como una figura de peso, es que en el marco de la discusi\u00f3n de la controvertida \u201csupremac\u00eda constitucional\u201d, a la que la Presidenta le dio todo su apoyo y el pleito por la reforma judicial, inmediatamente Morena y sus aliados en el Senado aprobaron, con 81 votos a favor y 36 en contra, respaldar al Poder Ejecutivo en el desacato a la orden que dio una jueza para bajar la reforma judicial del <em>Diario Oficial de la Federaci\u00f3n.<\/em><\/p>\n<p style=\"text-align: center;\"><strong>Municiones<\/strong><\/p>\n<p><strong>***<\/strong> Y que le \u201cjalan las orejas\u201d de muy ruda manera al verde <strong>Arturo Escobar y Vega<\/strong> por haber causado tal rebambaramba el pasado mi\u00e9rcoles al emitir un bolet\u00edn con el logo del PVEM en rechazo a la iniciativa de supremac\u00eda constitucional. Desde luego, en las instalaciones del Senado de la Rep\u00fablica estuvo acompa\u00f1ado del senador <strong>Manuel Velasco<\/strong>, que si por algo se ha caracterizado es por hacerle el trabajo sucio a Morena, con eso no tiene ning\u00fan problema. Visiblemente temeroso, Escobar y Vega se deslind\u00f3 del referido comunicado y dijo que \u00e9l solo hab\u00eda subido algo a la red social \u201cX\u201d. \u201cYo, desde un espacio de ciudadan\u00eda y, por supuesto, como parte de la dirigencia del partido, tom\u00e9 un comentario personal sobre lo que yo pensaba. No hablaba ni busqu\u00e9 hablar en nombre de Manuel Velasco ni de Carlos Puente, pero al hacer estas modificaciones en las comisiones el d\u00eda de ayer, en mi caso, se materializaron mis preocupaciones, quedaron fuera del dictamen y, por lo tanto, no tengo ning\u00fan tipo de objeci\u00f3n a lo que hoy se va a discutir en el Pleno\u201d. Se nota que el rega\u00f1o fue por partida doble y en este sentido, hay que subrayar que Escobar y Vega est\u00e1 muy triste y desconsolado porque no tiene ning\u00fan cargo y se qued\u00f3 con las manos vac\u00edas.<\/p>\n<p><u><a href=\"mailto:morcora@gmail.com\" target=\"_blank\" rel=\"noopener noreferrer\"><em>morcora@gmail.com<\/em><\/a><\/u><\/p>\n","protected":false},"excerpt":{"rendered":"<p><span style=\"color: #005497;\"><strong>Adriana Moreno Cordero<\/strong><\/span><\/p>\n","protected":false},"author":3,"featured_media":0,"comment_status":"open","ping_status":"open","sticky":false,"template":"","format":"standard","meta":{"_monsterinsights_skip_tracking":false,"_monsterinsights_sitenote_active":false,"_monsterinsights_sitenote_note":"","_monsterinsights_sitenote_category":0,"footnotes":""},"categories":[69370],"tags":[69369,69368,43674],"class_list":["post-638454","post","type-post","status-publish","format-standard","hentry","category-adriana-moreno-cordero","tag-adriana-moreno-cordero","tag-la-retaguardia","tag-opinion"],"_links":{"self":[{"href":"https:\/\/www.diarioimagen.net\/index.php?rest_route=\/wp\/v2\/posts\/638454","targetHints":{"allow":["GET"]}}],"collection":[{"href":"https:\/\/www.diarioimagen.net\/index.php?rest_route=\/wp\/v2\/posts"}],"about":[{"href":"https:\/\/www.diarioimagen.net\/index.php?rest_route=\/wp\/v2\/types\/post"}],"author":[{"embeddable":true,"href":"https:\/\/www.diarioimagen.net\/index.php?rest_route=\/wp\/v2\/users\/3"}],"replies":[{"embeddable":true,"href":"https:\/\/www.diarioimagen.net\/index.php?rest_route=%2Fwp%2Fv2%2Fcomments&post=638454"}],"version-history":[{"count":0,"href":"https:\/\/www.diarioimagen.net\/index.php?rest_route=\/wp\/v2\/posts\/638454\/revisions"}],"wp:attachment":[{"href":"https:\/\/www.diarioimagen.net\/index.php?rest_route=%2Fwp%2Fv2%2Fmedia&parent=638454"}],"wp:term":[{"taxonomy":"category","embeddable":true,"href":"https:\/\/www.diarioimagen.net\/index.php?rest_route=%2Fwp%2Fv2%2Fcategories&post=638454"},{"taxonomy":"post_tag","embeddable":true,"href":"https:\/\/www.diarioimagen.net\/index.php?rest_route=%2Fwp%2Fv2%2Ftags&post=638454"}],"curies":[{"name":"wp","href":"https:\/\/api.w.org\/{rel}","templated":true}]}}