{"id":638620,"date":"2024-10-28T00:01:36","date_gmt":"2024-10-28T06:01:36","guid":{"rendered":"https:\/\/www.diarioimagen.net\/?p=638620"},"modified":"2024-10-28T02:06:19","modified_gmt":"2024-10-28T08:06:19","slug":"vive-latino-celebra-25-anos-de-amor-por-la-cultura-musical","status":"publish","type":"post","link":"https:\/\/www.diarioimagen.net\/?p=638620","title":{"rendered":"Vive Latino celebra 25 a\u00f1os de amor por la cultura\u00a0musical"},"content":{"rendered":"<p>&nbsp;<\/p>\n<h2 style=\"text-align: center;\">Presentado por Amazon el 15 y 16 de marzo 2025<\/h2>\n<p><strong>\u00a0<\/strong><\/p>\n<ul>\n<li><strong><em>Destaca la presencia en su cartel de Raphael, el <\/em>Divo de Linares<\/strong><\/li>\n<li><strong><em>Caifanes, Caloncho, Divisi\u00f3n Min\u00fascula, Ed\u00e9n Mu\u00f1oz, El Gran Silencio, Foster The People, Keane, Los \u00c1ngeles Azules, Molotov, Mon Laferte, Scorpions, Zo\u00e9 y m\u00e1s<\/em><\/strong><\/li>\n<\/ul>\n<p>&nbsp;<\/p>\n<div id=\"attachment_638736\" style=\"width: 470px\" class=\"wp-caption aligncenter\"><a href=\"https:\/\/www.diarioimagen.net\/?attachment_id=638736\" rel=\"attachment wp-att-638736\"><img loading=\"lazy\" decoding=\"async\" aria-describedby=\"caption-attachment-638736\" class=\"size-full wp-image-638736\" src=\"https:\/\/www.diarioimagen.net\/wp-content\/uploads\/2024\/10\/vive-latino.jpg\" alt=\"\" width=\"460\" height=\"270\" srcset=\"https:\/\/www.diarioimagen.net\/wp-content\/uploads\/2024\/10\/vive-latino.jpg 460w, https:\/\/www.diarioimagen.net\/wp-content\/uploads\/2024\/10\/vive-latino-240x141.jpg 240w\" sizes=\"auto, (max-width: 460px) 100vw, 460px\" \/><\/a><p id=\"caption-attachment-638736\" class=\"wp-caption-text\">El Heavy Metal de Alemania se har\u00e1 presente con Scorpions.<\/p><\/div>\n<p>&nbsp;<\/p>\n<p>Este 2025 ser\u00e1 el a\u00f1o en el que Vive Latino presentado por Amazon entra en su mejor momento, con toda la intensidad y locura que lo ha hecho inmortal, pero tambi\u00e9n con la sabidur\u00eda de quien ha aprendido a marcar su propio camino, y es que nos convertiremos en el primer festival del pa\u00eds en cumplir 25 a\u00f1os de celebrar la uni\u00f3n inquebrantable entre la m\u00fasica, el p\u00fablico y la energ\u00eda que cada a\u00f1o enciende el Festival Iberoamericano de Cultura Musical, Vive Latino.<\/p>\n<p>Hoy, con un grito de orgullo y una avalancha de emociones, anunciamos la 25\u00b0 edici\u00f3n de este ic\u00f3nico festival. Vive Latino presentado por Amazon ha crecido y se ha transformado, pero sigue manteniendo la esencia rebelde que lo ha hecho un referente de la cultura de nuestro pa\u00eds. Esta edici\u00f3n, la segunda en la que Amazon se une a la fiesta como presentador, ser\u00e1 muy especial, con m\u00e1s conciencia de lo que somos y lo que hemos logrado, pero siempre fieles a esa energ\u00eda salvaje que nos corre por las venas.<\/p>\n<p>\u00a1Bienvenidos a los primeros 25 a\u00f1os de Vive Latino presentado por Amazon, una celebraci\u00f3n de lo que hemos sido, lo que somos y lo que est\u00e1 por venir! El cartel es conformado por los siguientes talentos:<\/p>\n<p>Alto Grado, Arde Bogot\u00e1, <strong>Astropical<\/strong>, Aterciopelados, <strong>Caifanes<\/strong>, <strong>Caloncho<\/strong>, Ckovi, Clubz, Cuarteto De Nos, Daniel Me Est\u00e1s Matando, Dillom, <strong>Divisi\u00f3n Min\u00fascula<\/strong>, Draco Rosa, Drims, Duncan Dhu, Easykid, <strong>Eden Mu\u00f1oz<\/strong>, Efecto Pasillo, <strong>El Gran Silencio<\/strong>, El Harag\u00e1n Y Cia, El Kuelgue, \u00c9l Mat\u00f3 A Un Polic\u00eda Motorizado, <strong>Foster The People<\/strong>, Ginebras, Happy-Fi, Iseo &amp; Dodosound, Jay De La Cueva, Jesse Baez, Los K\u2019comxtles, <strong>Kany Garc\u00eda<\/strong>, <strong>Keane<\/strong>, Kikuo, La Delio Valdez, La Lupita, La Sant\u00edsima Voladora, Le\u00f3n Benavente, <strong>Little Jes\u00fas<\/strong>, <strong>Los \u00c1ngeles Azules<\/strong>, Los Concorde, Los Ezquizitos, Los Planetas, Los Petitfellas, Meme Del Real, Midnight Generation, Molotov, <strong>Mon Laferte<\/strong>, Motel, <strong>Nortec: Bostich + Fussible<\/strong>, Mikel, Izal, <strong>Porter<\/strong>, Pressive, <strong>Raphael<\/strong>, Royal Republic, <strong>R\u00fcf\u00fcs Du Sol<\/strong>, <strong>Scorpions<\/strong>, <strong>Sepultura<\/strong>, <strong>Siddhartha<\/strong>, The Guapos, Robot95, Usted Se\u00f1\u00e1lemelo, V\u00edctimas del Dr. Cerebro, Vilma Palma E Vampiros y <strong>Zo\u00e9<\/strong>.<\/p>\n<p>En estos a\u00f1os, m\u00e1s de 1,200 bandas de 54 pa\u00edses de los 5 continentes han pisado los escenarios del Vive Latino presentado por Amazon, trayendo consigo una mezcla de rock, pop, ritmos tribales y sonidos que resuenan en las ra\u00edces m\u00e1s profundas de las culturas del mundo. Es un espacio donde la m\u00fasica se convierte en un lenguaje universal, una puerta hacia un universo de sensaciones que transforma y une a quienes han tenido la suerte de estar ah\u00ed.<\/p>\n<p>Esteban Azuela es el creador del dise\u00f1o gr\u00e1fico de esta edici\u00f3n tan especial, una propuesta visual que refleja la esencia de este a\u00f1o. Esteban nos explica un poco de lo que se trata esta obra para los 25 a\u00f1os: \u201cEl Vive Latino presentado por Amazon es un ser que encarna la ciudad por dos d\u00edas, se levanta desde el concreto para gozar despu\u00e9s de dormirse por un a\u00f1o bajo la tierra y as\u00ed, invocar a una catarsis masiva al ritmo de la m\u00fasica. Este cartel del VLXXV por L\u00cdNEA2 es una oda a la CDMX, una ciudad en constante movimiento y reconstrucci\u00f3n, donde se encuentra la belleza en el caos cuando suena la m\u00fasica en la piel de su concreto\u201d.<\/p>\n<p>La emoci\u00f3n ya est\u00e1 en el aire y la 25\u00b0 edici\u00f3n ser\u00e1 inolvidable. Es un cuarto de siglo de momentos \u00e9picos, de conciertos que te dejan sin aliento y de un legado que ha consolidado al Vive Latino presentado por Amazon como uno de los festivales m\u00e1s importantes de Iberoam\u00e9rica.<\/p>\n<p>&nbsp;<\/p>\n<blockquote><p><strong>Celebremos juntos 25 a\u00f1os de m\u00fasica, cultura y pasi\u00f3n. \u00a1Nos vemos en Vive Latino presentado por Amazon, donde los acordes se convierten en leyenda y las emociones explotan al ritmo del rock!<\/strong><\/p><\/blockquote>\n","protected":false},"excerpt":{"rendered":"<p>Este 2025 ser\u00e1 el a\u00f1o en el que Vive Latino presentado por Amazon entra en su mejor momento, con toda la intensidad y locura que lo ha hecho inmortal, pero tambi\u00e9n con la sabidur\u00eda de quien ha aprendido a marcar su propio camino, y es que nos convertiremos en el primer festival del pa\u00eds en cumplir 25 a\u00f1os de celebrar la uni\u00f3n inquebrantable entre la m\u00fasica, el p\u00fablico y la energ\u00eda que cada a\u00f1o enciende el Festival Iberoamericano de Cultura Musical, Vive Latino.<\/p>\n","protected":false},"author":3,"featured_media":638736,"comment_status":"open","ping_status":"open","sticky":false,"template":"","format":"standard","meta":{"_monsterinsights_skip_tracking":false,"_monsterinsights_sitenote_active":false,"_monsterinsights_sitenote_note":"","_monsterinsights_sitenote_category":0,"footnotes":""},"categories":[12],"tags":[21999,40123,43682,5995],"class_list":["post-638620","post","type-post","status-publish","format-standard","has-post-thumbnail","hentry","category-espectaculos","tag-aniversario","tag-celebra","tag-espectaculos","tag-vive-latino"],"_links":{"self":[{"href":"https:\/\/www.diarioimagen.net\/index.php?rest_route=\/wp\/v2\/posts\/638620","targetHints":{"allow":["GET"]}}],"collection":[{"href":"https:\/\/www.diarioimagen.net\/index.php?rest_route=\/wp\/v2\/posts"}],"about":[{"href":"https:\/\/www.diarioimagen.net\/index.php?rest_route=\/wp\/v2\/types\/post"}],"author":[{"embeddable":true,"href":"https:\/\/www.diarioimagen.net\/index.php?rest_route=\/wp\/v2\/users\/3"}],"replies":[{"embeddable":true,"href":"https:\/\/www.diarioimagen.net\/index.php?rest_route=%2Fwp%2Fv2%2Fcomments&post=638620"}],"version-history":[{"count":0,"href":"https:\/\/www.diarioimagen.net\/index.php?rest_route=\/wp\/v2\/posts\/638620\/revisions"}],"wp:featuredmedia":[{"embeddable":true,"href":"https:\/\/www.diarioimagen.net\/index.php?rest_route=\/wp\/v2\/media\/638736"}],"wp:attachment":[{"href":"https:\/\/www.diarioimagen.net\/index.php?rest_route=%2Fwp%2Fv2%2Fmedia&parent=638620"}],"wp:term":[{"taxonomy":"category","embeddable":true,"href":"https:\/\/www.diarioimagen.net\/index.php?rest_route=%2Fwp%2Fv2%2Fcategories&post=638620"},{"taxonomy":"post_tag","embeddable":true,"href":"https:\/\/www.diarioimagen.net\/index.php?rest_route=%2Fwp%2Fv2%2Ftags&post=638620"}],"curies":[{"name":"wp","href":"https:\/\/api.w.org\/{rel}","templated":true}]}}